{"id":16057,"date":"2022-01-10T12:09:29","date_gmt":"2022-01-10T09:09:29","guid":{"rendered":"http:\/\/akdenizolaygazetesi.com\/?p=16057"},"modified":"2022-01-10T12:09:44","modified_gmt":"2022-01-10T09:09:44","slug":"boyle-bir-karar-alinirken-mersin-buyuksehir-belediyesinden-gorus-alinmamasinin-gerekceleri-nelerdir","status":"publish","type":"post","link":"https:\/\/akdenizolaygazetesi.com\/?p=16057","title":{"rendered":"&#8216;B\u00f6yle bir karar al\u0131n\u0131rken Mersin B\u00fcy\u00fck\u015fehir Belediyesi&#8217;nden g\u00f6r\u00fc\u015f al\u0131nmamas\u0131n\u0131n gerek\u00e7eleri nelerdir?&#8217;"},"content":{"rendered":"<p>CHP Mersin Milletvekili Ali Mahir Ba\u015far\u0131r Mersin \u0130lindeki baz\u0131 mahallelerdeki yerlerin orman s\u0131n\u0131rlar\u0131 d\u0131\u015far\u0131s\u0131na \u00e7\u0131kar\u0131lmas\u0131n\u0131 Meclis g\u00fcndemine ta\u015f\u0131d\u0131.<\/p>\n<p>Daha hen\u00fcz ge\u00e7ti\u011fimiz yaz ormanl\u0131k alanlar\u0131m\u0131z\u0131n b\u00fcy\u00fck bir k\u0131sm\u0131 yan\u0131p k\u00fcl olmu\u015fken Cumhurba\u015fkanl\u0131\u011f\u0131nca al\u0131nan bu karar\u0131n do\u011fru olmad\u0131\u011f\u0131n\u0131 ifade eden CHP&#8217;li Ba\u015far\u0131r, &#8220;Al\u0131nan kararda gerek\u00e7e olarak bilim ve fen bak\u0131m\u0131ndan orman olarak muhafazas\u0131nda hi\u00e7bir yarar g\u00f6r\u00fclmedi\u011fi s\u00f6yleniyor. Ke\u015fke al\u0131nan karar\u0131n ekinde ne gibi bilimsel \u00e7al\u0131\u015fmalar yap\u0131ld\u0131\u011f\u0131n\u0131 da yazsalard\u0131. Ayr\u0131ca Mersin B\u00fcy\u00fck\u015fehir Belediyesi&#8217;nden g\u00f6r\u00fc\u015f almaya bile gerek duymadan bir gecede b\u00f6yle bir karar\u0131n al\u0131nmas\u0131 tam olarak ben yapt\u0131m oldu anlay\u0131\u015f\u0131ndan ba\u015fka bir \u015fey de\u011fildir.&#8221; dedi.<\/p>\n<p>CHP Mersin Milletvekili Ali Mahir Ba\u015far\u0131r, Cumhurba\u015fkan\u0131 Yard\u0131mc\u0131s\u0131 Fuat Oktay&#8217;\u0131n yan\u0131tlamas\u0131 istemi ile vermi\u015f oldu\u011fu \u00f6nergesinde;<\/p>\n<p>&#8220;6 Ocak 2022 tarih ve 5085 say\u0131l\u0131 Cumhurba\u015fkan\u0131 Karar\u0131 ile Mersin \u0130li, Yeni\u015fehir \u0130l\u00e7esi, \u00c7avak Mahallesi, Mezitli \u0130l\u00e7esi Boz\u00f6n Mahallesi, Bozyaz\u0131 \u0130l\u00e7esi, Tekmen Mahallesi, \u00c7aml\u0131yayla \u0130l\u00e7esi, \u00c7ay\u0131rekinli\u011fi Mahallesi, Mut \u0130l\u00e7esi, Narl\u0131 Mahallesi ve Akdeniz \u0130l\u00e7esi, Evci Mahallesi ve Ankara&#8217;n\u0131n baz\u0131 mahallelerinde bulunan yerleri orman s\u0131n\u0131rlar\u0131 d\u0131\u015far\u0131s\u0131na \u00e7\u0131kar\u0131lmas\u0131na karar verilmi\u015ftir.<br \/>\nAl\u0131nan kararda da gerek\u00e7e olarak bilim ve fen bak\u0131m\u0131ndan orman olarak muhafazas\u0131nda hi\u00e7bir yarar g\u00f6r\u00fclmeyen ve tar\u0131m alan\u0131na d\u00f6n\u00fc\u015ft\u00fcr\u00fclmesi de m\u00fcmk\u00fcn olmayan yerler veya 28\/4\/2018 tarihinden \u00f6nce yerle\u015fim yeri bulunan yerler denilmi\u015ftir&#8221; a\u00e7\u0131klamalar\u0131na yer vererek \u015fu sorular\u0131n yan\u0131tlanmas\u0131n\u0131 istedi:<\/p>\n<p>Hen\u00fcz ge\u00e7ti\u011fimiz yaz aylar\u0131nda Mersin ili dahil olmak \u00fczere ortaya \u00e7\u0131kan orman yang\u0131nlar\u0131 \u00fclkemizi kas\u0131p kavurmu\u015fken b\u00f6yle bir karar\u0131n al\u0131nmas\u0131 ne derecede do\u011frudur?<br \/>\nB\u00f6yle bir karar al\u0131n\u0131rken Mersin B\u00fcy\u00fck\u015fehir Belediyesi&#8217;nden g\u00f6r\u00fc\u015f al\u0131nmamas\u0131n\u0131n gerek\u00e7eleri nelerdir?<br \/>\nMersin B\u00fcy\u00fck\u015fehir Belediye&#8217;sinin g\u00f6r\u00fc\u015f\u00fcne gerek duymadan bir gecede b\u00f6yle bir karar al\u0131nmas\u0131 ne derecede do\u011fru bir yakla\u015f\u0131md\u0131r?<br \/>\nGerek\u00e7ede belirtilen bilim ve fen bak\u0131m\u0131ndan orman olarak muhafazas\u0131nda yer olmad\u0131\u011f\u0131 g\u00f6r\u00fc\u015f\u00fcne hangi inceleme ve ara\u015ft\u0131rmalar sonucunda karar verilmi\u015ftir? Bilimsel olarak ne gibi \u00e7al\u0131\u015fmalar yap\u0131lm\u0131\u015ft\u0131r da bu karar verilmi\u015ftir?<br \/>\nAl\u0131nan bu karardaki ama\u00e7, \u00e7e\u015fitli gerek\u00e7eler alt\u0131nda TOK\u0130&#8217;ye arazi a\u00e7mak m\u0131d\u0131r?<br \/>\n\u00dclkemizdeki ormanl\u0131k arazilerimiz b\u00fcy\u00fck \u00e7apta \u00e7\u0131kan yang\u0131nlarla heba olmu\u015fken al\u0131nan bu karardan vazge\u00e7ilecek midir?<br \/>\n2018 y\u0131l\u0131ndan \u00f6nergenin yan\u0131tland\u0131\u011f\u0131 tarihe kadar hangi illerde, ne kadar alan  orman s\u0131n\u0131rlar\u0131 d\u0131\u015far\u0131s\u0131na \u00e7\u0131kar\u0131lm\u0131\u015ft\u0131r?<\/p>\n","protected":false},"excerpt":{"rendered":"<p>CHP Mersin Milletvekili Ali Mahir Ba\u015far\u0131r Mersin \u0130lindeki baz\u0131 mahallelerdeki yerlerin orman s\u0131n\u0131rlar\u0131 d\u0131\u015far\u0131s\u0131na \u00e7\u0131kar\u0131lmas\u0131n\u0131 Meclis g\u00fcndemine ta\u015f\u0131d\u0131. Daha hen\u00fcz ge\u00e7ti\u011fimiz yaz ormanl\u0131k alanlar\u0131m\u0131z\u0131n b\u00fcy\u00fck bir k\u0131sm\u0131 yan\u0131p k\u00fcl olmu\u015fken &hellip; <a href=\"https:\/\/akdenizolaygazetesi.com\/?p=16057\" class=\"more-link\">Devam\u0131n\u0131 Oku&#8230;<\/a><\/p>\n","protected":false},"author":2,"featured_media":16058,"comment_status":"open","ping_status":"open","sticky":false,"template":"","format":"standard","meta":[],"categories":[8,1,2,3,5],"tags":[],"_links":{"self":[{"href":"https:\/\/akdenizolaygazetesi.com\/index.php?rest_route=\/wp\/v2\/posts\/16057"}],"collection":[{"href":"https:\/\/akdenizolaygazetesi.com\/index.php?rest_route=\/wp\/v2\/posts"}],"about":[{"href":"https:\/\/akdenizolaygazetesi.com\/index.php?rest_route=\/wp\/v2\/types\/post"}],"author":[{"embeddable":true,"href":"https:\/\/akdenizolaygazetesi.com\/index.php?rest_route=\/wp\/v2\/users\/2"}],"replies":[{"embeddable":true,"href":"https:\/\/akdenizolaygazetesi.com\/index.php?rest_route=%2Fwp%2Fv2%2Fcomments&post=16057"}],"version-history":[{"count":2,"href":"https:\/\/akdenizolaygazetesi.com\/index.php?rest_route=\/wp\/v2\/posts\/16057\/revisions"}],"predecessor-version":[{"id":16060,"href":"https:\/\/akdenizolaygazetesi.com\/index.php?rest_route=\/wp\/v2\/posts\/16057\/revisions\/16060"}],"wp:featuredmedia":[{"embeddable":true,"href":"https:\/\/akdenizolaygazetesi.com\/index.php?rest_route=\/wp\/v2\/media\/16058"}],"wp:attachment":[{"href":"https:\/\/akdenizolaygazetesi.com\/index.php?rest_route=%2Fwp%2Fv2%2Fmedia&parent=16057"}],"wp:term":[{"taxonomy":"category","embeddable":true,"href":"https:\/\/akdenizolaygazetesi.com\/index.php?rest_route=%2Fwp%2Fv2%2Fcategories&post=16057"},{"taxonomy":"post_tag","embeddable":true,"href":"https:\/\/akdenizolaygazetesi.com\/index.php?rest_route=%2Fwp%2Fv2%2Ftags&post=16057"}],"curies":[{"name":"wp","href":"https:\/\/api.w.org\/{rel}","templated":true}]}}