{"id":1606,"date":"2020-11-04T18:22:09","date_gmt":"2020-11-04T15:22:09","guid":{"rendered":"http:\/\/mersinekonomipolitikagazetesi.com\/?p=1606"},"modified":"2020-11-04T18:22:09","modified_gmt":"2020-11-04T15:22:09","slug":"mersin-teknolojisinde-ortak-calisma","status":"publish","type":"post","link":"https:\/\/akdenizolaygazetesi.com\/?p=1606","title":{"rendered":"MERS\u0130N TEKNOLOJ\u0130S\u0130NDE ORTAK \u00c7ALI\u015eMA"},"content":{"rendered":"<p>MTSO taraf\u0131ndan \u2018Dijitalle\u015fme Yolunda Ortak Vizyon Toplant\u0131s\u0131\u2019 d\u00fczenlenerek bir\u00e7ok teknoloji firman\u0131n da bir araya gelmesiyle sekt\u00f6r\u00fcn ortak yol haritas\u0131 \u00e7al\u0131\u015fmalar\u0131 belirlendi.<\/p>\n<blockquote type=\"cite\">\n<div dir=\"ltr\">\n<p><span style=\"font-size:16px;\">Mersin Ticaret ve Sanayi Odas\u0131 9 No\u2019lu Bilgisayar, Elektrik, Elektronik, Telekom\u00fcnikasyon ve B\u00fcro Cihazlar\u0131 Meslek Komitesi, Dijitalle\u015fme Yolunda Ortak Vizyon Toplant\u0131s\u0131 d\u00fczenledi.<\/span><\/p>\n<p>\u00a0<\/p>\n<p><span style=\"font-size:16px;\">Bir araya gelen teknoloji firmalar\u0131, start-up\u2019lar, yaz\u0131l\u0131mc\u0131lar, donan\u0131mc\u0131lar, \u00fcniversite temsilcileri, Teknopark, \u00c7KA, k\u0131sacas\u0131 kamu ve \u00f6zel sekt\u00f6r temsilcilerinden olu\u015fan t\u00fcm payda\u015flar sekt\u00f6r\u00fcn swot analizinin yap\u0131ld\u0131\u011f\u0131 sorunlar tespit edildi.<\/span><\/p>\n<p><span style=\"font-size:16px;\">Yap\u0131lan tespit sorunlar\u0131 g\u00f6z \u00f6n\u00fcnde bulundurarak \u00e7\u00f6z\u00fcmler \u00fcretilerek bu \u00e7\u00f6z\u00fcmlerde etkili olacak kurumlar ve kimlerin bu \u00e7al\u0131\u015fmalar\u0131n takip\u00e7isi olaca\u011f\u0131 belirtildi.<\/span><\/p>\n<p><span style=\"font-size:16px;\">Toplant\u0131da MTSO Meclis \u00dcyesi ve 9 No\u2019lu Komite \u00dcyesi Murat Y\u00fcksekba\u015f a\u00e7\u0131l\u0131\u015f konu\u015fmas\u0131n\u0131 ger\u00e7ekle\u015ftirdi.<\/span><\/p>\n<p>\u00a0<\/p>\n<p><span style=\"font-size:16px;\">\u201cB\u0130R MASADA OTURUP ORTAK AKIL ARAMAYI YEN\u0130 YEN\u0130 \u00d6\u011eREND\u0130K\u201d<\/span><\/p>\n<p>\u00a0<\/p>\n<p><span style=\"font-size:16px;\">D\u00fczenlenen ortak ak\u0131l toplant\u0131s\u0131nda t\u00fcm sekt\u00f6rlere bu teknolojileri adapte etmenin tek ba\u015f\u0131na yeterli olmad\u0131\u011f\u0131n\u0131 vurgulayan Y\u00fcksekba\u015f, bu teknolojilerin yerli firmalar taraf\u0131ndan \u00fcretmesi ve katma de\u011ferin \u00fclkede kalmas\u0131 \u00f6nemli oldu\u011funu belirterek \u201c\u00a0 Hatta bunun \u00f6tesinde, Sanayi 4.0\u2019\u0131 uygulayan \u00f6nc\u00fc ekonomiler aras\u0131nda yer almak \u00fclkemiz i\u00e7in ka\u00e7\u0131n\u0131lmaz bir ger\u00e7ektir. Bu nedenle her ge\u00e7en g\u00fcn geli\u015fen dijital tabanl\u0131 sekt\u00f6r; hem \u00fclkemizin, hem de kentimizin omurga sekt\u00f6rlerinden biri haline gelmi\u015ftir\u201d ifadelerini kulland\u0131.<\/span><\/p>\n<p><span style=\"font-size:16px;\">Y\u00fcksekba\u015f: \u201cT\u00fcrkiye\u2019nin Ar-Ge, markala\u015fma, y\u00fcksek teknolojiye ge\u00e7i\u015fle, yenilik\u00e7ilik, patent ve kalite kavramlar\u0131 ile \u00e7ok ge\u00e7 tan\u0131\u015ft\u0131. Bir masada oturup ortak ak\u0131l aramay\u0131 yeni yeni \u00f6\u011frendik. Me\u011fer t\u00fcm sorunlar\u0131n cevab\u0131 buradaym\u0131\u015f\u201d \u015feklinde konu\u015ftu.<\/span><\/p>\n<p>\u00a0<\/p>\n<p><span style=\"font-size:16px;\">Y\u00fcksekba\u015f, \u201cBu kadar etkili ve tecr\u00fcbeli kat\u0131l\u0131mc\u0131n\u0131n yarataca\u011f\u0131 ortak akl\u0131n ve birlikteli\u011fin, bu g\u00fcc\u00fcn ve ak\u0131l birlikteli\u011finin\u00a0 hem var olan sorunlar\u0131n tespit ve \u00e7\u00f6z\u00fcm\u00fcnde, hem de gelece\u011fe ait teknoloji politikalar\u0131m\u0131z\u0131n ve Mersin Dijitalle\u015fme Yolunda Ortak Vizyon Strateji\u00a0 Belgesinin ortaya \u00e7\u0131kmas\u0131nda, planlar\u0131n g\u00fcncellenmesinde ola\u011fan \u00fcst\u00fc bir katk\u0131 koyacakt\u0131r.\u201d dedi.<\/span><\/p>\n<p>\u00a0<\/p>\n<p><span style=\"font-size:16px;\">\u201c\u0130\u015e B\u0130RL\u0130\u011e\u0130, EL B\u0130RL\u0130\u011e\u0130 \u0130\u00c7\u0130NDE OLMAK MERS\u0130N\u2019\u0130N \u00d6N\u00dcNDEK\u0130 ENGELLER\u0130 KALDIRMAKTIR\u201d<\/span><\/p>\n<p>\u00a0<\/p>\n<p><span style=\"font-size:16px;\">Y\u00fcksekba\u015f: \u201cKimse bizim derdimizi bizden daha iyi anlayamaz. Sorunlar bizimse \u00e7\u00f6z\u00fcmler de bizim olmal\u0131.\u201d diye dikkat \u00e7ekerek daha ger\u00e7ek\u00e7i sorunlar ve \u00e7\u00f6z\u00fcmler re\u00e7etesi ortaya \u00e7\u0131kaca\u011f\u0131na inand\u0131\u011f\u0131n\u0131 belirtti. Y\u00fcksekba\u015f, \u201cBuraya ne bir su\u00e7lu aramaya geldik, ne de birilerini veya birbirimizi ele\u015ftirmeye. Bu salondaki herkes; ister kamu aya\u011f\u0131 olsun, ister \u00f6zel sekt\u00f6r, ister akademisyen; hepimizin tek derdi var; o da, nereden kaynaklan\u0131rsa kaynaklans\u0131n, sorunlar\u0131 belirlemek, \u00e7\u00f6z\u00fcm \u00f6nerisi getirmek, ortak akl\u0131 yakalamak ve i\u015f birli\u011fi, el birli\u011fi i\u00e7inde Mersin\u2019in \u00f6n\u00fcndeki engelleri kald\u0131rmakt\u0131r\u201d diye kaydetti.<\/span><\/p>\n<p>\u00a0<\/p>\n<p><span style=\"font-size:16px;\">Toplant\u0131n\u0131n son b\u00f6l\u00fcm\u00fcnde s\u00f6z hakk\u0131 alan Mersin Teknopark Genel M\u00fcd\u00fcr\u00fc \u00d6zg\u00fcr Durmaz ise teknopark hakk\u0131nda bilgi vererek kentin y\u00fcksek teknolojide ilerleyebilmesinde teknopark\u0131n \u00f6nemli oldu\u011fu dile getirdi.<\/span><\/p>\n<\/div>\n<\/blockquote>\n","protected":false},"excerpt":{"rendered":"<p>MTSO taraf\u0131ndan \u2018Dijitalle\u015fme Yolunda Ortak Vizyon Toplant\u0131s\u0131\u2019 d\u00fczenlenerek bir\u00e7ok teknoloji firman\u0131n da bir araya gelmesiyle sekt\u00f6r\u00fcn ortak yol haritas\u0131 \u00e7al\u0131\u015fmalar\u0131 belirlendi. Mersin Ticaret ve Sanayi Odas\u0131 9 No\u2019lu Bilgisayar, Elektrik, &hellip; <a href=\"https:\/\/akdenizolaygazetesi.com\/?p=1606\" class=\"more-link\">Devam\u0131n\u0131 Oku&#8230;<\/a><\/p>\n","protected":false},"author":1,"featured_media":0,"comment_status":"open","ping_status":"open","sticky":false,"template":"","format":"standard","meta":[],"categories":[],"tags":[],"_links":{"self":[{"href":"https:\/\/akdenizolaygazetesi.com\/index.php?rest_route=\/wp\/v2\/posts\/1606"}],"collection":[{"href":"https:\/\/akdenizolaygazetesi.com\/index.php?rest_route=\/wp\/v2\/posts"}],"about":[{"href":"https:\/\/akdenizolaygazetesi.com\/index.php?rest_route=\/wp\/v2\/types\/post"}],"author":[{"embeddable":true,"href":"https:\/\/akdenizolaygazetesi.com\/index.php?rest_route=\/wp\/v2\/users\/1"}],"replies":[{"embeddable":true,"href":"https:\/\/akdenizolaygazetesi.com\/index.php?rest_route=%2Fwp%2Fv2%2Fcomments&post=1606"}],"version-history":[{"count":0,"href":"https:\/\/akdenizolaygazetesi.com\/index.php?rest_route=\/wp\/v2\/posts\/1606\/revisions"}],"wp:attachment":[{"href":"https:\/\/akdenizolaygazetesi.com\/index.php?rest_route=%2Fwp%2Fv2%2Fmedia&parent=1606"}],"wp:term":[{"taxonomy":"category","embeddable":true,"href":"https:\/\/akdenizolaygazetesi.com\/index.php?rest_route=%2Fwp%2Fv2%2Fcategories&post=1606"},{"taxonomy":"post_tag","embeddable":true,"href":"https:\/\/akdenizolaygazetesi.com\/index.php?rest_route=%2Fwp%2Fv2%2Ftags&post=1606"}],"curies":[{"name":"wp","href":"https:\/\/api.w.org\/{rel}","templated":true}]}}