{"id":16061,"date":"2022-01-10T12:11:43","date_gmt":"2022-01-10T09:11:43","guid":{"rendered":"http:\/\/akdenizolaygazetesi.com\/?p=16061"},"modified":"2022-01-10T12:11:43","modified_gmt":"2022-01-10T09:11:43","slug":"tarsuslu-bisikletcilerden-kazanli-sahilinde-temizlik","status":"publish","type":"post","link":"https:\/\/akdenizolaygazetesi.com\/?p=16061","title":{"rendered":"Tarsuslu bisiklet\u00e7ilerden Kazanl\u0131 sahilinde temizlik"},"content":{"rendered":"<p>Kaynaklar\u0131n verimli kullan\u0131l\u0131p israf\u0131n \u00f6nlenmesi ve at\u0131k olu\u015fumunun minimum seviyeye indirilmesi amac\u0131yla \u00fclke genelinde ba\u015flat\u0131lan \u201cS\u0131f\u0131r At\u0131k Projesi\u201d kapsam\u0131nda \u00e7al\u0131\u015fmalar\u0131n\u0131 s\u00fcrd\u00fcren Akdeniz Belediyesi, k\u00fc\u00e7\u00fck \u00e7ocuklara temiz ve sa\u011fl\u0131kl\u0131 \u00e7evre bilincini a\u015f\u0131lamak amac\u0131yla proje ve etkinliklerine devam ediyor.<br \/>\nAkdeniz Belediyesi, \u201cS\u0131f\u0131r At\u0131k E\u011fitim Projesi\u201d kapsam\u0131nda haz\u0131rlanan ve \u00e7ocuklara s\u00fcrd\u00fcr\u00fclebilir ya\u015fam becerilerini benimsetmeyi ama\u00e7layan etkinlikler dizisini s\u00fcrd\u00fcr\u00fcyor. Bu ama\u00e7la \u00c7evre Koruma ve Kontrol M\u00fcd\u00fcrl\u00fc\u011f\u00fc taraf\u0131ndan, il\u00e7e s\u0131n\u0131rlar\u0131 i\u00e7erisinde bulunan okullarda okuyan k\u00fc\u00e7\u00fck \u00f6\u011frencilere, geri d\u00f6n\u00fc\u015f\u00fcm\u00fcn \u00f6nemi, s\u0131f\u0131r at\u0131k y\u00f6netimi, at\u0131klar\u0131n kayna\u011f\u0131nda ayr\u0131\u015ft\u0131r\u0131lmas\u0131 ve temiz \u00e7evre konular\u0131nda bilin\u00e7lendirme e\u011fitimleri verildi.<br \/>\nAkdenizli \u00f6\u011frenciler ayr\u0131ca, belediyenin geri d\u00f6n\u00fc\u015f\u00fcm, her t\u00fcrl\u00fc ambalaj ve at\u0131k y\u00f6netimi konular\u0131nda anla\u015fma yapt\u0131\u011f\u0131 \u00c7EVDOSAN firmas\u0131na da teknik bir geziye g\u00f6t\u00fcr\u00fclerek, burada yine uzmanlar taraf\u0131ndan geri d\u00f6n\u00fc\u015f\u00fcm \u00e7al\u0131\u015fmalar\u0131, at\u0131k y\u00f6netimi, temiz ve sa\u011fl\u0131kl\u0131 \u00e7evrenin sa\u011flan\u0131p s\u00fcrd\u00fcr\u00fclmesi konular\u0131nda bilin\u00e7lendirildi.<br \/>\nTarsuslu bisiklet\u00e7ilerden Kazanl\u0131 sahilinde temizlik<br \/>\n\u00d6te yandan, Tarsus Bisiklet Toplulu\u011fu\u2019nun (TAB\u0130T) sosyal fark\u0131ndal\u0131k projesi kapsam\u0131nda, nesli t\u00fckenme riskiyle kar\u015f\u0131 kar\u015f\u0131ya oldu\u011fu i\u00e7in t\u00fcm d\u00fcnyada koruma alt\u0131na al\u0131nan Caretta Caretta Deniz Kaplumba\u011falar\u0131\u2019n\u0131n yuva yap\u0131p yumurta b\u0131rakt\u0131\u011f\u0131 Kazanl\u0131 sahilinde ger\u00e7ekle\u015ftirdi\u011fi temizlik \u00e7al\u0131\u015fmas\u0131yla toplanan po\u015fetler dolusu \u00e7\u00f6p ve at\u0131klar da ekipler taraf\u0131ndan \u00e7\u00f6p kamyonlar\u0131na y\u00fcklenip sahilden \u00e7\u0131kar\u0131ld\u0131.<br \/>\nS\u0131f\u0131r At\u0131k Projesi Hakk\u0131nda\u2026<br \/>\n\u201cS\u0131f\u0131r At\u0131k\u201d; israf\u0131n \u00f6nlenerek kaynaklar\u0131n verimli kullan\u0131lmas\u0131n\u0131, at\u0131k olu\u015fumunun engellenmesi veya minimize edilmesi, olu\u015fan at\u0131klar\u0131n ise kayna\u011f\u0131nda ayr\u0131 toplan\u0131p geri kazan\u0131m\u0131n\u0131n sa\u011flanmas\u0131n\u0131 hedefleyen \u2018at\u0131k y\u00f6netim s\u00fcrecidir. \u00c7ocuklar\u0131n, \u2018S\u0131f\u0131r At\u0131k E\u011fitim Projesi\u2019 kapsam\u0131nda do\u011fal varl\u0131klar\u0131n korunmas\u0131, do\u011fa dostu t\u00fcketim al\u0131\u015fkanl\u0131klar\u0131 ve at\u0131klar\u0131n y\u00f6netimi konular\u0131nda fark\u0131ndal\u0131klar\u0131n\u0131n artmas\u0131 amac\u0131yla, uzmanlar ve \u00f6\u011fretmenler rehberli\u011finde etkinlik, uygulama, film ve e\u011fitim materyalleri geli\u015ftirilmesini kaps\u0131yor.<\/p>\n","protected":false},"excerpt":{"rendered":"<p>Kaynaklar\u0131n verimli kullan\u0131l\u0131p israf\u0131n \u00f6nlenmesi ve at\u0131k olu\u015fumunun minimum seviyeye indirilmesi amac\u0131yla \u00fclke genelinde ba\u015flat\u0131lan \u201cS\u0131f\u0131r At\u0131k Projesi\u201d kapsam\u0131nda \u00e7al\u0131\u015fmalar\u0131n\u0131 s\u00fcrd\u00fcren Akdeniz Belediyesi, k\u00fc\u00e7\u00fck \u00e7ocuklara temiz ve sa\u011fl\u0131kl\u0131 \u00e7evre bilincini &hellip; <a href=\"https:\/\/akdenizolaygazetesi.com\/?p=16061\" class=\"more-link\">Devam\u0131n\u0131 Oku&#8230;<\/a><\/p>\n","protected":false},"author":2,"featured_media":16062,"comment_status":"open","ping_status":"open","sticky":false,"template":"","format":"standard","meta":[],"categories":[2,3,5],"tags":[],"_links":{"self":[{"href":"https:\/\/akdenizolaygazetesi.com\/index.php?rest_route=\/wp\/v2\/posts\/16061"}],"collection":[{"href":"https:\/\/akdenizolaygazetesi.com\/index.php?rest_route=\/wp\/v2\/posts"}],"about":[{"href":"https:\/\/akdenizolaygazetesi.com\/index.php?rest_route=\/wp\/v2\/types\/post"}],"author":[{"embeddable":true,"href":"https:\/\/akdenizolaygazetesi.com\/index.php?rest_route=\/wp\/v2\/users\/2"}],"replies":[{"embeddable":true,"href":"https:\/\/akdenizolaygazetesi.com\/index.php?rest_route=%2Fwp%2Fv2%2Fcomments&post=16061"}],"version-history":[{"count":1,"href":"https:\/\/akdenizolaygazetesi.com\/index.php?rest_route=\/wp\/v2\/posts\/16061\/revisions"}],"predecessor-version":[{"id":16063,"href":"https:\/\/akdenizolaygazetesi.com\/index.php?rest_route=\/wp\/v2\/posts\/16061\/revisions\/16063"}],"wp:featuredmedia":[{"embeddable":true,"href":"https:\/\/akdenizolaygazetesi.com\/index.php?rest_route=\/wp\/v2\/media\/16062"}],"wp:attachment":[{"href":"https:\/\/akdenizolaygazetesi.com\/index.php?rest_route=%2Fwp%2Fv2%2Fmedia&parent=16061"}],"wp:term":[{"taxonomy":"category","embeddable":true,"href":"https:\/\/akdenizolaygazetesi.com\/index.php?rest_route=%2Fwp%2Fv2%2Fcategories&post=16061"},{"taxonomy":"post_tag","embeddable":true,"href":"https:\/\/akdenizolaygazetesi.com\/index.php?rest_route=%2Fwp%2Fv2%2Ftags&post=16061"}],"curies":[{"name":"wp","href":"https:\/\/api.w.org\/{rel}","templated":true}]}}