{"id":16067,"date":"2022-01-11T10:29:14","date_gmt":"2022-01-11T07:29:14","guid":{"rendered":"http:\/\/akdenizolaygazetesi.com\/?p=16067"},"modified":"2022-01-11T10:29:14","modified_gmt":"2022-01-11T07:29:14","slug":"uc-yil-bitiyor-daha-bir-kurus-para-gelmedi","status":"publish","type":"post","link":"https:\/\/akdenizolaygazetesi.com\/?p=16067","title":{"rendered":"&#8220;\u00dc\u00c7 YIL B\u0130T\u0130YOR DAHA B\u0130R KURU\u015e PARA GELMED\u0130&#8221;"},"content":{"rendered":"<p>Mersin B\u00fcy\u00fck\u015fehir Belediye Meclisi 2022 y\u0131l\u0131 Ocak Ay\u0131 Meclis Toplant\u0131s\u0131&#8217;n\u0131n 1. Birle\u015fimi, B\u00fcy\u00fck\u015fehir Belediye Ba\u015fkan\u0131 Vahap Se\u00e7er ba\u015fkanl\u0131\u011f\u0131nda ger\u00e7ekle\u015ftirildi. Cumhurba\u015fkanl\u0131\u011f\u0131 karar\u0131yla Mersin&#8217;deki baz\u0131 ormanl\u0131k alanlar\u0131n orman d\u0131\u015f\u0131na \u00e7\u0131kar\u0131lmas\u0131 konusu Meclis g\u00fcndeminde konu\u015fuldu. Bunun \u00f6rt\u00fcl\u00fc bir af oldu\u011funu ifade eden Ba\u015fkan Se\u00e7er, sosyal medyada yapt\u0131\u011f\u0131 payla\u015f\u0131ma gelen ele\u015ftirileri de\u011ferlendirdi. Ba\u015fkan Se\u00e7er, &#8220;Ben Mersin&#8217;in \u015fehri eminiyim, halk yarar\u0131na g\u00f6revimi yap\u0131yorum. Ben bug\u00fcne kadar ses \u00e7\u0131kartmad\u0131\u011f\u0131m takdirde siz beni ele\u015ftirin. Ben kentime sahip \u00e7\u0131k\u0131yorum. H\u00fck\u00fcmetler gelir gider, belediye ba\u015fkanlar\u0131 gelir gider, b\u00fcrokratlar, valiler, kaymakamlar, daire m\u00fcd\u00fcrleri, haydi haydi gelir gider. Ama biz bu kentte ya\u015f\u0131yoruz. Ben kentin her metrekaresine sahip \u00e7\u0131kmak zorunday\u0131m&#8221; dedi.<br \/>\n&#8220;Bu \u00f6rt\u00fcl\u00fc bir orman aff\u0131d\u0131r&#8221;<br \/>\nKamu yarar\u0131na yap\u0131lan hi\u00e7bir \u015feye kar\u015f\u0131 olmad\u0131klar\u0131n\u0131, yaln\u0131zca kamu yarar\u0131 olmayan yanl\u0131\u015f uygulamalara kar\u015f\u0131 \u00e7\u0131kt\u0131klar\u0131n\u0131 vurgulayan Ba\u015fkan Se\u00e7er, &#8220;Bak\u0131n bu bir aft\u0131r. Bu \u00f6rt\u00fcl\u00fc bir aft\u0131r. \u00d6rt\u00fcl\u00fc bir orman aff\u0131d\u0131r. Biz de diyoruz ki bunu insanlar al\u0131\u015fkanl\u0131k hale getirdi. &#8216;Nas\u0131l olsa yasa var, yar\u0131n bir g\u00fcn m\u00fcracaat ederiz, oradan i\u015fimizi takip ederiz. Orman bunu o vas\u0131ta olarak de\u011ferlendirir, listeye al\u0131r, Milli Emlak&#8217;a g\u00f6nderir. Biz de gider oradan sat\u0131n al\u0131r\u0131z.&#8217; \u015eimdi siz bunun \u00f6n\u00fcn\u00fc a\u00e7t\u0131n\u0131z. Bak\u0131n yap\u0131lan yasalar kutsal metinler de\u011fil&#8221; diye konu\u015ftu.<br \/>\n&#8220;Buradakiler yine devede kulak&#8221;<br \/>\nOrman alanlar\u0131 konusuyla ilgili tart\u0131\u015fmalar\u0131n s\u00fcrmesi \u00fczerine de\u011ferlendirmelerini s\u00fcrd\u00fcren Ba\u015fkan Se\u00e7er, &#8220;Yani 1 de\u011fil, \u00f6yle alanlar ki 10 d\u00f6n\u00fcm versen o parasal de\u011ferinin kar\u015f\u0131l\u0131\u011f\u0131n\u0131 kar\u015f\u0131lamaz; bu bir. Her \u015fey rakamlar de\u011fil, bir de olay\u0131n esas\u0131na girmek laz\u0131m, iki; burada mesela s\u00fcrekli T\u00fcrkiye&#8217;de orman alanlar\u0131n\u0131 i\u015fgal konusu konu\u015fuluyor. Buradakiler yine devede kulak. \u00d6zellikle \u0130stanbul gibi, \u0130zmir gibi, Ege sahilleri gibi. \u00d6rne\u011fin Mu\u011fla&#8217;n\u0131n yanl\u0131\u015f hat\u0131rlam\u0131yorsam y\u00fczde 55&#8217;i, y\u00fczde 60&#8217;\u0131 ormanl\u0131k alan. Bizim gibi bizim buran\u0131n da y\u00fczde 52&#8217;si ormanl\u0131k alan, Mersin&#8217;in. Buralarda bu i\u015fin art\u0131k \u015febekeleri olu\u015fmu\u015f. B\u00fcy\u00fck rantlar bunlar. Bizim bu konuda uyar\u0131da bulunmam\u0131z laz\u0131m&#8221; ifadelerine yer verdi.<br \/>\nB\u00fcy\u00fck\u015fehir Belediye Ba\u015fkan\u0131 olarak kendisine veya il\u00e7e belediye ba\u015fkanlar\u0131na bu konuda herhangi bir bilgilendirme yap\u0131lmad\u0131\u011f\u0131n\u0131n alt\u0131n\u0131 \u00e7izen Ba\u015fkan Se\u00e7er, &#8220;Yeni\u015fehir&#8217;de de var ayn\u0131 durum, \u00c7avak&#8217;ta 214 bin 509 metrekare. Eminim ki haberi yok. \u00c7\u0131kard\u0131 haritay\u0131 g\u00f6sterdi, yerle\u015fim yeri. Kanun diyor ki; e\u011fer yerle\u015fim varsa, ta\u015fsa, tar\u0131m yap\u0131lamazsa. Yani onun tan\u0131mlamas\u0131na uyulsa yani amac\u0131ndan d\u0131\u015far\u0131 \u00e7\u0131kar\u0131lmasa uygulama hi\u00e7bir laf\u0131m\u0131z, s\u00f6z\u00fcm\u00fcz yok&#8221; dedi.<br \/>\n&#8220;TOK\u0130, fakiri fukaray\u0131 b\u0131rakm\u0131\u015f l\u00fcks konut yap\u0131yor&#8221;<br \/>\nKonuyla ilgili TOK\u0130&#8217;nin de g\u00fcndeme gelmesi \u00fczerine konu\u015fan Ba\u015fkan Se\u00e7er; &#8220;TOK\u0130 Yasas\u0131&#8217;n\u0131 tart\u0131\u015fal\u0131m. TOK\u0130 tamamen kamu yarar\u0131na, siz bana o soruyu y\u00f6neltti\u011finiz i\u00e7in, hi\u00e7bir laf\u0131m\u0131z s\u00f6z\u00fcm\u00fcz yok. TOK\u0130 2002 y\u0131l\u0131nda AK Parti iktidara geldi\u011finde kurulmad\u0131, daha \u00f6nce de vard\u0131 TOK\u0130. 1980&#8217;li y\u0131llarda kuruldu bu kurum. Ama usul\u00fcne uygun, kamu yarar\u0131. \u00d6ncelikli hizmet yaparsa. TOK\u0130, fakiri fukaray\u0131 b\u0131rakm\u0131\u015f l\u00fcks konut yap\u0131yor. Bu TOK\u0130 o TOK\u0130. Bir de bizim bekledi\u011fimiz TOK\u0130. \u015eimdi bunlar farkl\u0131 TOK\u0130&#8217;ler&#8221; diye konu\u015ftu.<br \/>\nBozyaz\u0131 ve G\u00f6\u011fden&#8217;deki altyap\u0131 konular\u0131 g\u00fcndeme geldi<br \/>\nBa\u015fkan Se\u00e7er, Bozyaz\u0131&#8217;daki ya\u011fmursuyu \u00e7al\u0131\u015fmalar\u0131n\u0131n geldi\u011fi s\u00fcrece ili\u015fkin bir Meclis \u00dcyesi&#8217;nin sorusu \u00fczerine, &#8220;Bozyaz\u0131&#8217;da ya\u011fmursuyu projesi, y\u00fcklenici firma Covid-19 Genelgesi kapsam\u0131nda fesih talebinde bulunmu\u015f. Bu Bakanl\u0131\u011fa iletilmi\u015f. \u015eu ana kadar cevabi yaz\u0131 gelmemi\u015f hen\u00fcz bakanl\u0131ktan. Biliyorsunuz yaz\u0131 da gelmedi\u011fi zaman bizim elimiz, aya\u011f\u0131m\u0131z ba\u011flan\u0131yor. Herhalde o yaz\u0131 gelir gelmez o konuda da gerekli \u00f6nlemleri alaca\u011f\u0131z&#8221; ifadelerine yer verdi.<br \/>\nBa\u015fkan Se\u00e7er, G\u00f6\u011fden&#8217;deki MESK\u0130 aboneli\u011fi konusuna ili\u015fkin yapt\u0131\u011f\u0131 a\u00e7\u0131klamada ise \u015fu ifadelere yer verdi:<br \/>\n&#8220;G\u00f6\u011fden konusu vard\u0131 Mut&#8217;tan. Buras\u0131 yayla. G\u00f6\u011fden Yaylas\u0131. Orada \u00e7ok a\u015f\u0131r\u0131 bir konutla\u015fma da yok. Bu konuda vatanda\u015flar\u0131m\u0131z\u0131n da bizatihi bana m\u00fcracaat\u0131 oldu. Oras\u0131 abonelik \u015fartlar\u0131na uygun de\u011fil. Yani ya iskan belgesi yok ya yap\u0131 kay\u0131t belgesi yok. Siz de hak verirsiniz ki say\u0131n Meclis \u00fcyeleri, MESK\u0130 mevzuat \u00e7er\u00e7evesinde i\u015f yapar. Nas\u0131l abonelik verecek? Abonelik olmayan yere biz nas\u0131l \u015febeke yapaca\u011f\u0131z? Nas\u0131l ihaleye \u00e7\u0131kaca\u011f\u0131z? Dolay\u0131s\u0131yla o eksikler tamamlan\u0131rsa bizim tabii ki yat\u0131r\u0131mlar\u0131m\u0131z G\u00f6\u011fden&#8217;de s\u00fcratle ger\u00e7ekle\u015ftirilir.&#8221;<br \/>\n&#8220;\u00dc\u00e7 y\u0131l bitiyor daha bir kuru\u015f gelmedi&#8221;<br \/>\nAkdeniz il\u00e7esinde MESK\u0130 \u00e7al\u0131\u015fmalar\u0131 olmad\u0131\u011f\u0131 y\u00f6n\u00fcndeki iddialar\u0131 da yan\u0131tlayan Ba\u015fkan Se\u00e7er, FRIT II kapsam\u0131nda ald\u0131klar\u0131 kredilerden hen\u00fcz para gelmedi\u011fini s\u00f6zlerine ekledi. Se\u00e7er, &#8220;Akdeniz il\u00e7esinde muhtelif ihaleler kapsam\u0131nda her mahallede \u00e7al\u0131\u015fmalar\u0131m\u0131z olabiliyor. Ancak b\u00fcy\u00fck proje 10 milyon Euro&#8217;nun \u00fczerinde, FRIT II kapsam\u0131nda yani T\u00fcrkiye&#8217;de ya\u015fayan m\u00fclteciler fonundan yanl\u0131\u015f hat\u0131rlam\u0131yorsam 7 milyon Euro yani 120 milyon TL bir kredi \u00e7al\u0131\u015fmas\u0131 oldu ve bekliyoruz, Mezitli i\u00e7in de ayn\u0131. Toplam 39 milyon Euro FRIT II kapsam\u0131nda proje kar\u015f\u0131l\u0131\u011f\u0131 kredimiz var. Ortada para yok. \u00dc\u00e7 y\u0131l bitiyor daha bir kuru\u015f gelmedi. Koordinat\u00f6r \u0130ller Bankas\u0131. Paray\u0131 veren Avrupa Birli\u011fi FRIT II ama ortada delikli kuru\u015f yok. Bir habbe para yok \u015fu ana kadar. Akdeniz, Kazanl\u0131, Homurlu, Toroslar Mahallelerinde kanalizasyon eksi\u011fini giderecek proje FRIT II kapsam\u0131nda yap\u0131lacak. Di\u011fer taraflarda ciddi bir sorunumuz yok. Olan yerlerde de muhtelif ihaleler kapsam\u0131nda hi\u00e7 durmaks\u0131z\u0131n zaten bunlar\u0131 ger\u00e7ekle\u015ftiriyoruz&#8221; diye konu\u015ftu.<br \/>\n&#8220;Ben belediyemi dilenci durumuna d\u00fc\u015f\u00fcrmem&#8221;<br \/>\nBir Meclis \u00fcyesinin CHP&#8217;li 11 B\u00fcy\u00fck\u015fehir Belediye Ba\u015fkan\u0131&#8217;n\u0131n yay\u0131nlad\u0131klar\u0131 ortak deklarasyonla devletin t\u00fcm imkanlar\u0131n\u0131n Cumhur \u0130ttifak\u0131&#8217;na mensup belediyelere gitti\u011fi alg\u0131s\u0131n\u0131 yaratt\u0131klar\u0131n\u0131 iddia etmesi \u00fczerine Ba\u015fkan Se\u00e7er, \u015funlar\u0131 s\u00f6yledi:<br \/>\n&#8220;Ben Cumhur \u0130ttifak\u0131&#8217;na mensup B\u00fcy\u00fck\u015fehir Belediye Ba\u015fkan\u0131 olsayd\u0131m, mahkeme karar\u0131n\u0131 onaylatt\u0131\u011f\u0131m 22 Aral\u0131k&#8217;tan bir sonraki g\u00fcn 23 Aral\u0131k&#8217;ta e\u011fer \u0130ller Bankas\u0131&#8217;na gitseydim, istedi\u011fim teminat mektubunu alabilirdim, ben alamad\u0131m. Ge\u00e7en y\u0131l yine yeni y\u0131la yak\u0131n; \u00e7ok b\u00fcy\u00fck bir para de\u011fil 10 milyon lira; bit\u00fcm kat kat artt\u0131. Bit\u00fcm\u00fc T\u00fcrk Petrol A.\u015e.&#8217;den alaca\u011f\u0131z, kamu kamuya verecek. Teminat mektubu istiyor. Son g\u00fcne kadar verdik verece\u011fiz, verdik verece\u011fiz 10 milyon TL. \u0130ller Bankas\u0131 vermedi. \u015eimdi ben soruyorum T\u00fcrkiye Belediyeler Birli\u011fi orada, bizden paras\u0131 gidiyor. T\u00fcrkiye Belediyeler Birli\u011fi tarihinde bu kadar ayr\u0131mc\u0131l\u0131\u011f\u0131n oldu\u011fu bir d\u00f6nem ya\u015famam\u0131\u015ft\u0131r. T\u00fcrkiye Belediyeler Birli\u011fi&#8217;nin olma nedeni belediyelerdir. Bug\u00fcn belediyelere yapt\u0131\u011f\u0131 ayni ya da nakdi yard\u0131mlar\u0131n listesini al\u0131n, Cumhur \u0130ttifak\u0131&#8217;na mensup belediyelere bak\u0131n, bir de di\u011fer belediyelere bak\u0131n. Bunlar ayr\u0131mc\u0131l\u0131k de\u011filse nedir? Ben y\u00f6netim kurulu \u00fcyesiyim; b\u00f6lge kalk\u0131nma ajanslar\u0131, A ajans, B ajans, T\u00fcrkiye geneli i\u00e7in s\u00f6yl\u00fcyorum. Kayna\u011f\u0131n\u0131n \u00f6nemli bir k\u0131sm\u0131n\u0131 B\u00fcy\u00fck\u015fehir Belediyesi olan yerlerde B\u00fcy\u00fck\u015fehirler veriyor. Projeler geliyor, bug\u00fcne kadar ald\u0131\u011f\u0131m\u0131z rakamlar orada. Bak\u0131n Karamanc\u0131lar Kona\u011f\u0131 i\u00e7in, g\u00fc\u00e7lendirme i\u00e7in 1 milyon 200 bin TL Valilikten bir hibe \u00e7\u0131km\u0131\u015f. Fiyat farklar\u0131 vs. 800 bin TL, bu kadar k\u00fc\u00e7\u00fck bir para. Madem bunu siz \u00fcstlendiniz biz bunu alamad\u0131k. \u015eimdi neyi anlatay\u0131m. Ben belediyemi dilenci durumuna d\u00fc\u015f\u00fcrmem ki.&#8221;<br \/>\nBelediyeler Birli\u011fi nezdinde ayr\u0131mc\u0131l\u0131\u011fa u\u011frad\u0131klar\u0131n\u0131, taleplerinin istedikleri gibi kar\u015f\u0131lanmad\u0131\u011f\u0131n\u0131 ifade eden Ba\u015fkan Se\u00e7er, &#8220;\u015eimdi &#8216;ayr\u0131mc\u0131l\u0131k gayr\u0131mc\u0131l\u0131k olmuyor&#8217; diyorsan\u0131z sizin hi\u00e7bir \u015feyden haberiniz yok. Bozyaz\u0131, Anamur halinin tahsisi, K\u00fclt\u00fcr Park&#8217;\u0131n tahsisi, Atat\u00fcrk Park&#8217;\u0131n tahsisi, Tarsus&#8217;ta K\u00fclt\u00fcr Merkezi yapaca\u011f\u0131m\u0131z yerde sadece stat\u00fc de\u011fi\u015fikli\u011fi tahsis de de\u011fil bunun gibi; yahu biraz daha zaman ge\u00e7se evsel kat\u0131 at\u0131klar\u0131, \u015fehrin \u00e7\u00f6p\u00fcn\u00fc g\u00f6t\u00fcrece\u011fimiz alan kalmad\u0131. \u0130ki ileri bir geri. \u015eimdi siz &#8216;ayr\u0131mc\u0131l\u0131k yap\u0131lm\u0131yor&#8217; derseniz, ben de &#8216;Yapacak bir \u015fey yok. Ben size anlatam\u0131yorum&#8217; derim&#8221; dedi.<br \/>\n&#8220;Ben ara\u00e7-gere\u00e7, b\u00f6yle sus pay\u0131 bah\u015fi\u015fler istemiyorum&#8221;<br \/>\nBir Meclis \u00fcyesinin &#8216;Yemek T\u0131r\u0131&#8217;n\u0131 kim verdi size?&#8217; sorusu \u00fczerine Ba\u015fkan Se\u00e7er, &#8220;Yemek T\u0131r\u0131&#8217;n\u0131 belediye Cumhur \u0130ttifak\u0131&#8217;n\u0131n belediyesi iken vermi\u015fler. Ben size \u015funu s\u00f6yl\u00fcyorum; ben hibe istemiyorum, ara\u00e7-gere\u00e7, b\u00f6yle sus pay\u0131 bah\u015fi\u015fler istemiyorum. Ben belediyenin g\u00fcc\u00fcn\u00fcn fark\u0131nday\u0131m. \u00d6yle kendimi d\u00fc\u015f\u00fcrmem. Buras\u0131 Mersin, buras\u0131 Mersin B\u00fcy\u00fck\u015fehir Belediyesi. Ben ara\u00e7 gere\u00e7 istemiyorum; arac\u0131 ben g\u00f6nderiyorum il\u00e7e belediyelerine. Biz hakk\u0131m\u0131z olan\u0131 alal\u0131m diyoruz. Sen beni niye engelliyorsun \u0130ller Bankas\u0131 olarak. Sen bana yard\u0131mc\u0131 olacaks\u0131n finansman bulmada&#8221; ifadelerini kulland\u0131.<\/p>\n","protected":false},"excerpt":{"rendered":"<p>Mersin B\u00fcy\u00fck\u015fehir Belediye Meclisi 2022 y\u0131l\u0131 Ocak Ay\u0131 Meclis Toplant\u0131s\u0131&#8217;n\u0131n 1. Birle\u015fimi, B\u00fcy\u00fck\u015fehir Belediye Ba\u015fkan\u0131 Vahap Se\u00e7er ba\u015fkanl\u0131\u011f\u0131nda ger\u00e7ekle\u015ftirildi. Cumhurba\u015fkanl\u0131\u011f\u0131 karar\u0131yla Mersin&#8217;deki baz\u0131 ormanl\u0131k alanlar\u0131n orman d\u0131\u015f\u0131na \u00e7\u0131kar\u0131lmas\u0131 konusu Meclis &hellip; <a href=\"https:\/\/akdenizolaygazetesi.com\/?p=16067\" class=\"more-link\">Devam\u0131n\u0131 Oku&#8230;<\/a><\/p>\n","protected":false},"author":2,"featured_media":16068,"comment_status":"open","ping_status":"open","sticky":false,"template":"","format":"standard","meta":[],"categories":[2,3,5],"tags":[],"_links":{"self":[{"href":"https:\/\/akdenizolaygazetesi.com\/index.php?rest_route=\/wp\/v2\/posts\/16067"}],"collection":[{"href":"https:\/\/akdenizolaygazetesi.com\/index.php?rest_route=\/wp\/v2\/posts"}],"about":[{"href":"https:\/\/akdenizolaygazetesi.com\/index.php?rest_route=\/wp\/v2\/types\/post"}],"author":[{"embeddable":true,"href":"https:\/\/akdenizolaygazetesi.com\/index.php?rest_route=\/wp\/v2\/users\/2"}],"replies":[{"embeddable":true,"href":"https:\/\/akdenizolaygazetesi.com\/index.php?rest_route=%2Fwp%2Fv2%2Fcomments&post=16067"}],"version-history":[{"count":1,"href":"https:\/\/akdenizolaygazetesi.com\/index.php?rest_route=\/wp\/v2\/posts\/16067\/revisions"}],"predecessor-version":[{"id":16069,"href":"https:\/\/akdenizolaygazetesi.com\/index.php?rest_route=\/wp\/v2\/posts\/16067\/revisions\/16069"}],"wp:featuredmedia":[{"embeddable":true,"href":"https:\/\/akdenizolaygazetesi.com\/index.php?rest_route=\/wp\/v2\/media\/16068"}],"wp:attachment":[{"href":"https:\/\/akdenizolaygazetesi.com\/index.php?rest_route=%2Fwp%2Fv2%2Fmedia&parent=16067"}],"wp:term":[{"taxonomy":"category","embeddable":true,"href":"https:\/\/akdenizolaygazetesi.com\/index.php?rest_route=%2Fwp%2Fv2%2Fcategories&post=16067"},{"taxonomy":"post_tag","embeddable":true,"href":"https:\/\/akdenizolaygazetesi.com\/index.php?rest_route=%2Fwp%2Fv2%2Ftags&post=16067"}],"curies":[{"name":"wp","href":"https:\/\/api.w.org\/{rel}","templated":true}]}}