{"id":1607,"date":"2020-11-04T18:22:09","date_gmt":"2020-11-04T15:22:09","guid":{"rendered":"http:\/\/mersinekonomipolitikagazetesi.com\/?p=1607"},"modified":"2020-11-04T18:22:09","modified_gmt":"2020-11-04T15:22:09","slug":"camsari-hedefledigimiz-yere-gelmek-uzereyiz","status":"publish","type":"post","link":"https:\/\/akdenizolaygazetesi.com\/?p=1607","title":{"rendered":"\u00c7amsar\u0131: &#8220;Hedefledi\u011fimiz yere gelmek \u00fczereyiz&#8221;"},"content":{"rendered":"<p>Mersin \u00dcniversitesi Rekt\u00f6r\u00fc Prof. Dr. Ahmet \u00c7amsar\u0131, g\u00f6reve geldikleri 2014 y\u0131l\u0131ndan bu yana 4 yeni fak\u00fclte ve 20\u2019den fazla b\u00f6l\u00fcm kurduklar\u0131n\u0131 belirterek, &#8220;Ulusal ve uluslararas\u0131 s\u0131ralamalarda hedefledi\u011fimiz yere gelmek \u00fczereyiz&#8221; dedi.<\/p>\n<p><span style=\"font-size:16px;\"><span style=\"font-family: sans-serif; line-height: 20px; text-align: justify; background-color: rgb(242, 244, 245);\">\u00c7amsar\u0131, kat\u0131ld\u0131\u011f\u0131 bir televizyon program\u0131nda, Mersin \u00dcniversitesi&#8217;nin genel durumu, bug\u00fcne kadar yapt\u0131klar\u0131 \u00e7al\u0131\u015fmalar ve devam eden projelerle ilgili bilgi verdi. &#8220;Ulusal ve uluslararas\u0131 s\u0131ralamalarda hedefledi\u011fimiz yere gelmek \u00fczereyiz&#8221; diyen \u00c7amsar\u0131, &#8220;G\u00f6reve ba\u015flad\u0131\u011f\u0131m g\u00fcnden bu yana Mersin halk\u0131n\u0131n istekleri do\u011frultusunda ihtiya\u00e7 duyuldu\u011funa inand\u0131\u011f\u0131m\u0131z 4 yeni fak\u00fclte ve 20\u2019den fazla b\u00f6l\u00fcm kurduk. Deniz Ticaret Odas\u0131\u2019n\u0131n katk\u0131lar\u0131yla kurulan Denizcilik Fak\u00fcltesi\u2019nin b\u00f6lgemize ve \u00fclkemize \u00e7ok b\u00fcy\u00fck katk\u0131lar\u0131 olacak. Fak\u00fcltemiz, y\u00fcksek kapasiteli laboratuvarlar\u0131 i\u00e7eren bir fak\u00fclte olacak. \u0130slami \u0130limler Fak\u00fcltesi\u2019nin de akademik anlamda zemini olu\u015fturmaya ba\u015flad\u0131k. Ge\u00e7mi\u015f \u00e7al\u0131\u015fmalar\u0131yla ve bilgileriyle \u00f6rnek olacaklar\u0131na inand\u0131\u011f\u0131m\u0131z ehil insanlardan olu\u015fan bir ekip olu\u015fturmaya \u00e7al\u0131\u015f\u0131yoruz. \u00dclkemizin geli\u015fmesinde y\u00fcksek teknoloji \u00fcretimi ve ihracat\u0131n\u0131n b\u00fcy\u00fck bir yeri var. Bu anlamda Havac\u0131l\u0131k ve Uzay Bilimleri Fak\u00fcltesi ile bu ilerlemeye katk\u0131 sa\u011flamay\u0131 hedefliyoruz. Di\u015f Hekimli\u011fi Fak\u00fcltesi de yine b\u00f6lgenin ihtiya\u00e7lar\u0131 do\u011frultusunda kurulmu\u015f fak\u00fcltedir&#8221; diye konu\u015ftu.\u00a0<\/span><br style=\"box-sizing: border-box; font-family: sans-serif; font-size: 14px; line-height: 20px; text-align: justify; background-color: rgb(242, 244, 245);\" \/><br \/>\n<span style=\"font-family: sans-serif; line-height: 20px; text-align: justify; background-color: rgb(242, 244, 245);\">&#8216;Nuh\u2019un Gemisi&#8217; olarak da adland\u0131r\u0131lan Akdeniz K\u00fclt\u00fcr Merkezi\u2019nin, misafirhaneden konser alan\u0131na devasa bir merkez olaca\u011f\u0131n\u0131 ifade eden \u00c7amsar\u0131, Giri\u015fimcilik Merkezi hakk\u0131nda ise \u015fu bilgileri verdi; &#8220;Kalk\u0131nma Bakan\u0131m\u0131z L\u00fctfi Elvan projelere \u00e7ok \u00f6nem veriyor. Bakan\u0131m\u0131z\u0131n giri\u015fimcilik konusundaki tavsiyeleri \u00fczerine b\u00f6yle bir vizyon olu\u015ftu. Merkezin kurulmas\u0131 \u015fu an onay a\u015famas\u0131nda. S\u00fcre\u00e7 tamamlan\u0131rsa merkez i\u00e7erisinde bilim ve inovasyona y\u00f6nelik bir\u00e7ok alan olu\u015fturulacak. En \u00f6nemlisi de ilk, orta ve lise \u00e7a\u011fdaki \u00f6\u011frencilerimizin inovasyon yaparak e\u011flenebilecekleri bir ortam olu\u015fturmay\u0131 hedefliyoruz.\u201d\u00a0<\/span><br style=\"box-sizing: border-box; font-family: sans-serif; font-size: 14px; line-height: 20px; text-align: justify; background-color: rgb(242, 244, 245);\" \/><br \/>\n<span style=\"font-family: sans-serif; line-height: 20px; text-align: justify; background-color: rgb(242, 244, 245);\">Di\u015f Hekimli\u011fi Hastanesi\u2019nde 5 binden fazla insan\u0131n\u0131n tedavi edildi\u011finin s\u00f6yleyen Rekt\u00f6r Prof. Dr. \u00c7amsar\u0131, hizmetin \u00f6nemine dikkat \u00e7ekerek, yeni bir bina yap\u0131laca\u011f\u0131n\u0131 kaydetti. Tarsus Teknoloji Fak\u00fcltesi\u2019nin son iki senedir elde etti\u011fi ba\u015far\u0131y\u0131 bu y\u0131lda devam ettirerek Devlet \u00dcniversiteleri ve Fak\u00fclteleri S\u0131ralamas\u0131 Raporunda 1. s\u0131rada yer ald\u0131\u011f\u0131n\u0131 belirten \u00c7amsar\u0131, T\u00fcp Bebek Merkezi, Kemoterapi Merkezi, Koroner Anjiyografi Merkezi, G\u00f6z Bankas\u0131, Gastronomi ve Mutak Sanatlar\u0131 gibi b\u00f6l\u00fcmler ve ba\u015far\u0131lar\u0131 hakk\u0131nda da bilgi verdi.\u00a0<\/span><br style=\"box-sizing: border-box; font-family: sans-serif; font-size: 14px; line-height: 20px; text-align: justify; background-color: rgb(242, 244, 245);\" \/><br \/>\n<span style=\"font-family: sans-serif; line-height: 20px; text-align: justify; background-color: rgb(242, 244, 245);\">T\u00fcrkiye&#8217;deki son teknoloji cihazlar Onkoloji Hastanesi&#8217;nde\u00a0<\/span><br style=\"box-sizing: border-box; font-family: sans-serif; font-size: 14px; line-height: 20px; text-align: justify; background-color: rgb(242, 244, 245);\" \/><br \/>\n<span style=\"font-family: sans-serif; line-height: 20px; text-align: justify; background-color: rgb(242, 244, 245);\">Sa\u011fl\u0131k alan\u0131nda da \u00f6nemli giri\u015fimlerde bulunulduklar\u0131n\u0131 vurgulayan \u00c7amsar\u0131, Onkoloji Hastanesi\u2019ne dikkat \u00e7ekerek, \u201cHastanemizin temeli iki ay \u00f6nce at\u0131ld\u0131. Sene sonunda bitmesi planlan\u0131yor. T\u00fcrkiye\u2019deki son teknoloji cihazlar hastanemizde bulunacak. Buna emin olabilirsiniz\u201d ifadelerini kulland\u0131.\u00a0<\/span><br style=\"box-sizing: border-box; font-family: sans-serif; font-size: 14px; line-height: 20px; text-align: justify; background-color: rgb(242, 244, 245);\" \/><br \/>\n<span style=\"font-family: sans-serif; line-height: 20px; text-align: justify; background-color: rgb(242, 244, 245);\">Teknopark\u0131n olduk\u00e7a ba\u015far\u0131l\u0131 \u00e7al\u0131\u015fmalar y\u00fcr\u00fctt\u00fc\u011f\u00fcn\u00fc kaydeden \u00c7amsar\u0131, Kalk\u0131nma Bakan\u0131 L\u00fctfi Elvan ile Bilim, Sanayi ve Teknoloji Bakan\u0131 Faruk \u00d6zl\u00fc\u2019n\u00fcn onay\u0131yla Mersin&#8217;de 2. Teknopark\u0131n kurulaca\u011f\u0131 m\u00fcjdesini verdi.\u00a0<\/span><\/span><\/p>\n","protected":false},"excerpt":{"rendered":"<p>Mersin \u00dcniversitesi Rekt\u00f6r\u00fc Prof. Dr. Ahmet \u00c7amsar\u0131, g\u00f6reve geldikleri 2014 y\u0131l\u0131ndan bu yana 4 yeni fak\u00fclte ve 20\u2019den fazla b\u00f6l\u00fcm kurduklar\u0131n\u0131 belirterek, &#8220;Ulusal ve uluslararas\u0131 s\u0131ralamalarda hedefledi\u011fimiz yere gelmek \u00fczereyiz&#8221; &hellip; <a href=\"https:\/\/akdenizolaygazetesi.com\/?p=1607\" class=\"more-link\">Devam\u0131n\u0131 Oku&#8230;<\/a><\/p>\n","protected":false},"author":1,"featured_media":0,"comment_status":"open","ping_status":"open","sticky":false,"template":"","format":"standard","meta":[],"categories":[],"tags":[],"_links":{"self":[{"href":"https:\/\/akdenizolaygazetesi.com\/index.php?rest_route=\/wp\/v2\/posts\/1607"}],"collection":[{"href":"https:\/\/akdenizolaygazetesi.com\/index.php?rest_route=\/wp\/v2\/posts"}],"about":[{"href":"https:\/\/akdenizolaygazetesi.com\/index.php?rest_route=\/wp\/v2\/types\/post"}],"author":[{"embeddable":true,"href":"https:\/\/akdenizolaygazetesi.com\/index.php?rest_route=\/wp\/v2\/users\/1"}],"replies":[{"embeddable":true,"href":"https:\/\/akdenizolaygazetesi.com\/index.php?rest_route=%2Fwp%2Fv2%2Fcomments&post=1607"}],"version-history":[{"count":0,"href":"https:\/\/akdenizolaygazetesi.com\/index.php?rest_route=\/wp\/v2\/posts\/1607\/revisions"}],"wp:attachment":[{"href":"https:\/\/akdenizolaygazetesi.com\/index.php?rest_route=%2Fwp%2Fv2%2Fmedia&parent=1607"}],"wp:term":[{"taxonomy":"category","embeddable":true,"href":"https:\/\/akdenizolaygazetesi.com\/index.php?rest_route=%2Fwp%2Fv2%2Fcategories&post=1607"},{"taxonomy":"post_tag","embeddable":true,"href":"https:\/\/akdenizolaygazetesi.com\/index.php?rest_route=%2Fwp%2Fv2%2Ftags&post=1607"}],"curies":[{"name":"wp","href":"https:\/\/api.w.org\/{rel}","templated":true}]}}