{"id":16073,"date":"2022-01-11T10:34:29","date_gmt":"2022-01-11T07:34:29","guid":{"rendered":"http:\/\/akdenizolaygazetesi.com\/?p=16073"},"modified":"2022-01-11T10:34:29","modified_gmt":"2022-01-11T07:34:29","slug":"basin-calisanlari-kamu-gorevi-goruyor","status":"publish","type":"post","link":"https:\/\/akdenizolaygazetesi.com\/?p=16073","title":{"rendered":"\u201cBASIN \u00c7ALI\u015eANLARI KAMU G\u00d6REV\u0130 G\u00d6R\u00dcYOR\u201d"},"content":{"rendered":"<p>Mersin Gazeteciler Cemiyeti(MGC) hizmet binas\u0131n\u0131n a\u00e7\u0131l\u0131\u015f\u0131, Vali Ali \u0130hsan Su ve belediye ba\u015fkanlar\u0131n\u0131n kat\u0131l\u0131m\u0131yla ger\u00e7ekle\u015ftirildi<br \/>\nAkdeniz Belediyesi\u2019nce Mersin Gazeteciler Cemiyetine (MGC) kazand\u0131r\u0131lan yeni hizmet binas\u0131, 10 Ocak \u00c7al\u0131\u015fan Gazeteciler G\u00fcn\u00fcnde d\u00fczenlenen t\u00f6renle hizmete a\u00e7\u0131ld\u0131.<br \/>\nMGC\u2019nin yeni hizmet binas\u0131n\u0131n a\u00e7\u0131l\u0131\u015f\u0131 yo\u011fun ilgiyle ger\u00e7ekle\u015ftirildi. T\u00f6rene   Valisi Ali \u0130hsan Su, Mersin Milletvekili Hac\u0131 \u00d6zkan, Baro Ba\u015fkan\u0131 Gazi \u00d6zdemir, Akdeniz Belediye Ba\u015fkan\u0131 M.Mustafa G\u00fcltak, Mezitli Belediye Ba\u015fkan\u0131 Ne\u015fet Tarhan, Yeni\u015fehir Belediye Ba\u015fkan\u0131 Abdullah \u00d6zyi\u011fit, T\u00fcrkiye Gazeteciler Federasyonu (TGF) Ba\u015fkan\u0131 Y\u0131lmaz Karaca, Mersin Gazeteciler Cemiyeti Ba\u015fkan\u0131 R\u00fcstem Kaya Tepe, \u00c7ukurova Sanayi ve \u0130\u015f D\u00fcnyas\u0131 Federasyonu Ba\u015fkan\u0131 H\u00fcseyin K\u0131\u015f, KKTC Mersin Ba\u015fkonsolosu Zaliha Mendeli, B\u00fcy\u00fck\u015fehir Belediyesi Bas\u0131n Yay\u0131n ve Halkla \u0130li\u015fkiler Daire Ba\u015fkan\u0131 Bedrettin G\u00fcnde\u015f, farkl\u0131 illerden gelen bas\u0131n meslek \u00f6rg\u00fct\u00fc temsilcileri ile \u00e7ok say\u0131da davetli kat\u0131ld\u0131.<br \/>\n\u201cBASIN \u00c7ALI\u015eANLARI KAMU G\u00d6REV\u0130 G\u00d6R\u00dcYOR\u201d<br \/>\nVali Su, t\u00f6rende yapt\u0131\u011f\u0131 konu\u015fmada, gazetecilere lay\u0131k g\u00fczel bir hizmet binas\u0131n\u0131n a\u00e7\u0131l\u0131\u015f\u0131na kat\u0131l\u0131yor olmaktan duydu\u011fu mutlulu\u011fu dile getirdi. \u0130leti\u015fimin, t\u00fcm d\u00fcnyada bug\u00fcn en \u00f6nemli konular\u0131n ba\u015f\u0131nda geldi\u011finin alt\u0131n\u0131 \u00e7izen Su, \u201c\u0130leti\u015fimin en temel ve en \u00f6nemli enstr\u00fcmanlar\u0131ndan bir tanesi de bas\u0131nd\u0131r. D\u00fcnyada ve \u00fclkemizde, insanlar\u0131n do\u011fru bilgi almas\u0131 bak\u0131m\u0131ndan bas\u0131n kurulu\u015flar\u0131 \u00e7ok \u00f6nemlidir. Bas\u0131n, halk\u0131n taleplerinin kamuya iletilmesi konusunda da \u00f6nemli bir g\u00f6rev icra ediyor. Bas\u0131n ayr\u0131ca kamunun, halka yans\u0131t\u0131lmas\u0131 bak\u0131m\u0131ndan \u00f6nemli bir g\u00f6revi ifa ediyor. Bas\u0131n \u00e7al\u0131\u015fanlar\u0131 sivil ki\u015filer olsa da yapt\u0131klar\u0131 i\u015f kamu g\u00f6revi niteli\u011fine b\u00fcr\u00fcn\u00fcyor. \u00c7al\u0131\u015fan gazetecilerimizin g\u00fcn\u00fcn\u00fc kutluyor, tebrik ediyor ve ba\u015far\u0131lar diliyorum. Bu g\u00fczel binay\u0131 yapan Akdeniz Belediye Ba\u015fkan\u0131m\u0131z Mustafa G\u00fcltak\u2019a ve eme\u011fi ge\u00e7en payda\u015flara \u00e7ok te\u015fekk\u00fcr ediyorum\u201d dedi.<br \/>\n\u201cBASIN MERKEZ\u0130N\u0130 GAZETEC\u0130LERE KAZANDIRAN BA\u015eKAN G\u00dcLTAK\u2019A TE\u015eEKK\u00dcR ED\u0130YORUM\u201d<br \/>\nMGC Ba\u015fkan\u0131 Tepe ise Akdeniz Belediyesi taraf\u0131ndan Mersinli gazetecilere ve cemiyete kazand\u0131r\u0131lan yeni hizmet binas\u0131n\u0131n a\u00e7\u0131l\u0131\u015f\u0131na kat\u0131l\u0131mlar\u0131 dolay\u0131s\u0131yla kent protokol\u00fc ve konuklara te\u015fekk\u00fcr etti. Tepe, \u201cKurumsalla\u015fman\u0131n, birlik ve beraberli\u011fin \u00f6nemli oldu\u011funu her zaman s\u00f6yl\u00fcyoruz. Ge\u00e7en y\u0131l, Akdeniz Belediye Ba\u015fkan\u0131m\u0131z G\u00fcltak, Mezitli Cemiyet Lokalimizin a\u00e7\u0131l\u0131\u015f\u0131nda, \u2018O zaman biz de size bir bas\u0131n merkezi yapal\u0131m\u2019 dedi. Sa\u011f olsun, i\u015fte bug\u00fcn bas\u0131n merkezimizin a\u00e7\u0131l\u0131\u015f\u0131n\u0131, 10 Ocak \u00c7al\u0131\u015fan Gazeteciler G\u00fcn\u00fcnde ger\u00e7ekle\u015ftiriyoruz. Burada mesle\u011fimizle ilgili verimli ve akademik \u00e7al\u0131\u015fmalar yapaca\u011f\u0131z. \u0130yi veya k\u00f6t\u00fc g\u00fcnlerinde \u00fcyelerimizin yan\u0131nda olaca\u011f\u0131z. Hizmet binam\u0131z\u0131n ihtiya\u00e7lar\u0131n\u0131n kar\u015f\u0131lanmas\u0131na destek veren kurum ve kurulu\u015flara te\u015fekk\u00fcr ediyor; merkezi bizlere kazand\u0131ran Akdeniz Belediye Ba\u015fkan\u0131m\u0131z G\u00fcltak\u2019a bir kez daha \u015f\u00fckranlar\u0131m\u0131 sunuyorum\u201d diye konu\u015ftu.<br \/>\n\u201c\u00d6RNEK B\u0130R PROJE\u201d<br \/>\nTGF Ba\u015fkan\u0131 Karaca da hizmet binas\u0131n\u0131 gazetecilere kazand\u0131rmas\u0131ndan \u00f6t\u00fcr\u00fc G\u00fcltak\u2019a te\u015fekk\u00fcr ederek, Mersinli gazeteciler ad\u0131na \u00f6rnek bir projenin ortaya \u00e7\u0131kt\u0131\u011f\u0131n\u0131 s\u00f6yledi. Anadolu bas\u0131n\u0131n\u0131n ve yerel gazetecilerin zor g\u00fcnlerden ge\u00e7ti\u011fini dile getiren Karaca, \u201cSorunlar\u0131m\u0131z\u0131n \u00e7\u00f6z\u00fcm\u00fc i\u00e7in gerek Cumhurba\u015fkanl\u0131\u011f\u0131 \u0130leti\u015fim Dairesi Ba\u015fkanl\u0131\u011f\u0131 ile gerekse de siyasi partilerle g\u00f6r\u00fc\u015fmelerimiz devam ediyor. Tabi bu olay\u0131 h\u0131zland\u0131rmam\u0131z, Anadolu bas\u0131n\u0131n\u0131 yeniden aya\u011fa kald\u0131rmam\u0131z laz\u0131m. Bir kez daha MGC Ba\u015fkan\u0131m\u0131z\u0131 ve y\u00f6netim kurulunu, ayr\u0131ca Mersinli meslekta\u015flar\u0131m\u0131 kutluyor, bu g\u00fczel binada g\u00fczel i\u015fler yapacaklar\u0131na inan\u0131yorum\u201d ifadelerinde bulundu.<br \/>\n\u201cS\u00d6Z\u00dcM\u00dcZ\u00dc YER\u0130NE GET\u0130RMEN\u0130N GURUR VE MUTLULU\u011eUNU YA\u015eIYORUZ\u201d<br \/>\nAkdeniz Belediye Ba\u015fkan\u0131 G\u00fcltak ise bas\u0131n\u0131n, demokrasinin olmazsa olmaz ayaklar\u0131ndan birisi oldu\u011funa dikkat \u00e7ekerek, siyaset hayat\u0131n\u0131n her d\u00f6neminde bas\u0131nla iyi bir ileti\u015fim i\u00e7inde oldu\u011funu ifade etti. Yakla\u015f\u0131k 2 y\u0131l \u00f6nce, yine bir 10 Ocak \u00c7al\u0131\u015fan Gazeteciler G\u00fcn\u00fc\u2019nde verdi\u011fi s\u00f6z\u00fc yerine getirmenin gurur ve mutlulu\u011funu ya\u015fad\u0131\u011f\u0131n\u0131 belirten G\u00fcltak, \u015funlar\u0131 s\u00f6yledi:<br \/>\n\u201cGazeteciler Cemiyetimizi her ziyaretimizde adresi de\u011fi\u015fiyordu. K\u00fc\u00e7\u00fck mekanlarda toplant\u0131lar yapmak zorunda kal\u0131yorduk. Oysa cemiyetimizin, bas\u0131n toplant\u0131lar\u0131n\u0131 rahatl\u0131kla yapabilecekleri, siyasileri, sivil toplum \u00f6rg\u00fct\u00fc temsilcilerini kolayl\u0131kla a\u011f\u0131rlayabilecekleri bir yerleri olmal\u0131yd\u0131. Bu nedenle herkesin rahatl\u0131kla ula\u015fabilece\u011fi bir mekan s\u00f6z\u00fc verdik ve binay\u0131 h\u0131zla bitirdik. Hizmet binas\u0131 189 metrekarelik kullan\u0131m alan\u0131na, avlusuyla birlikte ise toplam 220 metrekare \u00fczerinde bir alana sahiptir. Art\u0131k kent merkezinde gazeteciler cemiyetimizin \u015f\u0131k ve g\u00fczel bir binas\u0131 var. Hemen yanda gazetecilerimizin \u00e7ay ve kahvelerini i\u00e7ip sohbet edebilecekleri ye\u015fil bir band\u0131 var. Otopark s\u0131k\u0131nt\u0131s\u0131 yok. Belediye Meclisimizden, binan\u0131n tahsisi karar\u0131n\u0131 oybirli\u011fi ile ald\u0131k. Bu anlamda t\u00fcm meclis \u00fcyelerimize desteklerinden dolay\u0131 te\u015fekk\u00fcr ediyorum. Mersin bas\u0131n\u0131na, imkanlar\u0131m\u0131z \u00f6l\u00e7\u00fcs\u00fcnde deste\u011fimiz devam edecek.\u201d<br \/>\n\u201cMERS\u0130NL\u0130 GAZETEC\u0130LER\u0130N B\u00dcY\u00dcK \u0130HT\u0130YACINI DUYDU\u011eU B\u0130R B\u0130NA \u0130D\u0130\u201d<br \/>\nMilletvekili \u00d6zkan\u2019da gazetecili\u011fin onurlu bir meslek oldu\u011funu ifade etti,  mesle\u011fin g\u00fczel yanlar\u0131 kadar, zor ve me\u015fakkatli oldu\u011funu da dile getirdi. \u00d6zkan,  bir esnaf temsilcisi olarak milletvekili se\u00e7ilmesinde bas\u0131n emek\u00e7ilerinin b\u00fcy\u00fck pay\u0131 oldu\u011funa dikkat \u00e7ekerek, Mersinli gazetecilere te\u015fekk\u00fcr ederek, \u201cGer\u00e7ekten Mersinli gazetecilerin ihtiyac\u0131n\u0131 \u00e7ok duydu\u011fu, gecikmi\u015f bir bina idi\u201d dedi.<br \/>\nBA\u015eKAN G\u00dcLTAK\u2019A TE\u015eEKK\u00dcR PLAKET\u0130<br \/>\nT\u00f6rende MGC Ba\u015fkan\u0131 R.Kaya Tepe, yeni hizmet binas\u0131n\u0131 kazand\u0131ran Akdeniz Belediye Ba\u015fkan\u0131 M.Mustafa G\u00fcltak\u2019a te\u015fekk\u00fcr ederek plaket sundu. Ba\u015fkan <\/p>\n<p>GAZETEC\u0130LER\u0130N \u0130SM\u0130 SALONLARA VER\u0130LD\u0130<br \/>\nBu arada ge\u00e7ti\u011fimiz y\u0131l ya\u015fam\u0131n\u0131 yitiren Mersin\u2019in duayen gazetecilerinden M\u00fcfit Bekiro\u011flu\u2019nun ismi, Hizmet binas\u0131nda ki salona verildi. Y\u0131llar \u00f6nce ya\u015fam\u0131n\u0131 yitiren TSYD eski ba\u015fkanlar\u0131ndan Gazeteci Hamdi Yurdakul\u2019un ismi ise Mezitli Belediyesi\u2019nce yapt\u0131r\u0131lan MGC Lokali\u2019nin salonuna verildi.<br \/>\nESK\u0130 BA\u015eKAN BEK\u0130RO\u011eLU\u2019NA PLAKET<br \/>\n\u00d6te yandan Mersin eski cemiyet ba\u015fkanlar\u0131ndan Osman Bekiro\u011flu\u2019nun \u00fcyeli\u011fi yenilerek MGC ailesine kat\u0131ld\u0131. MGC Ba\u015fkan\u0131 R.Kaya Tepe, MGC eski ba\u015fkan\u0131 Osman Bekiro\u011flu\u2019na ge\u00e7mi\u015fte yapt\u0131\u011f\u0131 hizmetlerinin an\u0131s\u0131na bir plaket vererek te\u015fekk\u00fcr etti.<br \/>\nDaha sonra kurdele kesilerek binan\u0131n a\u00e7\u0131l\u0131\u015f\u0131 ger\u00e7ekle\u015ftirildi.<\/p>\n","protected":false},"excerpt":{"rendered":"<p>Mersin Gazeteciler Cemiyeti(MGC) hizmet binas\u0131n\u0131n a\u00e7\u0131l\u0131\u015f\u0131, Vali Ali \u0130hsan Su ve belediye ba\u015fkanlar\u0131n\u0131n kat\u0131l\u0131m\u0131yla ger\u00e7ekle\u015ftirildi Akdeniz Belediyesi\u2019nce Mersin Gazeteciler Cemiyetine (MGC) kazand\u0131r\u0131lan yeni hizmet binas\u0131, 10 Ocak \u00c7al\u0131\u015fan Gazeteciler G\u00fcn\u00fcnde &hellip; <a href=\"https:\/\/akdenizolaygazetesi.com\/?p=16073\" class=\"more-link\">Devam\u0131n\u0131 Oku&#8230;<\/a><\/p>\n","protected":false},"author":2,"featured_media":16074,"comment_status":"open","ping_status":"open","sticky":false,"template":"","format":"standard","meta":[],"categories":[2,3,5],"tags":[],"_links":{"self":[{"href":"https:\/\/akdenizolaygazetesi.com\/index.php?rest_route=\/wp\/v2\/posts\/16073"}],"collection":[{"href":"https:\/\/akdenizolaygazetesi.com\/index.php?rest_route=\/wp\/v2\/posts"}],"about":[{"href":"https:\/\/akdenizolaygazetesi.com\/index.php?rest_route=\/wp\/v2\/types\/post"}],"author":[{"embeddable":true,"href":"https:\/\/akdenizolaygazetesi.com\/index.php?rest_route=\/wp\/v2\/users\/2"}],"replies":[{"embeddable":true,"href":"https:\/\/akdenizolaygazetesi.com\/index.php?rest_route=%2Fwp%2Fv2%2Fcomments&post=16073"}],"version-history":[{"count":1,"href":"https:\/\/akdenizolaygazetesi.com\/index.php?rest_route=\/wp\/v2\/posts\/16073\/revisions"}],"predecessor-version":[{"id":16075,"href":"https:\/\/akdenizolaygazetesi.com\/index.php?rest_route=\/wp\/v2\/posts\/16073\/revisions\/16075"}],"wp:featuredmedia":[{"embeddable":true,"href":"https:\/\/akdenizolaygazetesi.com\/index.php?rest_route=\/wp\/v2\/media\/16074"}],"wp:attachment":[{"href":"https:\/\/akdenizolaygazetesi.com\/index.php?rest_route=%2Fwp%2Fv2%2Fmedia&parent=16073"}],"wp:term":[{"taxonomy":"category","embeddable":true,"href":"https:\/\/akdenizolaygazetesi.com\/index.php?rest_route=%2Fwp%2Fv2%2Fcategories&post=16073"},{"taxonomy":"post_tag","embeddable":true,"href":"https:\/\/akdenizolaygazetesi.com\/index.php?rest_route=%2Fwp%2Fv2%2Ftags&post=16073"}],"curies":[{"name":"wp","href":"https:\/\/api.w.org\/{rel}","templated":true}]}}