{"id":16079,"date":"2022-01-11T10:39:00","date_gmt":"2022-01-11T07:39:00","guid":{"rendered":"http:\/\/akdenizolaygazetesi.com\/?p=16079"},"modified":"2022-01-11T10:39:00","modified_gmt":"2022-01-11T07:39:00","slug":"kararin-ankara-ve-mersine-ozel-cikartilmasinin-nedeni-nedir","status":"publish","type":"post","link":"https:\/\/akdenizolaygazetesi.com\/?p=16079","title":{"rendered":"&#8216;Karar\u0131n Ankara ve Mersin&#8217;e \u00f6zel \u00e7\u0131kart\u0131lmas\u0131n\u0131n nedeni nedir?&#8217;"},"content":{"rendered":"<p>HDP Mersin Milletvekili Dr. R\u0131dvan Turan, Cumhurba\u015fkan\u0131 Karar\u0131 ile Mersin ve Ankara\u2019daki baz\u0131 alanlar\u0131n orman s\u0131n\u0131rlar\u0131 d\u0131\u015f\u0131na \u00e7\u0131kart\u0131lmas\u0131n\u0131 TBMM g\u00fcndemine ta\u015f\u0131d\u0131.<br \/>\nHDP Mersin Milletvekili Dr. R\u0131dvan Turan, konuyla ilgili Cumhurba\u015fkan\u0131 Yard\u0131mc\u0131s\u0131 Fuat Oktay\u2019\u0131n yan\u0131tlamas\u0131 i\u00e7in soru \u00f6nergesi verdi.<br \/>\nDr. R\u0131dvan Turan soru \u00f6nergesinde \u015funlar\u0131 s\u00f6yledi:\u201d<\/p>\n<p>6\/1\/2022 Tarihli ve 5085 Say\u0131l\u0131 Cumhurba\u015fkan\u0131 Karar\u0131 ile Mersin ve Ankara illerinde bulunan baz\u0131 alanlar\u0131n orman s\u0131n\u0131rlar\u0131 d\u0131\u015f\u0131na \u00e7\u0131kart\u0131lmas\u0131na karar verilmi\u015ftir. Bu karara g\u00f6re Mersin&#8217;in Yeni\u015fehir il\u00e7esine ba\u011fl\u0131 \u00c7avak Mahallesi, Mezitli il\u00e7esine ba\u011fl\u0131 Boz\u00f6n Mahallesi, Bozyaz\u0131 il\u00e7esine ba\u011fl\u0131 Tekmen Mahallesi, \u00c7aml\u0131yayla&#8217;ya ba\u011fl\u0131 \u00c7ay\u0131rekinli\u011fi Mahallesi, Mut&#8217;a ba\u011fl\u0131 Narl\u0131 Mahallesi ve Akdeniz il\u00e7esine ba\u011fl\u0131 Evci Mahallesi ile Ankara&#8217;n\u0131n K\u0131z\u0131lcahamam il\u00e7esine ba\u011fl\u0131 Yenice ve Ak\u00e7ay mahallelerinde bulunan ormanl\u0131k alanlar &#8220;bilim ve fen bak\u0131m\u0131ndan orman olarak muhafazas\u0131nda hi\u00e7bir yarar g\u00f6r\u00fclmeyen ve tar\u0131m alan\u0131na d\u00f6n\u00fc\u015ft\u00fcr\u00fclmesi de m\u00fcmk\u00fcn olmayan yerler\u201d  gibi de\u011fersiz g\u00f6sterilmek suretiyle ranta a\u00e7\u0131lmas\u0131n\u0131n \u00f6n\u00fc a\u00e7\u0131lm\u0131\u015ft\u0131r.<br \/>\nHalbuki, ormanl\u0131k alanlar bir \u00fclkenin zenginli\u011fidir. Bir \u00fclkenin orman zenginli\u011finin belirli \u00e7\u0131kar gruplar\u0131na rant sa\u011flamas\u0131n\u0131n kabul edilebilir hi\u00e7bir taraf\u0131 yoktur. Dolay\u0131s\u0131yla 6\/1\/2022 Tarihli ve 5085 Say\u0131l\u0131 Cumhurba\u015fkan\u0131 Karar\u0131 tekrar g\u00f6zden ge\u00e7irilerek iptal edilmelidir.\u201d<\/p>\n<p>Dr. R\u0131dvan Turan \u00f6nergesinde \u015fu sorulara yer verdi:<\/p>\n<p>1)\t6\/1\/2022 Tarihli ve 5085 Say\u0131l\u0131 Cumhurba\u015fkan\u0131 Karar\u0131\u2019n\u0131n gerek\u00e7esi nedir?<br \/>\n2)\t6\/1\/2022 Tarihli ve 5085 Say\u0131l\u0131 Cumhurba\u015fkan\u0131 Karar\u0131, Ankara ve Mersin illerinde tam olarak hangi mevki ve konumdaki ormanl\u0131k alanlar\u0131n orman vasf\u0131ndan \u00e7\u0131kart\u0131lmas\u0131n\u0131 kapsamaktad\u0131r?<br \/>\n3)\t6\/1\/2022 Tarihli ve 5085 Say\u0131l\u0131 Cumhurba\u015fkan\u0131 Karar\u0131\u2019n\u0131n Ankara ve Mersin illerine \u00f6zel olarak \u00e7\u0131kart\u0131lmas\u0131n\u0131n nedenleri nelerdir?<\/p>\n","protected":false},"excerpt":{"rendered":"<p>HDP Mersin Milletvekili Dr. R\u0131dvan Turan, Cumhurba\u015fkan\u0131 Karar\u0131 ile Mersin ve Ankara\u2019daki baz\u0131 alanlar\u0131n orman s\u0131n\u0131rlar\u0131 d\u0131\u015f\u0131na \u00e7\u0131kart\u0131lmas\u0131n\u0131 TBMM g\u00fcndemine ta\u015f\u0131d\u0131. HDP Mersin Milletvekili Dr. R\u0131dvan Turan, konuyla ilgili Cumhurba\u015fkan\u0131 &hellip; <a href=\"https:\/\/akdenizolaygazetesi.com\/?p=16079\" class=\"more-link\">Devam\u0131n\u0131 Oku&#8230;<\/a><\/p>\n","protected":false},"author":2,"featured_media":16080,"comment_status":"open","ping_status":"open","sticky":false,"template":"","format":"standard","meta":[],"categories":[2,3],"tags":[],"_links":{"self":[{"href":"https:\/\/akdenizolaygazetesi.com\/index.php?rest_route=\/wp\/v2\/posts\/16079"}],"collection":[{"href":"https:\/\/akdenizolaygazetesi.com\/index.php?rest_route=\/wp\/v2\/posts"}],"about":[{"href":"https:\/\/akdenizolaygazetesi.com\/index.php?rest_route=\/wp\/v2\/types\/post"}],"author":[{"embeddable":true,"href":"https:\/\/akdenizolaygazetesi.com\/index.php?rest_route=\/wp\/v2\/users\/2"}],"replies":[{"embeddable":true,"href":"https:\/\/akdenizolaygazetesi.com\/index.php?rest_route=%2Fwp%2Fv2%2Fcomments&post=16079"}],"version-history":[{"count":1,"href":"https:\/\/akdenizolaygazetesi.com\/index.php?rest_route=\/wp\/v2\/posts\/16079\/revisions"}],"predecessor-version":[{"id":16081,"href":"https:\/\/akdenizolaygazetesi.com\/index.php?rest_route=\/wp\/v2\/posts\/16079\/revisions\/16081"}],"wp:featuredmedia":[{"embeddable":true,"href":"https:\/\/akdenizolaygazetesi.com\/index.php?rest_route=\/wp\/v2\/media\/16080"}],"wp:attachment":[{"href":"https:\/\/akdenizolaygazetesi.com\/index.php?rest_route=%2Fwp%2Fv2%2Fmedia&parent=16079"}],"wp:term":[{"taxonomy":"category","embeddable":true,"href":"https:\/\/akdenizolaygazetesi.com\/index.php?rest_route=%2Fwp%2Fv2%2Fcategories&post=16079"},{"taxonomy":"post_tag","embeddable":true,"href":"https:\/\/akdenizolaygazetesi.com\/index.php?rest_route=%2Fwp%2Fv2%2Ftags&post=16079"}],"curies":[{"name":"wp","href":"https:\/\/api.w.org\/{rel}","templated":true}]}}