{"id":1608,"date":"2020-11-04T18:22:09","date_gmt":"2020-11-04T15:22:09","guid":{"rendered":"http:\/\/mersinekonomipolitikagazetesi.com\/?p=1608"},"modified":"2020-11-04T18:22:09","modified_gmt":"2020-11-04T15:22:09","slug":"kisnis-fideleri-ureticinin-yuzunu-guldurdu","status":"publish","type":"post","link":"https:\/\/akdenizolaygazetesi.com\/?p=1608","title":{"rendered":"Ki\u015fni\u015f fideleri \u00fcreticinin y\u00fcz\u00fcn\u00fc g\u00fcld\u00fcrd\u00fc"},"content":{"rendered":"<p>Mersin B\u00fcy\u00fck\u015fehir Belediyesi taraf\u0131ndan ba\u011fc\u0131l\u0131k ile ge\u00e7imini sa\u011flayan \u00fcz\u00fcm \u00fcreticilerine y\u00f6nelik hayata ge\u00e7irilen, \u2018Mersin \u0130li Meyvecili\u011fi Yayma ve Geli\u015ftirme Projesi\u2019 kapsam\u0131nda, G\u00fclnar il\u00e7esinde 17 bin adet kurutmal\u0131k ki\u015fni\u015f \u00fcz\u00fcm\u00fc fidesi da\u011f\u0131t\u0131ld\u0131.<\/p>\n<p><span style=\"font-size:16px;\"><span style=\"font-family: sans-serif; line-height: 20px; text-align: justify; background-color: rgb(242, 244, 245);\">Mersin B\u00fcy\u00fck\u015fehir Belediyesi&#8217;nden yap\u0131lan a\u00e7\u0131klamaya g\u00f6re, ki\u015fni\u015f \u00fcretimini artt\u0131rmak, \u00fcreticiye destek olmak, ana\u00e7 kullan\u0131m\u0131n\u0131 yayg\u0131nla\u015ft\u0131rmak, y\u00f6redeki ba\u011flar\u0131 daha modern hale getirmek, \u00fcr\u00fcn verimini ve kalitesini art\u0131r\u0131lmak i\u00e7in yakla\u015f\u0131k 17 bin adet kurutmal\u0131k ki\u015fni\u015f \u00fcz\u00fcm fidesi, t\u00f6renle G\u00fclnarl\u0131 \u00fcreticilerle bulu\u015fturuldu.\u00a0<\/span><br style=\"box-sizing: border-box; font-family: sans-serif; font-size: 14px; line-height: 20px; text-align: justify; background-color: rgb(242, 244, 245);\" \/><br \/>\n<span style=\"font-family: sans-serif; line-height: 20px; text-align: justify; background-color: rgb(242, 244, 245);\">A\u015f\u0131l\u0131 asma fidesi da\u011f\u0131t\u0131m t\u00f6renine G\u00fclnar Kaymakam\u0131 Ekrem G\u00fcng\u00f6r, G\u00fclnar Belediye Ba\u015fkan\u0131 Ahmet G\u00fcnel, \u0130l\u00e7e Ziraat Odas\u0131 Ba\u015fkan\u0131 Hacer Emi\u015f I\u015f\u0131k, muhtarlar ve \u00fcreticiler kat\u0131ld\u0131.\u00a0<\/span><br style=\"box-sizing: border-box; font-family: sans-serif; font-size: 14px; line-height: 20px; text-align: justify; background-color: rgb(242, 244, 245);\" \/><br \/>\n<span style=\"font-family: sans-serif; line-height: 20px; text-align: justify; background-color: rgb(242, 244, 245);\">A\u015f\u0131l\u0131 asma fidesi da\u011f\u0131t\u0131m t\u00f6reninden \u00f6nce Alata Bah\u00e7e K\u00fclt\u00fcrleri Ara\u015ft\u0131rma Enstit\u00fcs\u00fc M\u00fcd\u00fcrl\u00fc\u011f\u00fc personelleri taraf\u0131ndan \u00fcreticilere e\u011fitim verildi. E\u011fitimde Alata Bah\u00e7e K\u00fclt\u00fcrleri Ara\u015ft\u0131rma Enstit\u00fcs\u00fc M\u00fcd\u00fcrl\u00fc\u011f\u00fc Ziraat M\u00fchendisi Mehmet Erdem Kiraz, yeti\u015ftirme teknikleri, ba\u011f tesisinde yer, \u00e7e\u015fit ve ana\u00e7 se\u00e7iminin \u00f6nemi, bir ba\u011f\u0131n nas\u0131l tesis edilmesi gerekti\u011fi, filoksera b\u00f6ce\u011finin ba\u011fc\u0131l\u0131\u011fa olan zarar\u0131, ba\u011f yerinin haz\u0131rlanmas\u0131, dikim plan\u0131, fidanlar\u0131n dikimi ve bak\u0131m i\u015flemleri hakk\u0131nda \u00fcreticileri bilgilendirildi. E\u011fitimler sonras\u0131nda ger\u00e7ekle\u015ftirilen da\u011f\u0131t\u0131mda 211 \u00fcreticiyi ki\u015fni\u015f fidelerinin da\u011f\u0131t\u0131m\u0131 yap\u0131ld\u0131.\u00a0<\/span><br style=\"box-sizing: border-box; font-family: sans-serif; font-size: 14px; line-height: 20px; text-align: justify; background-color: rgb(242, 244, 245);\" \/><br \/>\n<span style=\"font-family: sans-serif; line-height: 20px; text-align: justify; background-color: rgb(242, 244, 245);\">\u201cB\u00fcy\u00fck\u015fehirin projeleri sayesinde G\u00fclnar\u2019da sulu tar\u0131m ba\u015flad\u0131\u201d\u00a0<\/span><br style=\"box-sizing: border-box; font-family: sans-serif; font-size: 14px; line-height: 20px; text-align: justify; background-color: rgb(242, 244, 245);\" \/><br \/>\n<span style=\"font-family: sans-serif; line-height: 20px; text-align: justify; background-color: rgb(242, 244, 245);\">Mersin B\u00fcy\u00fck\u015fehir Belediyesi taraf\u0131ndan yap\u0131lan tar\u0131msal hizmetlerin Mersin tar\u0131m\u0131n\u0131 geli\u015ftirdi\u011finin ve \u00fcreticiye gelir kap\u0131s\u0131 a\u00e7t\u0131\u011f\u0131n\u0131 belirten G\u00fclnar Ziraat Odas\u0131 Ba\u015fkan\u0131 Hacer Emi\u015f I\u015f\u0131k, \u201cBiz eskiden G\u00fclnar\u2019da kuru tar\u0131m yap\u0131yorduk. B\u00fcy\u00fck\u015fehir Belediyesi\u2019nin projeleri sayesinde G\u00fclnar ilimiz sulu tar\u0131ma kavu\u015ftu. Il\u0131su suluma projesini hayata ge\u00e7irerek \u00fcreticilerimizi suyla bulu\u015fturdu. \u00dcretimlerimiz artt\u0131. Hatta ge\u00e7en y\u0131l \u00fcreticilerimizden bir tanesi bu proje sayesinde G\u00fclnar\u2019da ilk defa \u00e7ilek \u00fcretimine ba\u015flad\u0131&#8221; dedi.\u00a0<\/span><\/span><\/p>\n","protected":false},"excerpt":{"rendered":"<p>Mersin B\u00fcy\u00fck\u015fehir Belediyesi taraf\u0131ndan ba\u011fc\u0131l\u0131k ile ge\u00e7imini sa\u011flayan \u00fcz\u00fcm \u00fcreticilerine y\u00f6nelik hayata ge\u00e7irilen, \u2018Mersin \u0130li Meyvecili\u011fi Yayma ve Geli\u015ftirme Projesi\u2019 kapsam\u0131nda, G\u00fclnar il\u00e7esinde 17 bin adet kurutmal\u0131k ki\u015fni\u015f \u00fcz\u00fcm\u00fc fidesi &hellip; <a href=\"https:\/\/akdenizolaygazetesi.com\/?p=1608\" class=\"more-link\">Devam\u0131n\u0131 Oku&#8230;<\/a><\/p>\n","protected":false},"author":1,"featured_media":0,"comment_status":"open","ping_status":"open","sticky":false,"template":"","format":"standard","meta":[],"categories":[],"tags":[],"_links":{"self":[{"href":"https:\/\/akdenizolaygazetesi.com\/index.php?rest_route=\/wp\/v2\/posts\/1608"}],"collection":[{"href":"https:\/\/akdenizolaygazetesi.com\/index.php?rest_route=\/wp\/v2\/posts"}],"about":[{"href":"https:\/\/akdenizolaygazetesi.com\/index.php?rest_route=\/wp\/v2\/types\/post"}],"author":[{"embeddable":true,"href":"https:\/\/akdenizolaygazetesi.com\/index.php?rest_route=\/wp\/v2\/users\/1"}],"replies":[{"embeddable":true,"href":"https:\/\/akdenizolaygazetesi.com\/index.php?rest_route=%2Fwp%2Fv2%2Fcomments&post=1608"}],"version-history":[{"count":0,"href":"https:\/\/akdenizolaygazetesi.com\/index.php?rest_route=\/wp\/v2\/posts\/1608\/revisions"}],"wp:attachment":[{"href":"https:\/\/akdenizolaygazetesi.com\/index.php?rest_route=%2Fwp%2Fv2%2Fmedia&parent=1608"}],"wp:term":[{"taxonomy":"category","embeddable":true,"href":"https:\/\/akdenizolaygazetesi.com\/index.php?rest_route=%2Fwp%2Fv2%2Fcategories&post=1608"},{"taxonomy":"post_tag","embeddable":true,"href":"https:\/\/akdenizolaygazetesi.com\/index.php?rest_route=%2Fwp%2Fv2%2Ftags&post=1608"}],"curies":[{"name":"wp","href":"https:\/\/api.w.org\/{rel}","templated":true}]}}