{"id":1609,"date":"2020-11-04T18:22:09","date_gmt":"2020-11-04T15:22:09","guid":{"rendered":"http:\/\/mersinekonomipolitikagazetesi.com\/?p=1609"},"modified":"2020-11-04T18:22:09","modified_gmt":"2020-11-04T15:22:09","slug":"marina-yat-limani-mi-alisveris-merkezi-mi","status":"publish","type":"post","link":"https:\/\/akdenizolaygazetesi.com\/?p=1609","title":{"rendered":"Marina yat liman\u0131 m\u0131? Al\u0131\u015fveri\u015f Merkezi mi?"},"content":{"rendered":"<p>Mersin Marina\u2019n\u0131n tamam\u0131n\u0131n al\u0131\u015fveri\u015f merkezi haline getirilmesi i\u00e7in gezi ve tiyatro yerlerine h\u0131zla in\u015faat yap\u0131m\u0131 devam ederken, yetkililerin bu konuda sessiz kalmas\u0131 tepkilere neden oluyor.<\/p>\n<blockquote type=\"cite\">\n<div dir=\"ltr\">\n<p><span style=\"font-size:16px;\">Vatanda\u015f: \u201cBuras\u0131 yat liman\u0131 m\u0131 yoksa al\u0131\u015fveri\u015f merkezi mi?\u201d diye sorarak tepkisini dile getirirken, yetkililerin bu geli\u015fmeler kar\u015f\u0131s\u0131nda susan bir tav\u0131r i\u00e7inde bulunmas\u0131 \u201cMersin Marina sahipsiz mi?\u201d \u015feklinde sorular\u0131 da g\u00fcndeme getiriyor.<\/p>\n<p>ADI DE\u011e\u0130\u015eS\u0130N: \u201cMERS\u0130N ALI\u015eVER\u0130\u015e MERKEZ\u0130 OLSUN\u201d\u00a0<\/span><\/p>\n<p>\u00a0<\/p>\n<p><span style=\"font-size:16px;\">Mersin Marina\u2019n\u0131n yat liman\u0131 olarak a\u00e7\u0131lmas\u0131ndan sonra giderek al\u0131\u015fveri\u015f merkezi yeri haline gelmesi ve yeni i\u015fyerleri i\u00e7in in\u015faata ba\u015flanmas\u0131, vatanda\u015f\u0131n tepkilerine neden olurken yetkililerin de sesiz kalmas\u0131 insanlar\u0131 \u00e7ileden \u00e7\u0131kar\u0131yor.<\/span><\/p>\n<p><span style=\"font-size:16px;\">Yat liman\u0131 olarak adland\u0131r\u0131lan yerde gezi ve tiyatro alan\u0131 olarak ev sahipli\u011fi yap\u0131lan alan yerine \u015fimdi in\u015faata ba\u015flanm\u0131\u015f olmas\u0131 Mersin Marina\u2019n\u0131n tamam\u0131n\u0131 al\u0131\u015fveri\u015f merkezi haline getiriyor.<\/span><\/p>\n<p>\u00a0<\/p>\n<p><span style=\"font-size:16px;\">Mersin Marina\u2019da kiralar pahal\u0131 oldu\u011fundan al\u0131\u015fveri\u015f yapan vatanda\u015f dudak u\u00e7uklatan fiyatlar nedeniyle al\u0131\u015fveri\u015ften de memnun kalm\u0131yor.<\/span><\/p>\n<p><span style=\"font-size:16px;\">Devletin yapt\u0131\u011f\u0131 Marina b\u00f6lgesi projesi yat liman\u0131 olarak belirlenirken, oran\u0131n yat liman\u0131ndan daha \u00e7ok i\u015f yerleri ile al\u0131\u015fveri\u015f merkezi olmas\u0131 ve devam\u0131nda yeni in\u015faatlara giderek de g\u00f6z yumulmas\u0131 tepkileri devam ettiriyor.<\/span><\/p>\n<p><span style=\"font-size:16px;\">Marinada bulunan i\u015fyeri sahipleri de kendilerine kar\u015f\u0131 rakip haline gelecek yeni i\u015fyerlerine kar\u015f\u0131 olumsuz davranarak geli\u015fmelere tepki g\u00f6steriyorlar.<\/span><\/p>\n<\/div>\n<\/blockquote>\n","protected":false},"excerpt":{"rendered":"<p>Mersin Marina\u2019n\u0131n tamam\u0131n\u0131n al\u0131\u015fveri\u015f merkezi haline getirilmesi i\u00e7in gezi ve tiyatro yerlerine h\u0131zla in\u015faat yap\u0131m\u0131 devam ederken, yetkililerin bu konuda sessiz kalmas\u0131 tepkilere neden oluyor. Vatanda\u015f: \u201cBuras\u0131 yat liman\u0131 m\u0131 &hellip; <a href=\"https:\/\/akdenizolaygazetesi.com\/?p=1609\" class=\"more-link\">Devam\u0131n\u0131 Oku&#8230;<\/a><\/p>\n","protected":false},"author":1,"featured_media":0,"comment_status":"open","ping_status":"open","sticky":false,"template":"","format":"standard","meta":[],"categories":[],"tags":[],"_links":{"self":[{"href":"https:\/\/akdenizolaygazetesi.com\/index.php?rest_route=\/wp\/v2\/posts\/1609"}],"collection":[{"href":"https:\/\/akdenizolaygazetesi.com\/index.php?rest_route=\/wp\/v2\/posts"}],"about":[{"href":"https:\/\/akdenizolaygazetesi.com\/index.php?rest_route=\/wp\/v2\/types\/post"}],"author":[{"embeddable":true,"href":"https:\/\/akdenizolaygazetesi.com\/index.php?rest_route=\/wp\/v2\/users\/1"}],"replies":[{"embeddable":true,"href":"https:\/\/akdenizolaygazetesi.com\/index.php?rest_route=%2Fwp%2Fv2%2Fcomments&post=1609"}],"version-history":[{"count":0,"href":"https:\/\/akdenizolaygazetesi.com\/index.php?rest_route=\/wp\/v2\/posts\/1609\/revisions"}],"wp:attachment":[{"href":"https:\/\/akdenizolaygazetesi.com\/index.php?rest_route=%2Fwp%2Fv2%2Fmedia&parent=1609"}],"wp:term":[{"taxonomy":"category","embeddable":true,"href":"https:\/\/akdenizolaygazetesi.com\/index.php?rest_route=%2Fwp%2Fv2%2Fcategories&post=1609"},{"taxonomy":"post_tag","embeddable":true,"href":"https:\/\/akdenizolaygazetesi.com\/index.php?rest_route=%2Fwp%2Fv2%2Ftags&post=1609"}],"curies":[{"name":"wp","href":"https:\/\/api.w.org\/{rel}","templated":true}]}}