{"id":16093,"date":"2022-01-12T12:01:52","date_gmt":"2022-01-12T09:01:52","guid":{"rendered":"http:\/\/akdenizolaygazetesi.com\/?p=16093"},"modified":"2022-01-12T12:01:52","modified_gmt":"2022-01-12T09:01:52","slug":"mersin-buyuksehir-tarsusta-evi-yanan-3-aileye-esya-destegi-verdi","status":"publish","type":"post","link":"https:\/\/akdenizolaygazetesi.com\/?p=16093","title":{"rendered":"MERS\u0130N B\u00dcY\u00dcK\u015eEH\u0130R, TARSUS&#8217;TA EV\u0130 YANAN 3 A\u0130LEYE E\u015eYA DESTE\u011e\u0130 VERD\u0130"},"content":{"rendered":"<p>Mersin B\u00fcy\u00fck\u015fehir Belediyesi, sosyal belediyecilik anlay\u0131\u015f\u0131yla vatanda\u015flara hizmet sunmaya devam ediyor. B\u00fcy\u00fck\u015fehir ekipleri, Tarsus&#8217;ta ge\u00e7ti\u011fimiz aylarda \u00e7\u0131kan yang\u0131nlar nedeniyle ma\u011fduriyet ya\u015fayan 3 aileye daha e\u015fya deste\u011fi verdi.<\/p>\n<p>B\u00fcy\u00fck\u015fehir, vatanda\u015flar\u0131n yaralar\u0131n\u0131 sar\u0131yor<\/p>\n<p>B\u00fcy\u00fck\u015fehir Belediyesi Sosyal Hizmetler Dairesi, yang\u0131n ma\u011fduru dar gelirli ailelerin evini bak\u0131m-onar\u0131m \u00e7al\u0131\u015fmalar\u0131yla yenileyip e\u015fya deste\u011finde bulunuyor. Y\u00fcr\u00fct\u00fclen \u00e7al\u0131\u015fmalar kapsam\u0131nda 2021 y\u0131l\u0131 i\u00e7erisinde yang\u0131ndan dolay\u0131 ma\u011fduriyet ya\u015fayan Tarsus&#8217;ta 23, \u00c7aml\u0131yayla&#8217;da ise bir aileye e\u015fya deste\u011finde bulunuldu. B\u00fcy\u00fck\u015fehir ekipleri, yine yang\u0131n nedeniyle s\u0131k\u0131nt\u0131 ya\u015fayan 4 aileye de tadilat konusunda yard\u0131mc\u0131 oldu.<\/p>\n<p>B\u00fcy\u00fck\u015fehir ekipleri, son olarak ge\u00e7ti\u011fimiz aylarda \u00e7\u0131kan yang\u0131nlar nedeniyle s\u0131k\u0131nt\u0131 ya\u015fayan Tarsus il\u00e7esi Mithatpa\u015fa, An\u0131t ve Fahrettinpa\u015fa Mahallelerinde ya\u015fayan 3 aileye; ihtiya\u00e7 durumlar\u0131na g\u00f6re, \u00e7ekyat, bazal\u0131 yatak, buzdolab\u0131, \u00e7ama\u015f\u0131r makinas\u0131 ve f\u0131r\u0131nl\u0131 ocak teslimat\u0131n\u0131 ger\u00e7ekle\u015ftirdi.<\/p>\n","protected":false},"excerpt":{"rendered":"<p>Mersin B\u00fcy\u00fck\u015fehir Belediyesi, sosyal belediyecilik anlay\u0131\u015f\u0131yla vatanda\u015flara hizmet sunmaya devam ediyor. B\u00fcy\u00fck\u015fehir ekipleri, Tarsus&#8217;ta ge\u00e7ti\u011fimiz aylarda \u00e7\u0131kan yang\u0131nlar nedeniyle ma\u011fduriyet ya\u015fayan 3 aileye daha e\u015fya deste\u011fi verdi. B\u00fcy\u00fck\u015fehir, vatanda\u015flar\u0131n yaralar\u0131n\u0131 &hellip; <a href=\"https:\/\/akdenizolaygazetesi.com\/?p=16093\" class=\"more-link\">Devam\u0131n\u0131 Oku&#8230;<\/a><\/p>\n","protected":false},"author":2,"featured_media":16094,"comment_status":"open","ping_status":"open","sticky":false,"template":"","format":"standard","meta":[],"categories":[3],"tags":[],"_links":{"self":[{"href":"https:\/\/akdenizolaygazetesi.com\/index.php?rest_route=\/wp\/v2\/posts\/16093"}],"collection":[{"href":"https:\/\/akdenizolaygazetesi.com\/index.php?rest_route=\/wp\/v2\/posts"}],"about":[{"href":"https:\/\/akdenizolaygazetesi.com\/index.php?rest_route=\/wp\/v2\/types\/post"}],"author":[{"embeddable":true,"href":"https:\/\/akdenizolaygazetesi.com\/index.php?rest_route=\/wp\/v2\/users\/2"}],"replies":[{"embeddable":true,"href":"https:\/\/akdenizolaygazetesi.com\/index.php?rest_route=%2Fwp%2Fv2%2Fcomments&post=16093"}],"version-history":[{"count":1,"href":"https:\/\/akdenizolaygazetesi.com\/index.php?rest_route=\/wp\/v2\/posts\/16093\/revisions"}],"predecessor-version":[{"id":16095,"href":"https:\/\/akdenizolaygazetesi.com\/index.php?rest_route=\/wp\/v2\/posts\/16093\/revisions\/16095"}],"wp:featuredmedia":[{"embeddable":true,"href":"https:\/\/akdenizolaygazetesi.com\/index.php?rest_route=\/wp\/v2\/media\/16094"}],"wp:attachment":[{"href":"https:\/\/akdenizolaygazetesi.com\/index.php?rest_route=%2Fwp%2Fv2%2Fmedia&parent=16093"}],"wp:term":[{"taxonomy":"category","embeddable":true,"href":"https:\/\/akdenizolaygazetesi.com\/index.php?rest_route=%2Fwp%2Fv2%2Fcategories&post=16093"},{"taxonomy":"post_tag","embeddable":true,"href":"https:\/\/akdenizolaygazetesi.com\/index.php?rest_route=%2Fwp%2Fv2%2Ftags&post=16093"}],"curies":[{"name":"wp","href":"https:\/\/api.w.org\/{rel}","templated":true}]}}