{"id":1610,"date":"2020-11-04T18:22:09","date_gmt":"2020-11-04T15:22:09","guid":{"rendered":"http:\/\/mersinekonomipolitikagazetesi.com\/?p=1610"},"modified":"2020-11-04T18:22:09","modified_gmt":"2020-11-04T15:22:09","slug":"tiy-sampiyonluk-icin-kararli","status":"publish","type":"post","link":"https:\/\/akdenizolaygazetesi.com\/?p=1610","title":{"rendered":"T\u0130Y \u015eAMP\u0130YONLUK \u0130\u00c7\u0130N KARARLI"},"content":{"rendered":"<p>Tarsus \u0130dman Yurdu 3. Lig 3. Grupta \u015eampiyonluk m\u00fccadelesini s\u00fcrd\u00fcrerek zorlu Cizrespor deplasman\u0131nda ald\u0131\u011f\u0131 2-1 galibiyetle liderli\u011fe biraz daha yakla\u015ft\u0131.<\/p>\n<blockquote type=\"cite\">\n<div dir=\"ltr\">\n<p><span style=\"font-size:16px;\">T\u0130Y deplasmanda Cizrespor\u2019la yapt\u0131\u011f\u0131 kar\u015f\u0131la\u015fmada saha i\u00e7i ve saha d\u0131\u015f\u0131 olaylar ya\u015fand\u0131. T\u0130Y bu sorunlar\u0131 dikkate almadan, 10 ki\u015fiyle m\u00fccadele vererek 2-1 galibiyetle sahadan ayr\u0131ld\u0131.<\/span><\/p>\n<p><span style=\"font-size:16px;\">Fikst\u00fcr\u00fcn son alt\u0131 ma\u00e7\u0131na odaklanan T\u0130Y ikinci s\u0131rada yerini korurken liderli\u011fe g\u00f6z\u00fcn\u00fc dikti.<\/span><\/p>\n<p>\u00a0<\/p>\n<p><span style=\"font-size:16px;\">Galibiyetle sonu\u00e7lanan ma\u00e7tan sonra T\u0130Y Kul\u00fcp Ba\u015fkan\u0131 \u00d6nder Ege ya\u015fanan saha i\u00e7i saha d\u0131\u015f\u0131 sorunlar hakk\u0131nda a\u00e7\u0131klamalarda bulundu.<\/span><\/p>\n<p>\u00a0<\/p>\n<p><span style=\"font-size:16px;\">\u201cYOLUMUZA DEVAM ED\u0130YORUZ\u2019\u2019<\/span><\/p>\n<p>\u00a0<\/p>\n<p><span style=\"font-size:16px;\">B\u00f6yle bir ma\u00e7ta al\u0131nan galibiyetten dolay\u0131 mutlu olduklar\u0131n\u0131 dile getiren Ege: \u201cMa\u00e7\u0131n neredeyse genelinde sahada 10 ki\u015fi oynayan tak\u0131m\u0131n \u015eampiyonlu\u011fu ne kadar \u00e7ok istedik. T\u00fcm T\u00fcrkiye bunu g\u00f6rd\u00fc. Ya\u015fanan olaylardan dolay\u0131, hakk\u0131n\u0131 helal etmiyorum. Ma\u00e7a iyi ba\u015flad\u0131k. Kaptan\u0131m\u0131z Ferhat Duman\u2019\u0131n girdi\u011fi pozisyon sonras\u0131 yedi\u011fi k\u0131rm\u0131z\u0131 kart ile ma\u00e7\u0131n 16. dakikas\u0131ndan sonra 10 ki\u015fi oynamak zorunda kald\u0131k. E\u011fer 11 ki\u015fi ile m\u00fccadele etseydik bu skor daha farkl\u0131 \u015fekilde olabilirdi. Futbolcular\u0131m\u0131z ve teknik ekibimizin eme\u011fine sa\u011fl\u0131k. Yolumuza devam ediyoruz\u2019\u2019 ifadelerini kulland\u0131.<\/span><\/p>\n<p>\u00a0<\/p>\n<p>\u00a0<\/p>\n<p><span style=\"font-size:16px;\">\u201cB\u0130Z\u0130M G\u00d6STERD\u0130\u011e\u0130M\u0130Z M\u0130SAF\u0130R PERVERL\u0130\u011e\u0130M\u0130Z\u0130 C\u0130ZRE&#8217;DE G\u00d6REMED\u0130K.\u2019\u2019<\/span><\/p>\n<p>\u00a0<\/p>\n<p><span style=\"font-size:16px;\">Sald\u0131r\u0131y\u0131 k\u0131nayan Ege: \u201c\u0130lk yar\u0131n\u0131n sona ermesiyle birlikte soyunma odas\u0131nda oyuncular\u0131m\u0131za sald\u0131r\u0131 oldu. Devre aras\u0131nda oyuncumuz Y\u0131lmaz Can\u2019a fiili bir sald\u0131r\u0131 olmu\u015ftur. Akredite kart\u0131 olan bir \u015fah\u0131s oyuncumuza sald\u0131rm\u0131\u015ft\u0131r. Hocam\u0131z \u00d6zcan K\u0131z\u0131ltan\u2019a yap\u0131lan\u0131 ise t\u00fcm \u00fclke Devletin kanal\u0131nda izlemi\u015ftir. Biz \u00fclkemiz topraklar\u0131nda bir ma\u00e7 oynad\u0131\u011f\u0131m\u0131z\u0131 biliyoruz. Ma\u00e7\u0131n ard\u0131ndan oyuncular\u0131m\u0131z uzun s\u00fcre stadyumda bekletilmi\u015ftir. Saha d\u0131\u015f\u0131 olaylar\u0131 \u00f6nleyen Emniyet Kuvvetlerine \u015f\u00fckranlar\u0131m\u0131z\u0131 bor\u00e7luyuz. T\u00fcrkiye Futbol Federasyonumuzu g\u00f6reve davet ediyorum. Kafilemiz \u015fuan Emniyet Kuvvetleri e\u015fli\u011finde Cizre\u2019den \u00e7\u0131k\u0131yorlar. Bizim g\u00f6sterdi\u011fimiz misafir perverli\u011fimizi ne yaz\u0131k ki Cizre&#8217;de g\u00f6remedik.\u2019\u2019 \u015feklinde konu\u015ftu.<\/span><\/p>\n<\/div>\n<\/blockquote>\n","protected":false},"excerpt":{"rendered":"<p>Tarsus \u0130dman Yurdu 3. Lig 3. Grupta \u015eampiyonluk m\u00fccadelesini s\u00fcrd\u00fcrerek zorlu Cizrespor deplasman\u0131nda ald\u0131\u011f\u0131 2-1 galibiyetle liderli\u011fe biraz daha yakla\u015ft\u0131. T\u0130Y deplasmanda Cizrespor\u2019la yapt\u0131\u011f\u0131 kar\u015f\u0131la\u015fmada saha i\u00e7i ve saha d\u0131\u015f\u0131 &hellip; <a href=\"https:\/\/akdenizolaygazetesi.com\/?p=1610\" class=\"more-link\">Devam\u0131n\u0131 Oku&#8230;<\/a><\/p>\n","protected":false},"author":1,"featured_media":0,"comment_status":"open","ping_status":"open","sticky":false,"template":"","format":"standard","meta":[],"categories":[],"tags":[],"_links":{"self":[{"href":"https:\/\/akdenizolaygazetesi.com\/index.php?rest_route=\/wp\/v2\/posts\/1610"}],"collection":[{"href":"https:\/\/akdenizolaygazetesi.com\/index.php?rest_route=\/wp\/v2\/posts"}],"about":[{"href":"https:\/\/akdenizolaygazetesi.com\/index.php?rest_route=\/wp\/v2\/types\/post"}],"author":[{"embeddable":true,"href":"https:\/\/akdenizolaygazetesi.com\/index.php?rest_route=\/wp\/v2\/users\/1"}],"replies":[{"embeddable":true,"href":"https:\/\/akdenizolaygazetesi.com\/index.php?rest_route=%2Fwp%2Fv2%2Fcomments&post=1610"}],"version-history":[{"count":0,"href":"https:\/\/akdenizolaygazetesi.com\/index.php?rest_route=\/wp\/v2\/posts\/1610\/revisions"}],"wp:attachment":[{"href":"https:\/\/akdenizolaygazetesi.com\/index.php?rest_route=%2Fwp%2Fv2%2Fmedia&parent=1610"}],"wp:term":[{"taxonomy":"category","embeddable":true,"href":"https:\/\/akdenizolaygazetesi.com\/index.php?rest_route=%2Fwp%2Fv2%2Fcategories&post=1610"},{"taxonomy":"post_tag","embeddable":true,"href":"https:\/\/akdenizolaygazetesi.com\/index.php?rest_route=%2Fwp%2Fv2%2Ftags&post=1610"}],"curies":[{"name":"wp","href":"https:\/\/api.w.org\/{rel}","templated":true}]}}