{"id":1611,"date":"2020-11-04T18:22:09","date_gmt":"2020-11-04T15:22:09","guid":{"rendered":"http:\/\/mersinekonomipolitikagazetesi.com\/?p=1611"},"modified":"2020-11-04T18:22:09","modified_gmt":"2020-11-04T15:22:09","slug":"saadet-partisi-donem-baskanlari-seciliyor","status":"publish","type":"post","link":"https:\/\/akdenizolaygazetesi.com\/?p=1611","title":{"rendered":"SAADET PART\u0130S\u0130 D\u00d6NEM BA\u015eKANLARI SE\u00c7\u0130L\u0130YOR"},"content":{"rendered":"<p>Saadet Partisi Mersin Akdeniz 3. Ola\u011fan Kongresi toplant\u0131s\u0131nda Akdeniz \u0130l\u00e7e Ba\u015fkanl\u0131\u011f\u0131na \u0130smet Kavak se\u00e7ildi.<\/p>\n<p><span style=\"font-size:16px;\"><span style=\"color: rgb(34, 34, 34); font-family: arial, sans-serif; line-height: normal;\">Saadet Partisi Mersin Akdeniz \u0130l\u00e7e Te\u015fkilat\u0131n\u0131n Kongresi Ziraat Odas\u0131 Toplant\u0131 Salonunda ger\u00e7ekle\u015fti. Toplant\u0131 salonunda Saadet Partisi (SP) il\u00e7e ba\u015fkanlar\u0131 yerlerini al\u0131rken ard\u0131ndan \u0130stiklal Mar\u015f\u0131 okundu.<\/span><br style=\"color: rgb(34, 34, 34); font-family: arial, sans-serif; font-size: 12.8px; line-height: normal;\" \/><br \/>\n<br style=\"color: rgb(34, 34, 34); font-family: arial, sans-serif; font-size: 12.8px; line-height: normal;\" \/><br \/>\n<span style=\"color: rgb(34, 34, 34); font-family: arial, sans-serif; line-height: normal;\">Sonras\u0131nda \u0130l\u00e7e Ba\u015fkanlar\u0131 faaliyet raporlar\u0131n\u0131 sunarak g\u00fcn\u00fcn hatibi SP G\u0130K \u00fcyesi \u00c7elebi Keyh\u0131d\u0131r da milli g\u00f6r\u00fc\u015f\u00fcn yapt\u0131\u011f\u0131 hizmetleri dile getirdi.<\/span><br style=\"color: rgb(34, 34, 34); font-family: arial, sans-serif; font-size: 12.8px; line-height: normal;\" \/><br \/>\n<br style=\"color: rgb(34, 34, 34); font-family: arial, sans-serif; font-size: 12.8px; line-height: normal;\" \/><br \/>\n<span style=\"color: rgb(34, 34, 34); font-family: arial, sans-serif; line-height: normal;\">Selamet Partisi\u2019nin yedi ayl\u0131k CHP ile koalisyonunda 1974\u2019te K\u0131br\u0131s\u2019\u0131n fethi, imam hatip lisesi a\u00e7\u0131l\u0131\u015flar\u0131 ve \u015feker, ka\u011f\u0131t, azot, \u00e7imento fabrikalar\u0131n\u0131n a\u00e7\u0131l\u0131\u015f\u0131n\u0131n ger\u00e7ekle\u015fti\u011fini dile getirerek\u00a0 Refahyol d\u00f6neminde yap\u0131lan hizmetlere de de\u011findi.<\/span><br style=\"color: rgb(34, 34, 34); font-family: arial, sans-serif; font-size: 12.8px; line-height: normal;\" \/><br \/>\n<br style=\"color: rgb(34, 34, 34); font-family: arial, sans-serif; font-size: 12.8px; line-height: normal;\" \/><br \/>\n<span style=\"color: rgb(34, 34, 34); font-family: arial, sans-serif; line-height: normal;\">Konu\u015fmas\u0131n\u0131n son s\u00f6zlerinde Keyh\u0131d\u0131r,\u00a0 Saadet Partisi olarak h\u0131zla ilerledikleri vurgulad\u0131.<\/span><br style=\"color: rgb(34, 34, 34); font-family: arial, sans-serif; font-size: 12.8px; line-height: normal;\" \/><br \/>\n<br style=\"color: rgb(34, 34, 34); font-family: arial, sans-serif; font-size: 12.8px; line-height: normal;\" \/><br \/>\n<br style=\"color: rgb(34, 34, 34); font-family: arial, sans-serif; font-size: 12.8px; line-height: normal;\" \/><br \/>\n<span style=\"color: rgb(34, 34, 34); font-family: arial, sans-serif; line-height: normal;\">Kongrenin bitiminde ise oy kullan\u0131m\u0131 sona ererek\u00a0 \u0130smet Kavak Akdeniz Saadet Partisi \u0130l\u00e7e Ba\u015fkan\u0131 olarak se\u00e7ildi.<\/span><\/span><\/p>\n","protected":false},"excerpt":{"rendered":"<p>Saadet Partisi Mersin Akdeniz 3. Ola\u011fan Kongresi toplant\u0131s\u0131nda Akdeniz \u0130l\u00e7e Ba\u015fkanl\u0131\u011f\u0131na \u0130smet Kavak se\u00e7ildi. Saadet Partisi Mersin Akdeniz \u0130l\u00e7e Te\u015fkilat\u0131n\u0131n Kongresi Ziraat Odas\u0131 Toplant\u0131 Salonunda ger\u00e7ekle\u015fti. Toplant\u0131 salonunda Saadet Partisi &hellip; <a href=\"https:\/\/akdenizolaygazetesi.com\/?p=1611\" class=\"more-link\">Devam\u0131n\u0131 Oku&#8230;<\/a><\/p>\n","protected":false},"author":1,"featured_media":0,"comment_status":"open","ping_status":"open","sticky":false,"template":"","format":"standard","meta":[],"categories":[],"tags":[],"_links":{"self":[{"href":"https:\/\/akdenizolaygazetesi.com\/index.php?rest_route=\/wp\/v2\/posts\/1611"}],"collection":[{"href":"https:\/\/akdenizolaygazetesi.com\/index.php?rest_route=\/wp\/v2\/posts"}],"about":[{"href":"https:\/\/akdenizolaygazetesi.com\/index.php?rest_route=\/wp\/v2\/types\/post"}],"author":[{"embeddable":true,"href":"https:\/\/akdenizolaygazetesi.com\/index.php?rest_route=\/wp\/v2\/users\/1"}],"replies":[{"embeddable":true,"href":"https:\/\/akdenizolaygazetesi.com\/index.php?rest_route=%2Fwp%2Fv2%2Fcomments&post=1611"}],"version-history":[{"count":0,"href":"https:\/\/akdenizolaygazetesi.com\/index.php?rest_route=\/wp\/v2\/posts\/1611\/revisions"}],"wp:attachment":[{"href":"https:\/\/akdenizolaygazetesi.com\/index.php?rest_route=%2Fwp%2Fv2%2Fmedia&parent=1611"}],"wp:term":[{"taxonomy":"category","embeddable":true,"href":"https:\/\/akdenizolaygazetesi.com\/index.php?rest_route=%2Fwp%2Fv2%2Fcategories&post=1611"},{"taxonomy":"post_tag","embeddable":true,"href":"https:\/\/akdenizolaygazetesi.com\/index.php?rest_route=%2Fwp%2Fv2%2Ftags&post=1611"}],"curies":[{"name":"wp","href":"https:\/\/api.w.org\/{rel}","templated":true}]}}