{"id":16120,"date":"2022-01-14T13:09:49","date_gmt":"2022-01-14T10:09:49","guid":{"rendered":"http:\/\/akdenizolaygazetesi.com\/?p=16120"},"modified":"2022-01-14T13:09:49","modified_gmt":"2022-01-14T10:09:49","slug":"mesiaddan-mtosbye-ziyaret","status":"publish","type":"post","link":"https:\/\/akdenizolaygazetesi.com\/?p=16120","title":{"rendered":"MES\u0130AD&#8217;dan MTOSB&#8217;ye ziyaret"},"content":{"rendered":"<p>Mersin Sanayicileri ve \u0130\u015f \u0130nsanlar\u0131 Derne\u011fi, Mersin Tarsus Organize Sanayi B\u00f6lgesi&#8217;ni ziyaret ederek \u00e7al\u0131\u015fmalar hakk\u0131nda bilgi ald\u0131.<\/p>\n<p>MES\u0130AD Y\u00f6netim Kurulu Ba\u015fkan\u0131 Hasan Engin, Y\u00fcksek \u0130sti\u015fare Kurulu Ba\u015fkan\u0131 Adnan G\u00fcndo\u011fdu, Y\u00fcksek \u0130sti\u015fare Kurulu Ba\u015fkan Vekili Servet \u00c7amurda\u015f, Y\u00f6netim Kurulu Ba\u015fkan Yard\u0131mc\u0131s\u0131 R\u0131dvan Ar\u0131\u00e7 ve Ahmet Polat, Genel Sekreter Sibel \u0130nand\u0131, Y\u00f6netim Kurulu \u00dcyeleri Mehmet Ali Akdemir, Adem Bahattin Uzadal\u0131, Ayla G\u00fcndo\u011fdu, Kaz\u0131m Alt\u0131o\u011flu, Sait Dervi\u015fo\u011flu, Osman Turan, Filiz Burakgazi ve Umut \u00c7elik, Mersin Tarsus Organize Sanayi B\u00f6lgesi&#8217;ni ziyaret ederek Y\u00f6netim Kurulu Ba\u015fkan\u0131 Sabri Tekli, Y\u00f6netim Kurulu \u00dcyesi Seyfetullah I\u015f\u0131k, K\u00fcr\u015fad Haddat ve Denetim Kurulu \u00dcyesi Hasan Y\u0131ld\u0131r\u0131m ve B\u00f6lge M\u00fcd\u00fcr\u00fc Halil Y\u0131lmaz&#8217;dan yap\u0131lan \u00e7al\u0131\u015fmalar hakk\u0131nda bilgi ald\u0131lar.<\/p>\n<p>MTOSB B\u00f6lge M\u00fcd\u00fcrl\u00fc\u011f\u00fc&#8217;nde b\u00f6lgenin yap\u0131s\u0131 ve \u00e7al\u0131\u015fmalar\u0131 hakk\u0131nda bilgi veren Ba\u015fkan Tekli, &#8216;\u015eu an faal durumda 3 b\u00f6lgemiz bulunuyor. 4. B\u00f6lgenin t\u00fcm \u00e7al\u0131\u015fmalar\u0131n\u0131 tamamlad\u0131k. Yak\u0131nda parsel tahsislerimizi yaparak bu b\u00f6lgemizi de yat\u0131r\u0131mc\u0131lar\u0131n hizmetine sunaca\u011f\u0131z. Hemen ard\u0131ndan ise 5. B\u00f6lge \u00e7al\u0131\u015fmalar\u0131m\u0131za ba\u015flayaca\u011f\u0131z&#8217; dedi.<\/p>\n<p>B\u00f6lge M\u00fcd\u00fcrl\u00fc\u011f\u00fc&#8217;n\u00fcn ard\u0131ndan Model Fabrika ve \u0130novasyon Merkezi&#8217;ni ziyaret eden MES\u0130AD ekibi yap\u0131lan \u00e7al\u0131\u015fmalar hakk\u0131nda bilgi ald\u0131lar. Ziyaret s\u0131ras\u0131nda MES\u0130AD \u00fcyeleri Ba\u015fkan Tekli ve y\u00f6netim kurulundan yer talebinde bulundular. <\/p>\n","protected":false},"excerpt":{"rendered":"<p>Mersin Sanayicileri ve \u0130\u015f \u0130nsanlar\u0131 Derne\u011fi, Mersin Tarsus Organize Sanayi B\u00f6lgesi&#8217;ni ziyaret ederek \u00e7al\u0131\u015fmalar hakk\u0131nda bilgi ald\u0131. MES\u0130AD Y\u00f6netim Kurulu Ba\u015fkan\u0131 Hasan Engin, Y\u00fcksek \u0130sti\u015fare Kurulu Ba\u015fkan\u0131 Adnan G\u00fcndo\u011fdu, Y\u00fcksek &hellip; <a href=\"https:\/\/akdenizolaygazetesi.com\/?p=16120\" class=\"more-link\">Devam\u0131n\u0131 Oku&#8230;<\/a><\/p>\n","protected":false},"author":2,"featured_media":16121,"comment_status":"open","ping_status":"open","sticky":false,"template":"","format":"standard","meta":[],"categories":[3],"tags":[],"_links":{"self":[{"href":"https:\/\/akdenizolaygazetesi.com\/index.php?rest_route=\/wp\/v2\/posts\/16120"}],"collection":[{"href":"https:\/\/akdenizolaygazetesi.com\/index.php?rest_route=\/wp\/v2\/posts"}],"about":[{"href":"https:\/\/akdenizolaygazetesi.com\/index.php?rest_route=\/wp\/v2\/types\/post"}],"author":[{"embeddable":true,"href":"https:\/\/akdenizolaygazetesi.com\/index.php?rest_route=\/wp\/v2\/users\/2"}],"replies":[{"embeddable":true,"href":"https:\/\/akdenizolaygazetesi.com\/index.php?rest_route=%2Fwp%2Fv2%2Fcomments&post=16120"}],"version-history":[{"count":1,"href":"https:\/\/akdenizolaygazetesi.com\/index.php?rest_route=\/wp\/v2\/posts\/16120\/revisions"}],"predecessor-version":[{"id":16122,"href":"https:\/\/akdenizolaygazetesi.com\/index.php?rest_route=\/wp\/v2\/posts\/16120\/revisions\/16122"}],"wp:featuredmedia":[{"embeddable":true,"href":"https:\/\/akdenizolaygazetesi.com\/index.php?rest_route=\/wp\/v2\/media\/16121"}],"wp:attachment":[{"href":"https:\/\/akdenizolaygazetesi.com\/index.php?rest_route=%2Fwp%2Fv2%2Fmedia&parent=16120"}],"wp:term":[{"taxonomy":"category","embeddable":true,"href":"https:\/\/akdenizolaygazetesi.com\/index.php?rest_route=%2Fwp%2Fv2%2Fcategories&post=16120"},{"taxonomy":"post_tag","embeddable":true,"href":"https:\/\/akdenizolaygazetesi.com\/index.php?rest_route=%2Fwp%2Fv2%2Ftags&post=16120"}],"curies":[{"name":"wp","href":"https:\/\/api.w.org\/{rel}","templated":true}]}}