{"id":16126,"date":"2022-01-14T13:14:51","date_gmt":"2022-01-14T10:14:51","guid":{"rendered":"http:\/\/akdenizolaygazetesi.com\/?p=16126"},"modified":"2022-01-14T13:14:51","modified_gmt":"2022-01-14T10:14:51","slug":"ogrenciler-siyah-bant-takarak-gorme-engellileri-anlamaya-calisti","status":"publish","type":"post","link":"https:\/\/akdenizolaygazetesi.com\/?p=16126","title":{"rendered":"\u00d6\u011eRENC\u0130LER S\u0130YAH BANT TAKARAK G\u00d6RME ENGELL\u0130LER\u0130 ANLAMAYA \u00c7ALI\u015eTI"},"content":{"rendered":"<p>Mersin B\u00fcy\u00fck\u015fehir Belediyesi Engelliler ve Sa\u011fl\u0131k Hizmetleri Dairesi Ba\u015fkanl\u0131\u011f\u0131 Engelliler \u015eube M\u00fcd\u00fcrl\u00fc\u011f\u00fc taraf\u0131ndan Toroslar \u015eifa Hatun Mesleki ve Teknik Anadolu Lisesi&#8217;nde &#8216;7-14 Ocak Beyaz Baston G\u00f6rme Engelliler Haftas\u0131&#8217; dolay\u0131s\u0131yla &#8216;Fark\u0131ndal\u0131k ve Empati&#8217; \u00e7al\u0131\u015fmas\u0131 yap\u0131ld\u0131. \u00c7al\u0131\u015fma kapsam\u0131nda \u00f6\u011frenciler hissedilebilir y\u00fczeyde g\u00f6zlerinde siyah bant ve ellerinde beyaz baston ile y\u00fcr\u00fcmeyi deneyimledikten sonra s\u00fcrahiden barda\u011fa su doldurmaya \u00e7al\u0131\u015ft\u0131. Deneyimleri s\u0131ras\u0131nda olduk\u00e7a zorlanan \u00f6\u011frenciler i\u00e7in anlaml\u0131 bir fark\u0131ndal\u0131k \u00e7al\u0131\u015fmas\u0131 oldu.<br \/>\n\u0130lk olarak \u00f6\u011frencilere bilgilendirme yap\u0131ld\u0131<br \/>\n\u00c7al\u0131\u015fma kapsam\u0131nda ilk olarak Engelliler ve Sa\u011fl\u0131k Hizmetleri Dairesi Ba\u015fkanl\u0131\u011f\u0131&#8217;nda psikolog olarak g\u00f6rev yapan Ezgi D\u00fclger taraf\u0131ndan \u00f6\u011frencilere k\u0131sa bir bilgilendirme yap\u0131ld\u0131. Psikolog D\u00fclger, farkl\u0131 engel gruplar\u0131 hakk\u0131nda bilgiler verirken, herkesin birer engelli aday\u0131 oldu\u011funu hat\u0131rlatt\u0131. D\u00fclger, bir engellinin ya\u015fam\u0131n\u0131 s\u00fcrd\u00fcr\u00fcrken ya\u015fad\u0131\u011f\u0131 zorluklar\u0131 anlamak i\u00e7in b\u00f6yle bir etkinli\u011fi d\u00fczenlediklerini s\u00f6yledi.<br \/>\nMersin Halk E\u011fitim Merkezi&#8217;nde s\u0131n\u0131f \u00f6\u011fretmenli\u011fi yapan Ali R\u0131za E\u015fki de g\u00f6rme engelli bir birey olarak ya\u015fad\u0131klar\u0131n\u0131 anlat\u0131rken, beyaz bastonun kendileri i\u00e7in en b\u00fcy\u00fck \u00f6zg\u00fcrl\u00fck ara\u00e7lar\u0131ndan bir tanesi oldu\u011funu ifade etti. E\u015fki, beyaz bastonun nas\u0131l tutulmas\u0131 gerekti\u011fi hakk\u0131nda da \u00f6\u011frencileri bilgilendirdi.<br \/>\nG\u00f6n\u00fcll\u00fc \u00f6\u011frenciler hissedilebilir y\u00fczeyde y\u00fcr\u00fcmeyi deneyimledi<br \/>\nBilgilendirmelerin ard\u0131ndan g\u00f6rme engelli bireylerin kulland\u0131\u011f\u0131 hissedilebilir y\u00fczeyde \u00f6\u011frenciler, g\u00f6zleri bantl\u0131 bir \u015fekilde ellerinde beyaz baston ile y\u00fcr\u00fcmeyi deneyimledi. Okul M\u00fcd\u00fcr\u00fc Kadir \u00c7eker de \u00f6\u011frencilerle birlikte etkinli\u011fe kat\u0131ld\u0131 ve hissedilebilir y\u00fczeyde g\u00f6zleri bantl\u0131 bir \u015fekilde y\u00fcr\u00fcd\u00fc.  Etkinli\u011fin devam\u0131nda \u00f6\u011frenciler yine g\u00f6zlerinde bantla s\u00fcrahiden barda\u011fa su doldurmay\u0131 denedi. Etkinlik sonunda ise \u00f6\u011frencilere hijyen seti da\u011f\u0131t\u0131m\u0131 yap\u0131ld\u0131.<br \/>\nGerbo\u011fa: &#8220;\u00d6\u011frencilerden olumlu tepkiler ald\u0131k&#8221;<br \/>\nEngelliler \u015eube M\u00fcd\u00fcr\u00fc Abdullah Gerbo\u011fa, ger\u00e7ekle\u015ftirdikleri etkinli\u011fin amac\u0131n\u0131 anlatarak, &#8220;\u00d6\u011frencilerimize g\u00f6rme engellilere nas\u0131l yard\u0131mc\u0131 olacaklar\u0131n\u0131, beyaz bastonlu birini g\u00f6rd\u00fckleri zaman nas\u0131l davranmalar\u0131 gerekti\u011fini ve onlar\u0131n neler hissettiklerini anlamalar\u0131na y\u00f6nelik fark\u0131ndal\u0131k ve empati \u00e7al\u0131\u015fmas\u0131 yapt\u0131k. \u00d6\u011frencilerden olumlu tepkiler ald\u0131k. Hepsi parkuru denedi. G\u00fczel bir etkinlik oldu&#8221; dedi.<br \/>\n\u00c7eker: &#8220;Engelli arkada\u015flar\u0131m\u0131z\u0131n engellerini ortadan kald\u0131rmam\u0131z laz\u0131m&#8221;<br \/>\n\u015eifa Hatun Mesleki ve Teknik Anadolu Lisesi Okul M\u00fcd\u00fcr\u00fc Kadir \u00c7eker, herkesin bunu deneyimlemesi gerekti\u011fini ifade ederek, &#8220;Maskeyi tak\u0131nca hi\u00e7bir \u015fey g\u00f6remedim. Karanl\u0131k bir bo\u015flukta gibiydim ve onlar\u0131n ya\u015fad\u0131\u011f\u0131 zorlu\u011fu bire bir hissettim. Her ne kadar k\u0131sa bir parkur da olsa, ezberlemeye \u00e7al\u0131\u015fsam da \u015fu k\u0131sac\u0131k parkurda bile \u00f6n\u00fcm\u00fc ve y\u00f6n\u00fcm\u00fc g\u00f6rmekte \u00e7ok zorland\u0131m. B\u00fct\u00fcn engelli arkada\u015flar\u0131m\u0131z\u0131n engellerini ortadan kald\u0131rmam\u0131z laz\u0131m. Onun i\u00e7in de bizim elimizden gelen b\u00fct\u00fcn deste\u011fi onlara vermemiz laz\u0131m. Asl\u0131nda hepimiz bir engelli aday\u0131y\u0131z. Ya\u015fam ko\u015fullar\u0131m\u0131z\u0131, mevcut trafik ak\u0131\u015f\u0131n\u0131, kald\u0131r\u0131mlar\u0131m\u0131z\u0131 ve yollar\u0131m\u0131z\u0131 da ona g\u00f6re dizayn edip, sadece normal insanlar\u0131n de\u011fil, engelli insanlar\u0131n da ya\u015fayabilece\u011fi seviyeye getirmemiz laz\u0131m&#8221; diye konu\u015ftu.<br \/>\nE\u015fki: &#8220;Bug\u00fcnk\u00fc etkinlik mutlaka faydal\u0131 oldu. Hi\u00e7 unutmayacaklar\u0131n\u0131 d\u00fc\u015f\u00fcn\u00fcyorum&#8221;<br \/>\nMersin Halk E\u011fitimi Merkezi&#8217;nde s\u0131n\u0131f \u00f6\u011fretmenli\u011fi yapan ve g\u00f6rme engelli bir birey olan Ali R\u0131za E\u015fki de g\u00f6zlerini kaybetme s\u00fcrecini ve ya\u015fad\u0131klar\u0131n\u0131 \u00f6\u011frencilerle payla\u015ft\u0131. E\u015fki, &#8220;G\u00f6rme engellilere yeterince ula\u015famad\u0131\u011f\u0131m\u0131z\u0131 d\u00fc\u015f\u00fcn\u00fcyorum. Bu manada bu t\u00fcr etkinliklere kat\u0131lmay\u0131 tercih ediyoruz. Bu karde\u015flerimiz mutlaka sosyal ve toplumsal hayatta bir g\u00f6rme engelli ile kar\u015f\u0131la\u015fabiliyorlar. Mutlaka yard\u0131mc\u0131 olmalar\u0131 gerekti\u011fi konusunda bilgileri var ama nas\u0131l do\u011fru yard\u0131m edebilirler bunun e\u011fitimini vermeye \u00e7al\u0131\u015ft\u0131k. Bug\u00fcnk\u00fc etkinlik mutlaka faydal\u0131 oldu. Hi\u00e7 unutmayacaklar\u0131n\u0131 d\u00fc\u015f\u00fcn\u00fcyorum&#8221; ifadelerini kulland\u0131.<br \/>\nY\u0131ld\u0131rak: &#8220;G\u00f6rmemek \u00e7ok k\u00f6t\u00fc bir duygu&#8221;<br \/>\nHissedilebilir y\u00fczeyde g\u00f6zleri bantl\u0131 bir \u015fekilde y\u00fcr\u00fcyen \u00f6\u011frencilerden S\u0131la Y\u0131ld\u0131rak ise &#8220;Ger\u00e7ekten zor bir ya\u015fant\u0131lar\u0131 var. Ben olsam yapamazd\u0131m. \u00d6nce her \u015feyi g\u00f6r\u00fcp, sonradan hi\u00e7bir \u015fey g\u00f6rmemek sadece bir siyahl\u0131k olmas\u0131 \u00e7ok k\u00f6t\u00fc bir duygu. Parkurda y\u00fcr\u00fcrken hissedebiliyorsun ama g\u00f6rmedikten sonra bir anlam\u0131n\u0131n da olmad\u0131\u011f\u0131n\u0131 anl\u0131yorsun&#8221; dedi ve g\u00f6rme engelli bireyler ile kar\u015f\u0131la\u015ft\u0131\u011f\u0131nda nas\u0131l yard\u0131m etmesi gerekti\u011finden bahsetti.<br \/>\n\u00d6\u011frencilerden Yaren Y\u0131lmaz, hissedilebilir y\u00fczeyde y\u00fcr\u00fcmenin zorlu\u011funu anlatarak, &#8220;Kendimi karanl\u0131k bir bo\u015flukta gibi hissettim ve o an hi\u00e7bir \u015fey d\u00fc\u015f\u00fcnemiyorsun, yapam\u0131yorsun ve k\u00f6t\u00fc hissettiriyor biraz insana. Tuhaf bir his benim i\u00e7in. \u00c7ok zorlay\u0131c\u0131yd\u0131. K\u00fc\u00e7\u00fck bir parkur olmas\u0131na ra\u011fmen yapamad\u0131m. Bir de \u00f6nce g\u00f6r\u00fcp sonra g\u00f6rmemek daha k\u00f6t\u00fc oluyor&#8221; diye konu\u015ftu.<br \/>\nPolat: &#8220;Band\u0131 takt\u0131\u011f\u0131m an b\u00fct\u00fcn d\u00fcnya simsiyah&#8221;<br \/>\nG\u00f6zleri ba\u011fl\u0131 bir \u015fekilde s\u00fcrahiden barda\u011fa su doldurmay\u0131 deneyen \u00f6\u011frencilerden Enes Polat, &#8220;G\u00f6rmemek \u00e7ok zor. Bir\u00e7ok \u015feyden mahrum kal\u0131yorsun. Yani ger\u00e7ekten yard\u0131mc\u0131 olmak laz\u0131m g\u00f6rmeyenlere ve genel olarak engellilere. Band\u0131 takt\u0131\u011f\u0131m an b\u00fct\u00fcn d\u00fcnya simsiyah, hi\u00e7bir \u015fey g\u00f6rm\u00fcyorsun, hi\u00e7bir \u015feyin zevki yok, hi\u00e7bir \u015feye anlam veremiyorsun&#8221; dedi.<\/p>\n","protected":false},"excerpt":{"rendered":"<p>Mersin B\u00fcy\u00fck\u015fehir Belediyesi Engelliler ve Sa\u011fl\u0131k Hizmetleri Dairesi Ba\u015fkanl\u0131\u011f\u0131 Engelliler \u015eube M\u00fcd\u00fcrl\u00fc\u011f\u00fc taraf\u0131ndan Toroslar \u015eifa Hatun Mesleki ve Teknik Anadolu Lisesi&#8217;nde &#8216;7-14 Ocak Beyaz Baston G\u00f6rme Engelliler Haftas\u0131&#8217; dolay\u0131s\u0131yla &#8216;Fark\u0131ndal\u0131k &hellip; <a href=\"https:\/\/akdenizolaygazetesi.com\/?p=16126\" class=\"more-link\">Devam\u0131n\u0131 Oku&#8230;<\/a><\/p>\n","protected":false},"author":2,"featured_media":16127,"comment_status":"open","ping_status":"open","sticky":false,"template":"","format":"standard","meta":[],"categories":[7,1,3,5,9],"tags":[],"_links":{"self":[{"href":"https:\/\/akdenizolaygazetesi.com\/index.php?rest_route=\/wp\/v2\/posts\/16126"}],"collection":[{"href":"https:\/\/akdenizolaygazetesi.com\/index.php?rest_route=\/wp\/v2\/posts"}],"about":[{"href":"https:\/\/akdenizolaygazetesi.com\/index.php?rest_route=\/wp\/v2\/types\/post"}],"author":[{"embeddable":true,"href":"https:\/\/akdenizolaygazetesi.com\/index.php?rest_route=\/wp\/v2\/users\/2"}],"replies":[{"embeddable":true,"href":"https:\/\/akdenizolaygazetesi.com\/index.php?rest_route=%2Fwp%2Fv2%2Fcomments&post=16126"}],"version-history":[{"count":1,"href":"https:\/\/akdenizolaygazetesi.com\/index.php?rest_route=\/wp\/v2\/posts\/16126\/revisions"}],"predecessor-version":[{"id":16128,"href":"https:\/\/akdenizolaygazetesi.com\/index.php?rest_route=\/wp\/v2\/posts\/16126\/revisions\/16128"}],"wp:featuredmedia":[{"embeddable":true,"href":"https:\/\/akdenizolaygazetesi.com\/index.php?rest_route=\/wp\/v2\/media\/16127"}],"wp:attachment":[{"href":"https:\/\/akdenizolaygazetesi.com\/index.php?rest_route=%2Fwp%2Fv2%2Fmedia&parent=16126"}],"wp:term":[{"taxonomy":"category","embeddable":true,"href":"https:\/\/akdenizolaygazetesi.com\/index.php?rest_route=%2Fwp%2Fv2%2Fcategories&post=16126"},{"taxonomy":"post_tag","embeddable":true,"href":"https:\/\/akdenizolaygazetesi.com\/index.php?rest_route=%2Fwp%2Fv2%2Ftags&post=16126"}],"curies":[{"name":"wp","href":"https:\/\/api.w.org\/{rel}","templated":true}]}}