{"id":1613,"date":"2020-11-04T18:22:09","date_gmt":"2020-11-04T15:22:09","guid":{"rendered":"http:\/\/mersinekonomipolitikagazetesi.com\/?p=1613"},"modified":"2020-11-04T18:22:09","modified_gmt":"2020-11-04T15:22:09","slug":"cevdosan-ve-toroslar-belediyesinin-ortak-projesi","status":"publish","type":"post","link":"https:\/\/akdenizolaygazetesi.com\/?p=1613","title":{"rendered":"\u00c7EVDOSAN VE TOROSLAR BELED\u0130YES\u0130\u2019N\u0130N ORTAK PROJES\u0130"},"content":{"rendered":"<p>Toroslar Belediyesi ile \u00c7EVDOSAN\u2019\u0131n birlikte y\u00fcr\u00fctt\u00fc\u011f\u00fc &#8216;Pet \u015fi\u015feni ver, duymayan kalmas\u0131n&#8217; projesini hayata ge\u00e7irerek bir\u00e7ok i\u015fitme engelli vatanda\u015fa desteklerini belirtti.<\/p>\n<blockquote type=\"cite\">\n<div dir=\"ltr\">\n<p><span style=\"font-size:16px;\">Toroslar Belediyesi, Engelliler Akademisi ve \u00c7EVDOSAN i\u015fbirli\u011fi ile hayata ge\u00e7irilen &#8216;Pet \u015fi\u015feni ver, duymayan kalmas\u0131n&#8217; adl\u0131 ba\u015fl\u0131k alt\u0131nda ortak projeyi hayata ge\u00e7irdi.<\/span><\/p>\n<p><span style=\"font-size:16px;\">Geri d\u00f6n\u00fc\u015f\u00fcm tesisi ile Mersin&#8217;de plastik, cam ve ambalaj at\u0131klar\u0131n\u0131 geri d\u00f6n\u00fc\u015ft\u00fcrerek hem \u00e7evreyi hem ekonomiyi koruyan \u00c7EVDOSAN, Toroslar Belediyesi ile birlikte hayata ge\u00e7irdi\u011fi proje ile i\u015fitme engelli vatanda\u015flara destek oldu.<\/span><\/p>\n<p><span style=\"font-size:16px;\">\u00c7EVDOSAN ve Toroslar Belediyesi &#8216;Pet \u015fi\u015feni ver, duymayan kalmas\u0131n&#8217; adl\u0131 projeyle bir \u00e7ok engelli \u00e7ocu\u011fa yard\u0131m\u0131na ko\u015farak kullan\u0131lm\u0131\u015f pet \u015fi\u015feleri toplay\u0131p geri d\u00f6n\u00fc\u015f\u00fcm kutusuna at\u0131larak elde edilen gelirle bu yard\u0131mlar yap\u0131l\u0131yor.<\/span><\/p>\n<p><span style=\"font-size:16px;\">Projeyle i\u015fitme engelli \u00e7ocuklar\u0131n cihazlar\u0131na &#8216;pil&#8217; yard\u0131m\u0131nda bulunulmas\u0131n\u0131 sa\u011flayan \u00c7EVDOSAN yetkilileri ve Toroslar Belediye Ba\u015fkan\u0131 Hamit Tuna, Yunus Emre \u0130\u015fitme Engelliler \u0130lkokulu \u00f6\u011frencileri ile bir araya gelerek geri d\u00f6n\u00fc\u015f\u00fcm kutular\u0131na pet \u015fi\u015fe at\u0131larak hem \u00f6\u011frenciler bilgilendirildi hem de projeye destekleri belirtildi.<\/span><\/p>\n<p>\u00a0<\/p>\n<p><span style=\"font-size:16px;\">Ortak proje konu\u015fmas\u0131n\u0131 Toroslar Belediye Ba\u015fkan\u0131 Hamit Tuna ve \u00c7EVDOSAN A\u015e Y\u00f6netim Kurulu Ba\u015fkan Yard\u0131mc\u0131s\u0131 Emre Akba\u015f yapt\u0131.<\/span><\/p>\n<p>\u00a0<\/p>\n<p><span style=\"font-size:16px;\">\u201cVATANDA\u015eLARIMIZIN BU PROJEYE DUYARLI OLARAK DESTEK OLACA\u011eINDAN \u015e\u00dcPHEM\u0130Z YOKTUR\u201d<\/span><\/p>\n<p>\u00a0<\/p>\n<p><span style=\"font-size:16px;\">\u0130\u015fitme engelli \u00e7ocuklar yarar\u0131na olan bu projenin desteklenmesi gerekti\u011fini belirten Tuna: \u201cKullan\u0131lm\u0131\u015f pet \u015fi\u015felerinizi \u00e7\u00f6pe atmay\u0131p, geri d\u00f6n\u00fc\u015f\u00fcme destek vererek i\u015fitme engelli \u00e7ocuklar\u0131m\u0131z\u0131n ve vatanda\u015flar\u0131m\u0131z\u0131n i\u015fitme cihaz\u0131na \u2018Pil\u2019 yard\u0131m\u0131nda bulunarak onlar\u0131n en \u00f6nemli ihtiya\u00e7lar\u0131na k\u00fc\u00e7\u00fck bir dokunu\u015fla destek olabilirsiniz. Vatanda\u015flar\u0131m\u0131z\u0131n bu projeye duyarl\u0131 olarak destek olaca\u011f\u0131ndan \u015f\u00fcphemiz yoktur.\u201d ifadelerini kulland\u0131.<\/span><\/p>\n<div>\n<div aria-label=\"Geni\u015fletilen i\u00e7eri\u011fi gizleyin\" data-tooltip=\"Geni\u015fletilen i\u00e7eri\u011fi gizleyin\" id=\":1oc\" role=\"button\" style=\"clear:both;\" tabindex=\"0\"><span style=\"font-size:16px;\"><img src=\"https:\/\/ssl.gstatic.com\/ui\/v1\/icons\/mail\/images\/cleardot.gif\" style=\"height:8px;width:20px;\" \/><\/span><\/div>\n<\/div>\n<div>\n<p>\u00a0<\/p>\n<p><span style=\"font-size:16px;\">\u00a0\u201cE\u011eER DUYARLI OLURSAK B\u0130R\u00c7OK \u00c7OCU\u011eUMUZUN \u0130HT\u0130YACI KAR\u015eILANACAK\u201d<\/span><\/p>\n<p>\u00a0<\/p>\n<p><span style=\"font-size:16px;\">\u00a0Ard\u0131ndan s\u00f6z alan \u00c7EVDOSAN A\u015e Y\u00f6netim Kurulu Ba\u015fkan Yard\u0131mc\u0131s\u0131 Emre Akba\u015f ise, geri d\u00f6n\u00fc\u015f\u00fcm\u00fcn \u00fclkemiz ad\u0131na b\u00fcy\u00fck \u00f6nem ta\u015f\u0131d\u0131\u011f\u0131n\u0131 vurgulad\u0131. Geri d\u00f6n\u00fc\u015f\u00fcm, hem ekonomik a\u00e7\u0131dan hem de do\u011fa ve \u00e7evre a\u00e7\u0131s\u0131ndan \u00a0\u00f6nemli oldu\u011funu kaydeden Akba\u015f: \u201cDo\u011faya zararl\u0131 olan at\u0131klar\u0131 geri d\u00f6n\u00fc\u015f\u00fcm yoluyla tekrar kullan\u0131lmas\u0131n\u0131 sa\u011fl\u0131yoruz. &#8216;Pet \u015fi\u015feni ver, duymayan kalmas\u0131n&#8217; projesi ile hem i\u015fitme engelli karde\u015flerimizin ihtiya\u00e7lar\u0131na y\u00f6nelik fark\u0131ndal\u0131k yaratmak i\u00e7in hem de geri d\u00f6n\u00fc\u015f\u00fcm\u00fcn vatanda\u015flar\u0131m\u0131z taraf\u0131ndan fark edilmesini sa\u011flamak amac\u0131 ile geli\u015ftirilmi\u015f ve hayata ge\u00e7irilmi\u015ftir. T\u00fcm vatanda\u015flar\u0131m\u0131zdan, i\u015fitme engelli karde\u015flerimizin ihtiyac\u0131n\u0131n kar\u015f\u0131lanmas\u0131 ad\u0131na pet \u015fi\u015felerini geri d\u00f6n\u00fc\u015f\u00fcm kutular\u0131na atmas\u0131n\u0131 rica ediyoruz. E\u011fer duyarl\u0131 olursak bir\u00e7ok \u00e7ocu\u011fumuzun ihtiyac\u0131 kar\u015f\u0131lanacak ve onlar\u0131n bir nebze de olsa mutlu olmalar\u0131\u201d \u015feklinde konu\u015ftu.<\/span><\/p>\n<\/div>\n<\/div>\n<\/blockquote>\n","protected":false},"excerpt":{"rendered":"<p>Toroslar Belediyesi ile \u00c7EVDOSAN\u2019\u0131n birlikte y\u00fcr\u00fctt\u00fc\u011f\u00fc &#8216;Pet \u015fi\u015feni ver, duymayan kalmas\u0131n&#8217; projesini hayata ge\u00e7irerek bir\u00e7ok i\u015fitme engelli vatanda\u015fa desteklerini belirtti. Toroslar Belediyesi, Engelliler Akademisi ve \u00c7EVDOSAN i\u015fbirli\u011fi ile hayata ge\u00e7irilen &hellip; <a href=\"https:\/\/akdenizolaygazetesi.com\/?p=1613\" class=\"more-link\">Devam\u0131n\u0131 Oku&#8230;<\/a><\/p>\n","protected":false},"author":1,"featured_media":0,"comment_status":"open","ping_status":"open","sticky":false,"template":"","format":"standard","meta":[],"categories":[],"tags":[],"_links":{"self":[{"href":"https:\/\/akdenizolaygazetesi.com\/index.php?rest_route=\/wp\/v2\/posts\/1613"}],"collection":[{"href":"https:\/\/akdenizolaygazetesi.com\/index.php?rest_route=\/wp\/v2\/posts"}],"about":[{"href":"https:\/\/akdenizolaygazetesi.com\/index.php?rest_route=\/wp\/v2\/types\/post"}],"author":[{"embeddable":true,"href":"https:\/\/akdenizolaygazetesi.com\/index.php?rest_route=\/wp\/v2\/users\/1"}],"replies":[{"embeddable":true,"href":"https:\/\/akdenizolaygazetesi.com\/index.php?rest_route=%2Fwp%2Fv2%2Fcomments&post=1613"}],"version-history":[{"count":0,"href":"https:\/\/akdenizolaygazetesi.com\/index.php?rest_route=\/wp\/v2\/posts\/1613\/revisions"}],"wp:attachment":[{"href":"https:\/\/akdenizolaygazetesi.com\/index.php?rest_route=%2Fwp%2Fv2%2Fmedia&parent=1613"}],"wp:term":[{"taxonomy":"category","embeddable":true,"href":"https:\/\/akdenizolaygazetesi.com\/index.php?rest_route=%2Fwp%2Fv2%2Fcategories&post=1613"},{"taxonomy":"post_tag","embeddable":true,"href":"https:\/\/akdenizolaygazetesi.com\/index.php?rest_route=%2Fwp%2Fv2%2Ftags&post=1613"}],"curies":[{"name":"wp","href":"https:\/\/api.w.org\/{rel}","templated":true}]}}