{"id":16139,"date":"2022-01-14T17:39:22","date_gmt":"2022-01-14T14:39:22","guid":{"rendered":"http:\/\/akdenizolaygazetesi.com\/?p=16139"},"modified":"2022-01-14T17:39:22","modified_gmt":"2022-01-14T14:39:22","slug":"ulasim-master-plani-kentin-imar-planlari-ile-uyumlu-bir-sekilde-yenilenecek","status":"publish","type":"post","link":"https:\/\/akdenizolaygazetesi.com\/?p=16139","title":{"rendered":"ULA\u015eIM MASTER PLANI, KENT\u0130N \u0130MAR PLANLARI \u0130LE UYUMLU B\u0130R \u015eEK\u0130LDE YEN\u0130LENECEK"},"content":{"rendered":"<p>Mersin B\u00fcy\u00fck\u015fehir Belediyesi&#8217;nin 2022 Y\u0131l\u0131 Ocak Ay\u0131 Meclis Toplant\u0131s\u0131&#8217;n\u0131n 2. Birle\u015fimi, B\u00fcy\u00fck\u015fehir Belediye Ba\u015fkan\u0131 Vahap Se\u00e7er ba\u015fkanl\u0131\u011f\u0131nda ger\u00e7ekle\u015ftirildi. Meclis toplant\u0131s\u0131nda Ula\u015f\u0131m Master Plan\u0131&#8217;n\u0131 yenileyeceklerini belirten Ba\u015fkan Se\u00e7er, &#8220;En son 2015 y\u0131l\u0131nda yap\u0131lan ve \u00fczerinden 7 y\u0131l ge\u00e7en Ula\u015f\u0131m Master Plan\u0131&#8217;n\u0131 yeniliyoruz. Yakla\u015f\u0131k 1,5 y\u0131l i\u00e7erisinde tamamlanacak&#8221; dedi.<br \/>\n5. Uluslararas\u0131 Mersin Maratonu 2023 y\u0131l\u0131na ertelendi<br \/>\n27 Aral\u0131k 2022 tarihinde yap\u0131lmas\u0131 planlanan 5. Uluslararas\u0131 Mersin Maratonu&#8217;nun 2023 y\u0131l\u0131na ertelendi\u011fini duyuran Ba\u015fkan Se\u00e7er, &#8220;D\u00fcnya Atletizm Federasyonu&#8217;nun Kas\u0131m ay\u0131nda alm\u0131\u015f oldu\u011fu karar gere\u011fince 2023 y\u0131l\u0131na ertelendi. \u00c7ok arzu ediyorduk, biz bu maratonu \u00f6nemsiyorduk. Belediyemiz g\u00fcm\u00fc\u015f kategorisinde bu maraton etkinliklerini yap\u0131yordu. Zaten pandemi nedeniyle iki y\u0131ld\u0131r yap\u0131lamam\u0131\u015ft\u0131. 2023 y\u0131l\u0131nda bilahare tarihini belirleyece\u011fiz. Umut ediyorum salg\u0131n art\u0131k bu y\u0131l i\u00e7erisinde g\u00fcc\u00fcn\u00fc, \u00f6nemini yitirecek ve Mersinimizde Silver yani g\u00fcm\u00fc\u015f kategorisinde 5. Uluslararas\u0131 Mersin Maratonu&#8217;nu 2023 y\u0131l\u0131nda ger\u00e7ekle\u015ftirece\u011fiz&#8221; diye konu\u015ftu.<br \/>\n&#8220;Ula\u015f\u0131m Master Plan\u0131&#8217;n\u0131 yeniliyoruz&#8221;<br \/>\nBa\u015fkan Se\u00e7er, Ula\u015f\u0131m Master Plan\u0131&#8217;n\u0131 yenileme \u00e7al\u0131\u015fmas\u0131 y\u00fcr\u00fctt\u00fcklerini belirterek, &#8220;Mersin&#8217;in en \u00f6nemli sorunlar\u0131n\u0131n ba\u015f\u0131nda hi\u00e7 \u015f\u00fcphesiz ula\u015f\u0131m geliyor. Bu nedenle kentimizi sokak sokak planlamaya y\u00f6nelik kapsaml\u0131 bir \u00e7al\u0131\u015fma yap\u0131yoruz. Bir yandan kent genelinde imar planlar\u0131 \u00fczerinde \u00e7al\u0131\u015fmalar\u0131m\u0131z\u0131 y\u00fcr\u00fct\u00fcrken di\u011fer taraftan da kentimizin ula\u015f\u0131m sorunlar\u0131n\u0131 \u00e7\u00f6zmek ad\u0131na \u00f6nemli ad\u0131mlar at\u0131yoruz. \u00c7\u00fcnk\u00fc imar ve ula\u015f\u0131m planlar\u0131 aras\u0131nda uyum sa\u011flamadan var olan problemlerin \u00e7\u00f6z\u00fclmeyece\u011fini d\u00fc\u015f\u00fcn\u00fcyoruz ve bu \u015fekilde \u00e7al\u0131\u015fmazsak yeni sorunlar\u0131n da ortaya \u00e7\u0131kaca\u011f\u0131n\u0131 \u00e7ok iyi biliyoruz. Bu \u00e7er\u00e7evede en son 2015 y\u0131l\u0131nda yap\u0131lan ve \u00fczerinden 7 y\u0131l ge\u00e7en Ula\u015f\u0131m Master Plan\u0131&#8217;n\u0131 yeniliyoruz&#8221; dedi.<br \/>\n&#8220;1,5 y\u0131l i\u00e7erisinde tamamlanacak&#8221;<br \/>\nUla\u015f\u0131m Master Plan\u0131&#8217;nda yenilikler \u0131\u015f\u0131\u011f\u0131nda d\u00fczenleme \u00e7al\u0131\u015fmalar\u0131 yap\u0131laca\u011f\u0131n\u0131 s\u00f6zlerine ekleyen Ba\u015fkan Se\u00e7er, \u015funlar\u0131 s\u00f6yledi:<br \/>\n&#8220;Alan\u0131nda uzman kadrolar\u0131m\u0131z; ula\u015f\u0131mdaki yenilikleri, sistemleri inceledi ve projelendirdi. Mersin Ula\u015f\u0131m Master Ana Plan\u0131m\u0131z n\u00fcfusu 100 binin \u00fczerinde olan d\u00f6rt merkez il\u00e7emizin d\u0131\u015f\u0131nda; d\u00f6rt merkez il\u00e7emizde zaten yap\u0131yoruz; Erdemli, Silifke ve Tarsus&#8217;u da Mersin Ula\u015f\u0131m Master Ana Plan\u0131 i\u00e7erisine d\u00e2hil ediyoruz. Ula\u015f\u0131m Ana Plan\u0131 kapsam\u0131nda yap\u0131lacak i\u015flerin ba\u015fl\u0131klar\u0131 \u015f\u00f6yle; Rayl\u0131 Sistem \u0130\u00e7in Fizibilite Raporunun Haz\u0131rlanmas\u0131, 35 km 3 Etapl\u0131 Rayl\u0131 Sistem \u00d6n Projelerinin Haz\u0131rlanmas\u0131, Toplu Ta\u015f\u0131ma Hat Optimizasyonu, 16 Adet K\u00f6pr\u00fcl\u00fc Kav\u015fak \u00d6n Projelerinin Haz\u0131rlanmas\u0131, 150 Adet Kav\u015fa\u011f\u0131n Fiziksel Olarak \u0130ncelenip Gerekli D\u00fczenlemelerin Yap\u0131lmas\u0131, Lastik Tekerlekli Toplu Ta\u015f\u0131ma Sistemi Rehabilitasyonu Eylem Plan\u0131n\u0131n Haz\u0131rlanmas\u0131, Otopark \u0130htiya\u00e7lar\u0131n\u0131n Belirlenmesi ve Yap\u0131m\u0131, Vatanda\u015flarla B\u00f6lgedeki Her T\u00fcrl\u00fc Ula\u015f\u0131m Sorunlar\u0131 Hakk\u0131nda Anket Yap\u0131lmas\u0131, Rayl\u0131 Sistem Projesi ile \u0130lgili Geli\u015fmelerin ve Yeni G\u00fczergah \u00d6nerilerinin Sonu\u00e7 Raporlar\u0131n\u0131n \u0130\u015flenmesi. Aral\u0131k ay\u0131n\u0131n son g\u00fcnlerinde yapt\u0131\u011f\u0131m\u0131z s\u00f6zle\u015fmemiz gere\u011fi Ula\u015f\u0131m Master Plan\u0131m\u0131z yakla\u015f\u0131k 1,5 y\u0131l i\u00e7erisinde tamamlanacak.&#8221;<br \/>\nBa\u015fkan Se\u00e7er, Meclis \u00fcyelerinden gelen sorular\u0131 yan\u0131tlad\u0131<br \/>\nBa\u015fkan Se\u00e7er, g\u00fcndeme ge\u00e7meden \u00f6nce Meclis \u00fcyelerinden gelen sorulara ve baz\u0131 konulardaki de\u011ferlendirmelere yan\u0131t verdi. Ba\u015fkan Se\u00e7er, bir Meclis \u00fcyesinin G\u00f6zne&#8217;de Musal\u0131 civar\u0131ndaki madende meydana gelen g\u00f6\u00e7\u00fckten dolay\u0131 \u00e7evre sorunlar\u0131 ya\u015fanaca\u011f\u0131na dair yapt\u0131\u011f\u0131 de\u011ferlendirmeyle ilgili olarak, &#8220;G\u00f6zne&#8217;de Musal\u0131 civar\u0131ndaki madenin sorumlulu\u011fu \u00c7evre ve \u015eehircilik Bakanl\u0131\u011f\u0131&#8217;na ait. Oradaki g\u00f6\u00e7\u00fckten \u00c7evre ve \u015eehircilik \u0130l M\u00fcd\u00fcrl\u00fc\u011f\u00fc&#8217;n\u00fcn san\u0131yorum d\u00fcn haberi olmu\u015f. Ak\u015fam tespit yapamam\u0131\u015flar; \u015fu anda bug\u00fcn tekrar orada tespit yap\u0131l\u0131yormu\u015f. Bu bilgiyi buradan aktarmak istedim. Bizim g\u00f6rev alan\u0131m\u0131z i\u00e7erisinde de\u011fil ama tabii ki bizim de takip etmemiz gereken bir konu&#8221; ifadelerine yer verdi.<br \/>\nBir Meclis \u00fcyesinin Erdemli&#8217;nin giri\u015finden D-400&#8217;\u00fcn sa\u011f\u0131nda ve solunda \u00e7\u0131k\u0131\u015f\u0131na kadar \u015fehir merkezinde kald\u0131r\u0131m anlam\u0131nda, y\u00fcr\u00fcy\u00fc\u015f yolu anlam\u0131nda, kav\u015faklar ve ceplerle alakal\u0131 olarak yap\u0131 d\u00fczensizli\u011fi oldu\u011funa dair de\u011ferlendirmeleri ve talepleri \u00fczerine Ba\u015fkan Se\u00e7er, \u015funlar\u0131 s\u00f6yledi:<br \/>\n&#8220;D-400 yolu \u00fczerinde Erdemli&#8217;nin do\u011fu giri\u015fi ve bat\u0131 \u00e7\u0131k\u0131\u015f b\u00f6lgesi yani Erdemli \u015fehir merkezinde kalan b\u00f6lge oradaki Karayollar\u0131&#8217;n\u0131n sorumlulu\u011funda olan bir yer ancak biz ref\u00fcjlerde bak\u0131m hizmetlerini yap\u0131yoruz, bu da kendi iste\u011fimizle olan bir durum. Sadece oras\u0131 de\u011fil, Adana giri\u015finden Anamur \u00e7\u0131k\u0131\u015f\u0131na kadar; baz\u0131 il\u00e7e belediyeleri bunu kendilerine daha \u00f6nce alm\u0131\u015f; Anamur Belediyesi bunlardan bir tanesi ama bu g\u00fczergah\u0131n ge\u00e7ti\u011fi il\u00e7eler de dahil; Mersin B\u00fcy\u00fck\u015fehir Belediyesi olarak biz bu bak\u0131mlar\u0131 yap\u0131yoruz. Orada bir proje var, bir sorun g\u00f6r\u00fcnm\u00fcyor. Arpa\u00e7bah\u015fi\u015f&#8217;e kadar yap\u0131m\u0131 tamamlanm\u0131\u015f, devam\u0131 gelecek bilgisi var bize Karayollar\u0131&#8217;ndan. Zaten \u015fu anda orada yap\u0131m \u00e7al\u0131\u015fmalar\u0131 devam ediyor. Umut ediyorum ara vermeden devam edilir. Oradaki \u00fcst ge\u00e7it; siz de s\u00f6ylediniz; Karayollar\u0131&#8217;na ait bir \u00fcst ge\u00e7it. Bak\u0131m\u0131, oradaki gerekli \u00e7al\u0131\u015fmalar\u0131 yapacak kurum da yine burada Karayollar\u0131.&#8221;<br \/>\nK\u0131zkalesi&#8217;nde ya\u011fmur suyu sorunlar\u0131n\u0131n olmad\u0131\u011f\u0131n\u0131, 2020 y\u0131l\u0131 i\u00e7erisinde yap\u0131lan \u00e7al\u0131\u015fmayla ya\u011fmur suyu kaynakl\u0131 temel sorunlar\u0131 ortadan kald\u0131rd\u0131klar\u0131n\u0131 s\u00f6zlerine ekleyen Ba\u015fkan Se\u00e7er, &#8220;Ar\u0131tma zaten evveleski yap\u0131lm\u0131\u015f. \u00d6yle bir sorunla \u015fimdiye kadar kar\u015f\u0131la\u015fmad\u0131k, kar\u015f\u0131la\u015faca\u011f\u0131m\u0131z\u0131 d\u00fc\u015f\u00fcnm\u00fcyoruz. Orada biyolojik ar\u0131tma var diye biliyorum. Orada kanalizasyon var, daha \u00f6nceki d\u00f6nemde yap\u0131lm\u0131\u015f ama \u015fu anda ciddi bir sorun gelmiyor, k\u0131smi sorunlar\u0131 da muhtelif imalatlar\u0131m\u0131zla \u00e7\u00f6z\u00fcyoruz. Yapal\u0131m, yapal\u0131m ama bunun bir fizibilitesi var, bir ak\u0131lc\u0131l\u0131\u011f\u0131, rasyonelli\u011fi olmas\u0131 laz\u0131m, yoksa her muhtar kendi b\u00f6lgesine, mahallesine, hatta her Belediye Ba\u015fkan\u0131 m\u00fcmk\u00fcn olsa yeni alt yap\u0131 \u00e7al\u0131\u015fmalar\u0131 yapar ama bu para i\u015fi&#8221; dedi.<br \/>\nErdemli&#8217;de i\u00e7mesuyu rehabilitasyonu i\u00e7in 32 kilometrelik 25 milyon lira maliyetli bir \u00e7al\u0131\u015fma yapt\u0131klar\u0131n\u0131 belirten Ba\u015fkan Se\u00e7er, &#8220;Kanalizasyon rehabilitasyonu i\u00e7in de 21 kilometre 40 milyon lira; toplam 65 milyon lira. Finansman i\u00e7in \u0130lbank&#8217;a bizim ba\u015fvurumuz var. Bu konuda bize yard\u0131mc\u0131 olursan\u0131z m\u00fcte\u015fekkir oluruz, o zaman olaya daha farkl\u0131 bakabiliriz ama siz de takdir edersiniz ki K\u0131zkalesi \u00f6l\u00e7e\u011fi bir noktada herhangi bir afaki bir sorun g\u00f6r\u00fcnmez iken bizim b\u00f6yle bir para ay\u0131rmam\u0131z pek m\u00fcmk\u00fcn g\u00f6r\u00fcnm\u00fcyor ama sorun oldu\u011fu zaman da hemen m\u00fcdahale ediyoruz, \u00e7\u00f6z\u00fcyoruz&#8221; diye konu\u015ftu.<br \/>\n&#8220;Ya AB bizi oyal\u0131yor ya \u0130ller Bankas\u0131 i\u015fini \u00e7abuk yapm\u0131yor ya ba\u015fka bir \u015feyler var&#8221;<br \/>\nBa\u015fkan Se\u00e7er, Cumhurba\u015fkan\u0131 Recep Tayyip Erdo\u011fan&#8217;\u0131n Avrupa Birli\u011fi ile ilgili b\u00fcy\u00fckel\u00e7ilerle yapt\u0131\u011f\u0131 toplant\u0131da T\u00fcrkiye&#8217;deki ba\u015fta Suriyeli s\u0131\u011f\u0131nmac\u0131lar\u0131n oldu\u011fu g\u00f6\u00e7 sorunu ile ilgili \u00f6nemli de\u011ferlendirmelerde bulundu\u011funu ifade ederek, \u015f\u00f6yle devam etti:<br \/>\n&#8220;Dedi ki &#8216;Avrupa Birli\u011fi bu konuda bize \u00e7ok anlaml\u0131 destek yapm\u0131yor.  \u00d6zellikle alt yap\u0131 \u00e7al\u0131\u015fmalar\u0131nda kendi gayretlerimizle bizim \u00e7abalar\u0131m\u0131zla baz\u0131 sorunlar\u0131 \u00e7\u00f6zme yoluna gidiyoruz.&#8217; Bu bizi de ilgilendiren \u00f6nemli bir konu. Mezitli \u0130\u00e7mesuyu Projesi var, 3. y\u0131l\u0131na tamaml\u0131yoruz g\u00f6revin. O g\u00fcnden &#8216;3 ay i\u00e7inde biter, 3 ay i\u00e7inde biter&#8217; bir t\u00fcrl\u00fc ba\u015flayamad\u0131k. 17 milyon 150 bin Euro. T\u00f6m\u00fck Arpa\u00e7bah\u015fi\u015f Erdemli&#8217;de hatta Mersin&#8217;in en b\u00fcy\u00fck kanalizasyon sorunu orada ya\u015fan\u0131yor. Yo\u011fun bir g\u00f6\u00e7 var. 15 milyon Euro. Biz kendi imkanlar\u0131m\u0131zla 13 milyon lira harcad\u0131k oran\u0131n i\u00e7mesuyu problemini bitirdik. Daha \u00e7ok da k\u0131sa bir s\u00fcrede. Su kayna\u011f\u0131m\u0131z Elvanl\u0131&#8217;yd\u0131. Bir de Akdeniz il\u00e7esine Kazanl\u0131, Homurlu, Toroslar bu mahallelerin ortak kanalizasyon projesi olan projenin 7 milyon Euro&#8217;luk tutar\u0131 toplam 39 milyon 150 bin Euro. 3, 4 ay \u00f6nce biz gittik, Ankara&#8217;da g\u00f6rkemli bir t\u00f6renle Cumhurba\u015fkan\u0131 Yard\u0131mc\u0131s\u0131n\u0131n, Say\u0131n \u00c7evre Bakan\u0131&#8217;n\u0131n, Avrupa Birli\u011fi Bakan\u0131&#8217;n\u0131n oldu\u011fu bir y\u00fcksek protokolle beraber bunlar\u0131n s\u00f6zle\u015fmesini yapt\u0131k. \u015eu ana kadar bize 1 Euro dahi para gelmedi. \u015eimdi burada Say\u0131n Cumhurba\u015fkan\u0131&#8217;n\u0131n de\u011ferlendirme \u00f6nemli bir de\u011ferlendirmedir. Bu problem kime aittir ben bilemem. \u0130mza at\u0131ld\u0131. \u00d6zellikle Mezitli \u0130\u00e7mesuyu Projesi 3 y\u0131ld\u0131r tamam, bug\u00fcn yar\u0131n, bug\u00fcn yar\u0131n. Burada koordinat\u00f6r kurum \u0130ller Bankas\u0131, paray\u0131 sa\u011flayan Avrupa Birli\u011fi. Avrupa Birli\u011fi AFD \u00fczerinden Frans\u0131z Kalk\u0131nma Ajans\u0131 \u00fczerinden bunu sa\u011fl\u0131yor. Frans\u0131z Kalk\u0131nma Ajans\u0131 ile \u0130ller Bankas\u0131 aras\u0131nda bir m\u00fc\u015favir firma var. M\u00fc\u015favir firma bizden bilgileri istiyor, bir t\u00fcrl\u00fc bilgilendirme bitmiyor, bir t\u00fcrl\u00fc be\u011fendiremiyoruz, bir t\u00fcrl\u00fc talepler son bulmuyor. Yani bir yerde bir \u015fey var ya Avrupa Birli\u011fi bizi oyal\u0131yor ya \u0130ller Bankas\u0131 i\u015fini \u00e7abuk yapm\u0131yor ya da ba\u015fka bir \u015feyler var. Bunu buradan ortaya s\u00f6yl\u00fcyorum \u00e7\u00fcnk\u00fc ben Mersin&#8217;i d\u00fc\u015f\u00fcn\u00fcyorum, Mersinli sorun ya\u015f\u0131yor, Mersinli 400 bin Suriyeli&#8217;nin y\u00fck\u00fcn\u00fc \u00e7ekiyor. Bu fon FRIT II kapsam\u0131nda yani T\u00fcrkiye&#8217;de ya\u015fayan m\u00fclteciler fonundan Avrupa Birli\u011fi hibe fonu ama ortada herhangi bir geli\u015fme yok.&#8221;<br \/>\n&#8220;Biz burada 2 milyon Mersinlinin iradesini temsil ediyoruz&#8221;<br \/>\nMersin Liman\u0131&#8217;n\u0131n hukuki s\u00fcreciyle ilgili baz\u0131 de\u011ferlendirmeler yapan bir Meclis \u00fcyesine yan\u0131t veren Ba\u015fkan Se\u00e7er, \u015fu ifadeleri kulland\u0131:<br \/>\n&#8220;Hukuki s\u00fcre\u00e7 devam ediyor. Biz tabii ki hukukun \u00fcst\u00fcnl\u00fc\u011f\u00fcne inan\u0131yoruz. T\u00fcrkiye&#8217;de g\u00fc\u00e7l\u00fc bir hukuk sistemi oldu\u011funu d\u00fc\u015f\u00fcn\u00fcyoruz ve can\u0131 g\u00f6n\u00fclden inan\u0131yoruz. Burada hukukun \u00fcst\u00fcnl\u00fc\u011f\u00fc var, \u00fcst\u00fcnlerin hukuku yok T\u00fcrkiye&#8217;de. Buna da \u00e7ok can\u0131 g\u00f6n\u00fclden inan\u0131yoruz ve bu \u015fehre herkesten \u00e7ok bu Meclisin sahip \u00e7\u0131kma gereklili\u011fine de inan\u0131yoruz. \u00c7\u00fcnk\u00fc biz burada 2 milyon Mersinlinin iradesini temsil ediyoruz. Onlar\u0131n s\u00f6zc\u00fcs\u00fcy\u00fcz. Mersinliler de eminim ki \u015funu s\u00f6yl\u00fcyordur; &#8216;Meclis, Mersin&#8217;e sahip \u00e7\u0131kmak zorundad\u0131r.&#8217; Atat\u00fcrk&#8217;\u00fcn dedi\u011fi gibi; &#8216;Mersinliler Mersin&#8217;e sahip \u00e7\u0131k\u0131n\u0131z.&#8217; Buraya kadar tamam. \u00dcnzile Han\u0131m hukuk\u00e7udur. Hukuk\u00e7u kimli\u011fiyle Cumhuriyet Halk Partisi grup s\u00f6zc\u00fcs\u00fc olarak inan\u0131yorum burada Cumhuriyet Halk Partisi d\u0131\u015f\u0131nda; Halklar\u0131n Demokratik Partisi var, \u0130yi Parti var ba\u011f\u0131ms\u0131z Meclis \u00fcyemiz var. Onlar\u0131n da duygular\u0131na terc\u00fcman olacak \u015fekilde hukuki olarak bu bilirki\u015fi raporunu a\u00e7\u0131klad\u0131. Niye buray\u0131 \u00f6rnek verdim? \u00c7\u00fcnk\u00fc biz daha \u00f6nce burada bir Meclis karar\u0131 alal\u0131m, dedik. Cumhur \u0130ttifak\u0131 \u00fcyeleri bizim gibi d\u00fc\u015f\u00fcnmedi\u011fi i\u00e7in, farkl\u0131 d\u00fc\u015f\u00fcnd\u00fc\u011f\u00fcn\u00fcz\u00fc d\u00fc\u015f\u00fcnerek, \u00dcnzile Han\u0131m&#8217;\u0131n bu a\u00e7\u0131klamalar\u0131n\u0131 bu gruba mal ettim. \u015eimdi burada hukuki olarak ilgimi \u00e7eken a\u00e7\u0131klaman\u0131zda, m\u00fcdahil olarak kat\u0131lan taraf ilgili firma, bizim davac\u0131 oldu\u011fumuz \u00c7evre Bakanl\u0131\u011f\u0131&#8217;n\u0131n e\u011fer istiyorsa yapmas\u0131 gereken i\u015fi yap\u0131yor. Oysa ortada bilimsel bir rapor var. Firma, ben de inceledim, yapt\u0131rd\u0131\u011f\u0131 bu \u00e7al\u0131\u015fmada ki bir \u00fcniversitenin d\u00f6ner sermayesine para \u00f6denerek bu yap\u0131l\u0131yor. Olay\u0131n ekonomik boyutunu, kendisi ile ilgili olan ekonomik boyutunu analiz ettiriyor.&#8221;<br \/>\n&#8220;Bizim i\u00e7in vatan, memleket her \u015feyden kutsal kavramlar&#8221;<br \/>\nBa\u015fkan Se\u00e7er, s\u00fcreci takip ettiklerini belirterek, &#8220;Para diye, ekonomi diye Mersin&#8217;i satacak, pazarlayacak halimiz yok. B\u00f6yle bir d\u00fc\u015f\u00fcncemizin olabilece\u011fini kimse d\u00fc\u015f\u00fcnmesin. Bizim i\u00e7in vatan, memleket her \u015feyden kutsal kavramlar. Paradan \u00e7ok \u00e7ok \u00f6te, makamdan \u00e7ok \u00e7ok \u00f6te kutsal kavramlar. Burada tabii ki biz takip ediyoruz. Mersin halk\u0131 takip edecektir. Her \u015fey hukukun i\u00e7erisinde kalmak zorundad\u0131r&#8221; dedi. 2007 y\u0131l\u0131nda Mersin liman\u0131n\u0131n 36 y\u0131ll\u0131\u011f\u0131na \u00f6zelle\u015ftirildi\u011fini an\u0131msatan Se\u00e7er, \u015f\u00f6yle devam etti:<br \/>\n&#8220;2007 y\u0131l\u0131nda T\u00fcrkiye&#8217;yi y\u00f6neten iktidar bu kapsamda, \u00f6zelle\u015ftirme kapsam\u0131nda, 36 y\u0131ll\u0131k kiradan kaynakl\u0131 rant\u0131 T\u00fcrkiye Cumhuriyeti&#8217;nin kasas\u0131na ald\u0131 ve t\u00fcketti. \u015e\u00f6yle d\u00fc\u015f\u00fcn\u00fcn; evinizi kiraya vermi\u015fsiniz 10 y\u0131ll\u0131\u011f\u0131na, 5 y\u0131l ge\u00e7mi\u015f. Kirac\u0131y\u0131 \u00e7a\u011f\u0131r\u0131yorsunuz. Neden \u00e7a\u011f\u0131r\u0131yorsunuz? Paraya ihtiyac\u0131n\u0131z var. Eee 10 y\u0131l alm\u0131\u015fs\u0131n\u0131z, t\u00fcketmi\u015fsiniz. Biz bunu 15 y\u0131l yapal\u0131m. O art\u0131 5 y\u0131l\u0131n kiras\u0131n\u0131 bana tekrar verin. Bunu niye yapars\u0131n ev sahibi olarak? Paraya ihtiyac\u0131n oldu\u011fu zaman yapars\u0131n? Peki kirac\u0131n bunu nas\u0131l kabul eder? \u00c7ok cazip \u015fartlarda verirsen kabul eder. Yoksa der ki; &#8216;benim daha 5 y\u0131l\u0131m var, hele dur bakal\u0131m 5 y\u0131la kim \u00f6le kim kala, Allah kerim&#8217; der. Ama \u015fimdi burada&#8230; E\u011fer 2043 y\u0131l\u0131na kadar olan kiralama s\u00fcresini, ben Mersin liman\u0131n\u0131 de\u011ferlendiriyorum. Bu T\u00fcrkiye&#8217;ye sari bir Meclisten yasa \u00e7\u0131kt\u0131. Ben milletvekili de\u011filim. Orada olsam T\u00fcrkiye&#8217;ye sari konu\u015furdum. Ama kendi kentimdeki limanla ilgili de geli\u015fme budur. Yani 2043 y\u0131l\u0131na kadar olan kiralama s\u00fcresi 2056 y\u0131l\u0131na kadar Mersin&#8217;de uzat\u0131lm\u0131\u015ft\u0131r. Yani bir 13 y\u0131l daha. Kim o tarihlerde ya\u015fayacak, ya\u015famayacak bilemiyoruz ama \u00e7ocuklar\u0131m\u0131z\u0131n gelece\u011fi kiraya verilmi\u015ftir. Ben olaya b\u00f6yle bakar\u0131m ve buna da \u015fiddetle kar\u015f\u0131 oldu\u011fumu ifade etmek isterim. Evet, ilk haz\u0131rlanan bilirki\u015fi raporu bilimseldi ama bence de filmsel raporlar da haz\u0131rlanabiliyor. Mersin halk\u0131na da &#8216;bu filmi izleyin&#8217; diyenler yan\u0131l\u0131yorlar. Biz film falan izlemiyoruz ama Mersin&#8217;de geli\u015fmeleri yak\u0131ndan takip ediyoruz.&#8221;<\/p>\n","protected":false},"excerpt":{"rendered":"<p>Mersin B\u00fcy\u00fck\u015fehir Belediyesi&#8217;nin 2022 Y\u0131l\u0131 Ocak Ay\u0131 Meclis Toplant\u0131s\u0131&#8217;n\u0131n 2. Birle\u015fimi, B\u00fcy\u00fck\u015fehir Belediye Ba\u015fkan\u0131 Vahap Se\u00e7er ba\u015fkanl\u0131\u011f\u0131nda ger\u00e7ekle\u015ftirildi. Meclis toplant\u0131s\u0131nda Ula\u015f\u0131m Master Plan\u0131&#8217;n\u0131 yenileyeceklerini belirten Ba\u015fkan Se\u00e7er, &#8220;En son 2015 &hellip; <a href=\"https:\/\/akdenizolaygazetesi.com\/?p=16139\" class=\"more-link\">Devam\u0131n\u0131 Oku&#8230;<\/a><\/p>\n","protected":false},"author":2,"featured_media":16140,"comment_status":"open","ping_status":"open","sticky":false,"template":"","format":"standard","meta":[],"categories":[8,2,3],"tags":[],"_links":{"self":[{"href":"https:\/\/akdenizolaygazetesi.com\/index.php?rest_route=\/wp\/v2\/posts\/16139"}],"collection":[{"href":"https:\/\/akdenizolaygazetesi.com\/index.php?rest_route=\/wp\/v2\/posts"}],"about":[{"href":"https:\/\/akdenizolaygazetesi.com\/index.php?rest_route=\/wp\/v2\/types\/post"}],"author":[{"embeddable":true,"href":"https:\/\/akdenizolaygazetesi.com\/index.php?rest_route=\/wp\/v2\/users\/2"}],"replies":[{"embeddable":true,"href":"https:\/\/akdenizolaygazetesi.com\/index.php?rest_route=%2Fwp%2Fv2%2Fcomments&post=16139"}],"version-history":[{"count":1,"href":"https:\/\/akdenizolaygazetesi.com\/index.php?rest_route=\/wp\/v2\/posts\/16139\/revisions"}],"predecessor-version":[{"id":16141,"href":"https:\/\/akdenizolaygazetesi.com\/index.php?rest_route=\/wp\/v2\/posts\/16139\/revisions\/16141"}],"wp:featuredmedia":[{"embeddable":true,"href":"https:\/\/akdenizolaygazetesi.com\/index.php?rest_route=\/wp\/v2\/media\/16140"}],"wp:attachment":[{"href":"https:\/\/akdenizolaygazetesi.com\/index.php?rest_route=%2Fwp%2Fv2%2Fmedia&parent=16139"}],"wp:term":[{"taxonomy":"category","embeddable":true,"href":"https:\/\/akdenizolaygazetesi.com\/index.php?rest_route=%2Fwp%2Fv2%2Fcategories&post=16139"},{"taxonomy":"post_tag","embeddable":true,"href":"https:\/\/akdenizolaygazetesi.com\/index.php?rest_route=%2Fwp%2Fv2%2Ftags&post=16139"}],"curies":[{"name":"wp","href":"https:\/\/api.w.org\/{rel}","templated":true}]}}