{"id":1614,"date":"2020-11-04T18:22:09","date_gmt":"2020-11-04T15:22:09","guid":{"rendered":"http:\/\/mersinekonomipolitikagazetesi.com\/?p=1614"},"modified":"2020-11-04T18:22:09","modified_gmt":"2020-11-04T15:22:09","slug":"forum-mersinde-kukla-festivaline-yogun-ilgi","status":"publish","type":"post","link":"https:\/\/akdenizolaygazetesi.com\/?p=1614","title":{"rendered":"Forum Mersin\u2019de &#8216;Kukla Festivali&#8217;ne yo\u011fun ilgi"},"content":{"rendered":"<p>Forum Mersin Al\u0131\u015f Veri\u015f Merkezi&#8217;nde &#8216;Kukla Festivali&#8217; kapsam\u0131nda d\u00fczenlenen etkinlikler, ziyaret\u00e7ilerin yo\u011fun ilgisini g\u00f6rd\u00fc.<\/p>\n<p><span style=\"font-size:16px;\"><span style=\"font-family: sans-serif; line-height: 20px; text-align: justify; background-color: rgb(242, 244, 245);\">Her y\u0131l renkli g\u00f6r\u00fcnt\u00fclere sahne olan Kukla Festivali kapsam\u0131nda Forum Mersin\u2019de d\u00fczenlenen at\u00f6lye ve sergi etkinlikleri, bu y\u0131l da yo\u011fun ilgiyle ger\u00e7ekle\u015fti. &#8216;Karag\u00f6z\u2019\u00fc olmayan \u00e7ocuk kalmas\u0131n&#8217; slogan\u0131yla yap\u0131lan at\u00f6lye \u00e7al\u0131\u015fmalar\u0131 minik misafirlerin ak\u0131n\u0131na u\u011frad\u0131. Forum Mersin\u2019in minik misafirlerinin yo\u011fun kat\u0131l\u0131m\u0131yla hayata ge\u00e7en Kukla Yap\u0131m At\u00f6lyesi, \u00e7ocuklara kendi elleriyle yapt\u0131klar\u0131 kuklalara sahip olma f\u0131rsat\u0131 sundu. Ayr\u0131ca ziyarete a\u00e7\u0131lan \u00f6zel sergi kapsam\u0131nda &#8216;Ya\u015fayan \u0130nsan Hazinesi&#8217; se\u00e7ilen \u00fc\u00e7 Karag\u00f6z ustas\u0131ndan biri olan Karag\u00f6z sanat\u00e7\u0131s\u0131 Tacettin Diker\u2019in tasvirleri sanatseverlerle bulu\u015ftu. Bu \u00f6zel sergi, Turizm Bakanl\u0131\u011f\u0131\u2019n\u0131n koleksiyonu d\u0131\u015f\u0131ndaki en kapsaml\u0131 koleksiyon olma \u00f6zelli\u011fi ta\u015f\u0131yordu.\u00a0<\/span><\/span><\/p>\n","protected":false},"excerpt":{"rendered":"<p>Forum Mersin Al\u0131\u015f Veri\u015f Merkezi&#8217;nde &#8216;Kukla Festivali&#8217; kapsam\u0131nda d\u00fczenlenen etkinlikler, ziyaret\u00e7ilerin yo\u011fun ilgisini g\u00f6rd\u00fc. Her y\u0131l renkli g\u00f6r\u00fcnt\u00fclere sahne olan Kukla Festivali kapsam\u0131nda Forum Mersin\u2019de d\u00fczenlenen at\u00f6lye ve sergi etkinlikleri, &hellip; <a href=\"https:\/\/akdenizolaygazetesi.com\/?p=1614\" class=\"more-link\">Devam\u0131n\u0131 Oku&#8230;<\/a><\/p>\n","protected":false},"author":1,"featured_media":0,"comment_status":"open","ping_status":"open","sticky":false,"template":"","format":"standard","meta":[],"categories":[],"tags":[],"_links":{"self":[{"href":"https:\/\/akdenizolaygazetesi.com\/index.php?rest_route=\/wp\/v2\/posts\/1614"}],"collection":[{"href":"https:\/\/akdenizolaygazetesi.com\/index.php?rest_route=\/wp\/v2\/posts"}],"about":[{"href":"https:\/\/akdenizolaygazetesi.com\/index.php?rest_route=\/wp\/v2\/types\/post"}],"author":[{"embeddable":true,"href":"https:\/\/akdenizolaygazetesi.com\/index.php?rest_route=\/wp\/v2\/users\/1"}],"replies":[{"embeddable":true,"href":"https:\/\/akdenizolaygazetesi.com\/index.php?rest_route=%2Fwp%2Fv2%2Fcomments&post=1614"}],"version-history":[{"count":0,"href":"https:\/\/akdenizolaygazetesi.com\/index.php?rest_route=\/wp\/v2\/posts\/1614\/revisions"}],"wp:attachment":[{"href":"https:\/\/akdenizolaygazetesi.com\/index.php?rest_route=%2Fwp%2Fv2%2Fmedia&parent=1614"}],"wp:term":[{"taxonomy":"category","embeddable":true,"href":"https:\/\/akdenizolaygazetesi.com\/index.php?rest_route=%2Fwp%2Fv2%2Fcategories&post=1614"},{"taxonomy":"post_tag","embeddable":true,"href":"https:\/\/akdenizolaygazetesi.com\/index.php?rest_route=%2Fwp%2Fv2%2Ftags&post=1614"}],"curies":[{"name":"wp","href":"https:\/\/api.w.org\/{rel}","templated":true}]}}