{"id":1615,"date":"2020-11-04T18:22:09","date_gmt":"2020-11-04T15:22:09","guid":{"rendered":"http:\/\/mersinekonomipolitikagazetesi.com\/?p=1615"},"modified":"2020-11-04T18:22:09","modified_gmt":"2020-11-04T15:22:09","slug":"insan-yuzlu-baliklar-ilgi-odagi-oldu","status":"publish","type":"post","link":"https:\/\/akdenizolaygazetesi.com\/?p=1615","title":{"rendered":"\u0130nsan y\u00fczl\u00fc bal\u0131klar ilgi oda\u011f\u0131 oldu"},"content":{"rendered":"<p>Mersin&#8217;de bal\u0131k\u00e7\u0131lar\u0131n a\u011f\u0131na tak\u0131lan insan y\u00fczl\u00fc bal\u0131klar, g\u00f6renleri \u015fa\u015f\u0131rt\u0131yor. &#8216;Sapan&#8217; ad\u0131 verilen ilgin\u00e7 bal\u0131klar tezgahlar\u0131 s\u00fcslerken, bal\u0131\u011f\u0131n ya\u011f\u0131n\u0131n cilde iyi geldi\u011fi \u00f6ne s\u00fcr\u00fcld\u00fc.<\/p>\n<p><span style=\"font-size:16px;\"><span style=\"font-family: sans-serif; line-height: 20px; text-align: justify; background-color: rgb(242, 244, 245);\">Mersinli bal\u0131k\u00e7\u0131lar, Akdeniz a\u00e7\u0131klar\u0131nda insan y\u00fcz\u00fcn\u00fc and\u0131rmas\u0131yla dikkat \u00e7eken ve denizlerde ender g\u00f6r\u00fclen sapan bal\u0131\u011f\u0131 yakalad\u0131. Mersin Bal\u0131k Pazar\u0131nda, bal\u0131k\u00e7\u0131lar\u0131n tezgah\u0131n\u0131 s\u00fcsleyen 1 metrenin \u00fczerindeki iki sapan bal\u0131\u011f\u0131, al\u0131\u015fveri\u015fe gelen vatanda\u015flar\u0131n da ilgisini \u00e7ekiyor. Tezgahlarda insan y\u00fcz\u00fcn\u00fc and\u0131ran bal\u0131klar\u0131 g\u00f6ren vatanda\u015flar, \u00f6nce b\u00fcy\u00fck bir \u015fa\u015fk\u0131nl\u0131k ya\u015f\u0131yor ard\u0131ndan cep telefonlar\u0131yla bu ilgin\u00e7 bal\u0131klar\u0131n foto\u011fraflar\u0131n\u0131 \u00e7ekiyor. K\u00fc\u00e7\u00fck ya\u015ftaki \u00e7ocuklar ise \u00fcrkek ad\u0131mlarla bal\u0131\u011fa yakla\u015f\u0131p dokunmaya \u00e7al\u0131\u015f\u0131yor.\u00a0<\/span><br style=\"box-sizing: border-box; font-family: sans-serif; font-size: 14px; line-height: 20px; text-align: justify; background-color: rgb(242, 244, 245);\" \/><br \/>\n<span style=\"font-family: sans-serif; line-height: 20px; text-align: justify; background-color: rgb(242, 244, 245);\">Mersin Bal\u0131k\u00e7\u0131lar Derne\u011fi Ba\u015fkan\u0131 Faruk Polat, bal\u0131k\u00e7\u0131lar aras\u0131nda &#8216;deniz k\u0131z\u0131&#8217; da denilen sapan bal\u0131\u011f\u0131n\u0131n normalde a\u00e7\u0131k denizlerde ya\u015fad\u0131\u011f\u0131n\u0131, bu d\u00f6nemde K\u0131br\u0131s a\u00e7\u0131klar\u0131nda da rastland\u0131\u011f\u0131n\u0131 ifade etti.\u00a0<\/span><br style=\"box-sizing: border-box; font-family: sans-serif; font-size: 14px; line-height: 20px; text-align: justify; background-color: rgb(242, 244, 245);\" \/><br \/>\n<span style=\"font-family: sans-serif; line-height: 20px; text-align: justify; background-color: rgb(242, 244, 245);\">Bal\u0131\u011f\u0131n g\u00f6z, dudak, kar\u0131n b\u00f6lgesi gibi insana benzeyen garip bir yap\u0131s\u0131 oldu\u011funu s\u00f6yleyen Polat, sa\u011fl\u0131k a\u00e7\u0131s\u0131ndan da \u00e7ok faydal\u0131 bir bal\u0131k oldu\u011funu savundu. Bal\u0131\u011f\u0131n ya\u011f\u0131n\u0131n g\u00fczellik uzmanlar\u0131nca cilt bak\u0131m\u0131nda kullan\u0131ld\u0131\u011f\u0131n\u0131 ileri s\u00fcren Polat, &#8220;Bu bal\u0131\u011f\u0131n ya\u011f\u0131n\u0131n cildin \u00fczerindeki yan\u0131klar, lekeler, egzama gibi her t\u00fcrl\u00fc cilt rahats\u0131zl\u0131\u011f\u0131na faydas\u0131 var&#8221; dedi.\u00a0<\/span><\/span><\/p>\n","protected":false},"excerpt":{"rendered":"<p>Mersin&#8217;de bal\u0131k\u00e7\u0131lar\u0131n a\u011f\u0131na tak\u0131lan insan y\u00fczl\u00fc bal\u0131klar, g\u00f6renleri \u015fa\u015f\u0131rt\u0131yor. &#8216;Sapan&#8217; ad\u0131 verilen ilgin\u00e7 bal\u0131klar tezgahlar\u0131 s\u00fcslerken, bal\u0131\u011f\u0131n ya\u011f\u0131n\u0131n cilde iyi geldi\u011fi \u00f6ne s\u00fcr\u00fcld\u00fc. Mersinli bal\u0131k\u00e7\u0131lar, Akdeniz a\u00e7\u0131klar\u0131nda insan y\u00fcz\u00fcn\u00fc and\u0131rmas\u0131yla &hellip; <a href=\"https:\/\/akdenizolaygazetesi.com\/?p=1615\" class=\"more-link\">Devam\u0131n\u0131 Oku&#8230;<\/a><\/p>\n","protected":false},"author":1,"featured_media":0,"comment_status":"open","ping_status":"open","sticky":false,"template":"","format":"standard","meta":[],"categories":[],"tags":[],"_links":{"self":[{"href":"https:\/\/akdenizolaygazetesi.com\/index.php?rest_route=\/wp\/v2\/posts\/1615"}],"collection":[{"href":"https:\/\/akdenizolaygazetesi.com\/index.php?rest_route=\/wp\/v2\/posts"}],"about":[{"href":"https:\/\/akdenizolaygazetesi.com\/index.php?rest_route=\/wp\/v2\/types\/post"}],"author":[{"embeddable":true,"href":"https:\/\/akdenizolaygazetesi.com\/index.php?rest_route=\/wp\/v2\/users\/1"}],"replies":[{"embeddable":true,"href":"https:\/\/akdenizolaygazetesi.com\/index.php?rest_route=%2Fwp%2Fv2%2Fcomments&post=1615"}],"version-history":[{"count":0,"href":"https:\/\/akdenizolaygazetesi.com\/index.php?rest_route=\/wp\/v2\/posts\/1615\/revisions"}],"wp:attachment":[{"href":"https:\/\/akdenizolaygazetesi.com\/index.php?rest_route=%2Fwp%2Fv2%2Fmedia&parent=1615"}],"wp:term":[{"taxonomy":"category","embeddable":true,"href":"https:\/\/akdenizolaygazetesi.com\/index.php?rest_route=%2Fwp%2Fv2%2Fcategories&post=1615"},{"taxonomy":"post_tag","embeddable":true,"href":"https:\/\/akdenizolaygazetesi.com\/index.php?rest_route=%2Fwp%2Fv2%2Ftags&post=1615"}],"curies":[{"name":"wp","href":"https:\/\/api.w.org\/{rel}","templated":true}]}}