{"id":16152,"date":"2022-01-15T17:25:35","date_gmt":"2022-01-15T14:25:35","guid":{"rendered":"http:\/\/akdenizolaygazetesi.com\/?p=16152"},"modified":"2022-01-15T17:25:35","modified_gmt":"2022-01-15T14:25:35","slug":"tgf-16-ocak-basin-onur-gunu-kutlu-olsun","status":"publish","type":"post","link":"https:\/\/akdenizolaygazetesi.com\/?p=16152","title":{"rendered":"TGF : \u201c16 Ocak Bas\u0131n Onur G\u00fcn\u00fc kutlu olsun\u201d"},"content":{"rendered":"<p>T\u00fcrkiye Gazeteciler Federasyonu Genel Ba\u015fkan\u0131 Y\u0131lmaz Karaca, 16 Ocak<br \/>\nBas\u0131n Onur G\u00fcn\u00fc dolay\u0131s\u0131yla bir mesaj yay\u0131nlad\u0131.<\/p>\n<p>Karaca, yay\u0131nlad\u0131\u011f\u0131 mesajda, \u201cGazi Mustafa Kemal Atat\u00fcrk, ilk ve tek<br \/>\nbas\u0131n toplant\u0131s\u0131n\u0131 16 Ocak 1923\u2019de \u0130zmit Kasr-\u0131 Humayun\u2019da<br \/>\nger\u00e7ekle\u015ftirmi\u015f ve Cumhuriyet fikrini ilk olarak gazetecilerle<br \/>\npayla\u015fm\u0131\u015ft\u0131r. 16 Ocak g\u00fcn\u00fc o d\u00f6nemin \u00f6nde gelen gazetecileriyle<br \/>\nyakla\u015f\u0131k 6 saat boyunca bas\u0131n toplant\u0131s\u0131 ger\u00e7ekle\u015ftiren Gazi Mustafa<br \/>\nKemal Atat\u00fcrk Cumhuriyeti kuraca\u011f\u0131n\u0131 ilk kez gazetecilere duyurarak<br \/>\nbas\u0131na ne kadar \u00f6nem verdi\u011fini de g\u00f6stermi\u015ftir. Bu nedenle 16 Ocak<br \/>\nsadece Kocaeli i\u00e7in de\u011fil, t\u00fcm T\u00fcrkiye\u2019deki gazetecilik a\u00e7\u0131s\u0131ndan da<br \/>\nb\u00fcy\u00fck bir \u00f6neme sahiptir.<\/p>\n<p>Zor ko\u015fullarda, fedakar bir \u015fekilde, toplumsal de\u011ferlere sayg\u0131l\u0131 ve<br \/>\ntarafs\u0131z bir anlay\u0131\u015fla g\u00f6revlerini yerine getiren Anadolu bas\u0131n\u0131, d\u00fcn<br \/>\noldu\u011fu gibi bug\u00fcn de demokratik toplum d\u00fczeninin korunmas\u0131nda ve<br \/>\nhalk\u0131n bilgilendirilmesinde b\u00fcy\u00fck rol oynamaktad\u0131r.<\/p>\n<p>T\u00fcrkiye Gazeteciler Federasyonu olarak t\u00fcm meslekta\u015flar\u0131m\u0131z\u0131n 16 Ocak<br \/>\nBas\u0131n Onur G\u00fcn\u00fc\u2019n\u00fc kutluyor, \u2018Bas\u0131n, Milletin M\u00fc\u015fterek Sesidir\u2019<br \/>\ns\u00f6z\u00fcyle de bas\u0131n\u0131n \u00f6nemini bir kez daha ortaya koyan Ulu \u00d6nder Gazi<br \/>\nMustafa Kemal Atat\u00fcrk\u2019\u00fc sayg\u0131 ve \u015f\u00fckranla an\u0131yoruz.<\/p>\n","protected":false},"excerpt":{"rendered":"<p>T\u00fcrkiye Gazeteciler Federasyonu Genel Ba\u015fkan\u0131 Y\u0131lmaz Karaca, 16 Ocak Bas\u0131n Onur G\u00fcn\u00fc dolay\u0131s\u0131yla bir mesaj yay\u0131nlad\u0131. Karaca, yay\u0131nlad\u0131\u011f\u0131 mesajda, \u201cGazi Mustafa Kemal Atat\u00fcrk, ilk ve tek bas\u0131n toplant\u0131s\u0131n\u0131 16 Ocak &hellip; <a href=\"https:\/\/akdenizolaygazetesi.com\/?p=16152\" class=\"more-link\">Devam\u0131n\u0131 Oku&#8230;<\/a><\/p>\n","protected":false},"author":2,"featured_media":16153,"comment_status":"open","ping_status":"open","sticky":false,"template":"","format":"standard","meta":[],"categories":[2,3,5],"tags":[],"_links":{"self":[{"href":"https:\/\/akdenizolaygazetesi.com\/index.php?rest_route=\/wp\/v2\/posts\/16152"}],"collection":[{"href":"https:\/\/akdenizolaygazetesi.com\/index.php?rest_route=\/wp\/v2\/posts"}],"about":[{"href":"https:\/\/akdenizolaygazetesi.com\/index.php?rest_route=\/wp\/v2\/types\/post"}],"author":[{"embeddable":true,"href":"https:\/\/akdenizolaygazetesi.com\/index.php?rest_route=\/wp\/v2\/users\/2"}],"replies":[{"embeddable":true,"href":"https:\/\/akdenizolaygazetesi.com\/index.php?rest_route=%2Fwp%2Fv2%2Fcomments&post=16152"}],"version-history":[{"count":1,"href":"https:\/\/akdenizolaygazetesi.com\/index.php?rest_route=\/wp\/v2\/posts\/16152\/revisions"}],"predecessor-version":[{"id":16154,"href":"https:\/\/akdenizolaygazetesi.com\/index.php?rest_route=\/wp\/v2\/posts\/16152\/revisions\/16154"}],"wp:featuredmedia":[{"embeddable":true,"href":"https:\/\/akdenizolaygazetesi.com\/index.php?rest_route=\/wp\/v2\/media\/16153"}],"wp:attachment":[{"href":"https:\/\/akdenizolaygazetesi.com\/index.php?rest_route=%2Fwp%2Fv2%2Fmedia&parent=16152"}],"wp:term":[{"taxonomy":"category","embeddable":true,"href":"https:\/\/akdenizolaygazetesi.com\/index.php?rest_route=%2Fwp%2Fv2%2Fcategories&post=16152"},{"taxonomy":"post_tag","embeddable":true,"href":"https:\/\/akdenizolaygazetesi.com\/index.php?rest_route=%2Fwp%2Fv2%2Ftags&post=16152"}],"curies":[{"name":"wp","href":"https:\/\/api.w.org\/{rel}","templated":true}]}}