{"id":16155,"date":"2022-01-16T10:51:49","date_gmt":"2022-01-16T07:51:49","guid":{"rendered":"http:\/\/akdenizolaygazetesi.com\/?p=16155"},"modified":"2022-01-16T10:51:49","modified_gmt":"2022-01-16T07:51:49","slug":"bizim-faaliyetlerimizde-cevre-muhendisleri-odasi-onemli","status":"publish","type":"post","link":"https:\/\/akdenizolaygazetesi.com\/?p=16155","title":{"rendered":"&#8220;Bizim faaliyetlerimizde \u00c7evre M\u00fchendisleri Odas\u0131 \u00f6nemli&#8221;"},"content":{"rendered":"<p>Mersin B\u00fcy\u00fck\u015fehir Belediye Ba\u015fkan\u0131 Vahap Se\u00e7er, TMMOB \u00c7evre M\u00fchendisleri Odas\u0131 Mersin \u015eubesi&#8217;nin 3. D\u00f6nem Genel Kurulu&#8217;na kat\u0131ld\u0131. \u00c7evre hassasiyeti olan bir Belediye Ba\u015fkan\u0131 oldu\u011funu ifade eden Ba\u015fkan Se\u00e7er, &#8220;Hi\u00e7bir \u015feyin \u00e7evreden daha \u00f6nemli oldu\u011funu, d\u00fc\u015f\u00fcnm\u00fcyorum&#8221; dedi.<\/p>\n<p>&#8220;Bizim faaliyetlerimizde \u00c7evre M\u00fchendisleri Odas\u0131 \u00f6nemli&#8221;<\/p>\n<p>\u00c7evre M\u00fchendisleri Odas\u0131 Mersin \u015eubesi&#8217;nin 3. D\u00f6nem Genel Kurulu&#8217;na Ba\u015fkan Se\u00e7er&#8217;in yan\u0131 s\u0131ra CHP Mersin Milletvekili Alpay Antmen, oda, dernek ve sivil toplum kurulu\u015flar\u0131 ile siyasi parti temsilcileri kat\u0131ld\u0131. Ba\u015fkan Se\u00e7er, odalar\u0131n ve sivil toplum kurulu\u015flar\u0131n\u0131n \u00f6neminden bahsederek, &#8220;Odalar, sivil toplum kurulu\u015flar\u0131 bunlar demokrasiye g\u00fc\u00e7 katan en temel unsurlar. Ya\u015fatmak laz\u0131m, s\u00fcrd\u00fcrmek laz\u0131m&#8221; dedi. B\u00fcy\u00fck\u015fehir Belediyesi olarak \u00e7evre konusunda \u00f6nemli \u00e7al\u0131\u015fmalar yapt\u0131klar\u0131n\u0131 belirten Ba\u015fkan Se\u00e7er, Mersin \u0130li Sera Gaz\u0131 Emisyon Envanteri Raporu, Temiz Akdeniz Projesi gibi bir\u00e7ok projelerini \u00c7evre M\u00fchendisleri Odas\u0131 ile i\u015f birli\u011fi i\u00e7erisinde hayata ge\u00e7irdiklerini belirtti. Se\u00e7er, &#8220;\u00c7evre k\u00fcresel bir konu asl\u0131nda ama g\u00f6rev alan\u0131m\u0131z Mersin. Belediyemizin \u00c7evre Koruma ve Kontrol Dairesi b\u00fcnyesinde ve onlara ba\u011fl\u0131 \u015fube m\u00fcd\u00fcrl\u00fckleri uhdesinde \u00f6nemli ve de\u011ferli \u00e7al\u0131\u015fmalar\u0131 var. Eksiktir, yap\u0131lmas\u0131 gerekenler vard\u0131r ama en az\u0131ndan bu bilin\u00e7 var. Onun i\u00e7in \u0130klim De\u011fi\u015fikli\u011fi ve Temiz Enerji \u015eube M\u00fcd\u00fcrl\u00fc\u011f\u00fc&#8217;n\u00fc kurduk. Onun i\u00e7in T\u00fcrkiye&#8217;nin ilk \u0130klim De\u011fi\u015fikli\u011fi Bilim Merkezi&#8217;ni kuruyoruz. Bizim faaliyetlerimizde \u00c7evre M\u00fchendisleri Odas\u0131 \u00f6nemli. Mersin B\u00fcy\u00fck\u015fehir Belediyesi&#8217;nin bu konuda yapt\u0131\u011f\u0131 her faaliyette mutlaka i\u015fin i\u00e7inde \u00c7evre M\u00fchendisleri Odas\u0131 var&#8221; diye konu\u015ftu.<\/p>\n<p>Ba\u015fkan Se\u00e7er, Mersin&#8217;in geli\u015fen ve g\u00f6\u00e7lerle b\u00fcy\u00fcyen bir \u015fehir olarak \u00f6nemli \u00e7evresel sorunlar\u0131 bulundu\u011funu ifade ederek, &#8220;Mersin gibi gen\u00e7, g\u00f6\u00e7lerle b\u00fcy\u00fcyen, cazibesi olan, geli\u015fmeye a\u00e7\u0131k, y\u00fcksek potansiyel i\u00e7eren bir \u015fehir olursan\u0131z do\u011fal olarak sorunlar da fazla olur. Buras\u0131 bir sahil kenti, liman kenti olmasa burada ne polipropileni tart\u0131\u015f\u0131r olurduk ne de ana konteyner liman\u0131 ya da liman\u0131n geni\u015flemesi tart\u0131\u015f\u0131l\u0131yor olurdu. Buras\u0131 yat\u0131r\u0131ma, sanayiye ya da di\u011fer sekt\u00f6rlerdeki yat\u0131r\u0131ma uygun bir \u015fehir olmasayd\u0131 bu kadar \u00e7evre sorunlar\u0131n\u0131 konu\u015fmaya gerek kalmazd\u0131&#8221; dedi.<\/p>\n<p>&#8220;Hi\u00e7bir \u015feyin \u00e7evreden daha \u00f6nemli oldu\u011funu d\u00fc\u015f\u00fcnm\u00fcyorum&#8221;<\/p>\n<p>\u00c7evre hassasiyeti olan bir Belediye Ba\u015fkan\u0131 oldu\u011funu vurgulayan Ba\u015fkan Se\u00e7er, &#8220;Hi\u00e7bir \u015feyin \u00e7evreden daha \u00f6nemli oldu\u011funu d\u00fc\u015f\u00fcnm\u00fcyorum. Hi\u00e7bir parasal de\u011ferin, do\u011fay\u0131 katletme pahas\u0131na sat\u0131n alacak g\u00fc\u00e7te oldu\u011funu d\u00fc\u015f\u00fcnm\u00fcyorum.  Mutlaka yat\u0131r\u0131m olacak. Biraz da liberal g\u00f6r\u00fc\u015f\u00fcm vard\u0131r. Asl\u0131nda o anlamda da liberal bir adam\u0131m. Ekonomik modellere bakt\u0131\u011f\u0131n\u0131z zaman ama liberal olmak talana g\u00f6z yummak anlam\u0131na gelmez. Belirli prensipler, kaideler, yasalar \u00e7er\u00e7evesinde yat\u0131r\u0131m yapars\u0131n\u0131z&#8221; ifadelerine yer verdi.<\/p>\n<p>&#8220;Her zaman \u00e7evre hassasiyeti ta\u015f\u0131yan kurumlar\u0131n yan\u0131nda durduk&#8221;<\/p>\n<p>Ba\u015fkan Se\u00e7er, Mersin&#8217;de \u00e7evreye zarar verecek baz\u0131 proje ve uygulamalar\u0131n kar\u015f\u0131s\u0131nda olduklar\u0131n\u0131 belirterek, \u015funlar\u0131 s\u00f6yledi:<\/p>\n<p>&#8220;Polipropilen konusunda bizzat davay\u0131 a\u00e7an kurum olduk. Allah&#8217;tan b\u00f6yle d\u00fc\u015f\u00fcnen bir Belediye Ba\u015fkan\u0131 var. \u00c7evre M\u00fchendisleri Odas\u0131 da m\u00fcdahil olan odalardan bir tanesiydi. Liman konusunda, liman\u0131n geni\u015flemesi konusunda. Bizler Mersin B\u00fcy\u00fck\u015fehir Belediyesi olarak; kurumlar\u0131m\u0131zda beraber; zaman zaman \u00f6nc\u00fcl\u00fck yapt\u0131k zaman zaman i\u015f birli\u011fi yapt\u0131k, yine \u00e7evre katliamlar\u0131na yol a\u00e7acak baz\u0131 uygulamalarda her zaman bu hassasiyeti ta\u015f\u0131yan kurumlar\u0131n yan\u0131nda durduk. Son geli\u015fmeler; Orman Kanunu&#8217;nda bir madde kullan\u0131larak, onun g\u00fcc\u00fcyle; orada da yasa arkadan doland\u0131r\u0131lm\u0131\u015f; ormanlar\u0131 ortadan kald\u0131rabilecek, endi\u015fe i\u00e7erdi\u011fimiz bir d\u00fczenleme yapm\u0131\u015flar. Bunu Mersin B\u00fcy\u00fck\u015fehir Belediye Ba\u015fkan\u0131 olarak g\u00fcndeme ta\u015f\u0131yan ilk siyaset\u00e7iyimdir. \u00c7\u00fcnk\u00fc ben kentime sahip \u00e7\u0131kmak istiyorum. Siz orman alan\u0131ndan \u00e7\u0131kart\u0131yorsunuz, bunu neye g\u00f6re, nas\u0131l, ni\u00e7in yap\u0131yorsunuz?&#8221;<\/p>\n<p>Hi\u00e7bir oy kayg\u0131s\u0131 olmadan \u00e7al\u0131\u015fmalar\u0131n\u0131 s\u00fcrd\u00fcrd\u00fcklerini, b\u00fcrokraside zaten engellerle kar\u015f\u0131la\u015ft\u0131klar\u0131n\u0131 belirten Ba\u015fkan Se\u00e7er, her \u015feye ra\u011fmen cesur tutumlar\u0131n\u0131 s\u00fcrd\u00fcreceklerini vurgulad\u0131. Mersin&#8217;in \u00f6n\u00fc a\u00e7\u0131k, ender kentlerden bir tanesi oldu\u011funu s\u00f6zlerine ekleyen Ba\u015fkan Se\u00e7er, &#8220;Burada \u00e7ok \u00f6nemli yat\u0131r\u0131mlar zaten devam ediyor. \u00c7ok daha b\u00fcy\u00fckleri gelecek. Mersin&#8217;de \u00e7ok daha muazzam i\u015fler olacak. Onun i\u00e7in mesle\u011finize sahip olman\u0131z\u0131, daha fazla kenetlenmemizi, ba\u015far\u0131l\u0131 \u00e7al\u0131\u015fmalar yapman\u0131z\u0131 ve bizimle bug\u00fcne kadar oldu\u011fu gibi bundan sonra da i\u015f birli\u011fine devam etmenizi diliyorum&#8221; dedi.<\/p>\n<p>CHP Mersin Milletvekili Alpay Antmen ise konu\u015fmas\u0131nda, &#8220;TMMOB&#8217;un T\u00fcrkiye&#8217;de, T\u00fcrk siyasetinde ve hak m\u00fccadelesinde ne kadar b\u00fcy\u00fck bir \u00e7aba sarf etti\u011fini hepimiz biliyoruz. TMMOB&#8217;un ve TMMOB&#8217;a ba\u011fl\u0131 odalar\u0131n hem \u00e7evreye hem hak m\u00fccadelesine verdikleri emekler yads\u0131namaz&#8221; diye konu\u015ftu.<\/p>\n<p>\u00c7evre M\u00fchendisleri Odas\u0131 Genel Ba\u015fkan\u0131 Ahmet Dursun Kahraman ise &#8220;Biz oda olarak, m\u00fchendisler olarak, meslekta\u015flar olarak, emekten, bilimden, do\u011fadan yana, ya\u015fam hakk\u0131n\u0131 \u00f6n plana alan, bize kalk\u0131nma plan\u0131 ad\u0131yla yutturulmaya \u00e7al\u0131\u015f\u0131lan planlar\u0131n sat\u0131r aralar\u0131n\u0131 iyi okuyarak bu do\u011frultudaki bak\u0131\u015flar\u0131m\u0131z\u0131 sa\u011flam tutmal\u0131y\u0131z. Odalar\u0131m\u0131z, b\u00fct\u00fcn meslek odalar\u0131, bizler i\u00e7in demokrasi yolunda birer kaledir&#8221; ifadelerini kulland\u0131.  \u00c7evre M\u00fchendisleri Odas\u0131 Mersin \u015eube Ba\u015fkan\u0131 Sinan Can da gen\u00e7 bir oda olduklar\u0131n\u0131 ifade ederek, odalar\u0131n\u0131n bu noktaya kadar gelmesinde eme\u011fi ge\u00e7enlere te\u015fekk\u00fcrlerini iletti.<\/p>\n<p>MTSO Y\u00f6netim Kurulu Ba\u015fkan\u0131 Ayhan K\u0131z\u0131ltan, TMMOB&#8217;un T\u00fcrkiye&#8217;nin her y\u00f6nden en b\u00fcy\u00fck kurulu\u015fu oldu\u011funu belirterek, &#8220;T\u00fcrkiye&#8217;yi in\u015fa eden, \u00fcreten, planlayan, tasarlayan, bak\u0131m, onar\u0131m yapan, elektri\u011fi \u00fcreten, ne varsa kulland\u0131\u011f\u0131m\u0131z, insanl\u0131\u011f\u0131n kulland\u0131\u011f\u0131 hepsi m\u00fchendislerin, mimarlar\u0131n eseridir&#8221; dedi.<\/p>\n<p>Makina M\u00fchendisleri Odas\u0131 Mersin \u015eube Ba\u015fkan\u0131 \u0130brahim Y\u00fccesoy, &#8220;TMMOB olarak biz bu d\u00f6nem, her d\u00f6nemden farkl\u0131 olarak bir pandemi s\u00fcrecini de ya\u015fad\u0131k ve bu s\u00fcre\u00e7te kentin sorunlar\u0131yla ilgili bir\u00e7ok konuya m\u00fcdahil olduk. Bu s\u00fcre\u00e7te \u00c7evre M\u00fchendislerimiz de bize \u00e7ok ciddi bir destek verdi. Zor \u015fartlar bizi daha da birle\u015ftirdi ve ba\u015far\u0131l\u0131 i\u015fler \u00e7\u0131kartmak i\u00e7in bizi te\u015fvik etti&#8221; ifadelerini kulland\u0131.<\/p>\n","protected":false},"excerpt":{"rendered":"<p>Mersin B\u00fcy\u00fck\u015fehir Belediye Ba\u015fkan\u0131 Vahap Se\u00e7er, TMMOB \u00c7evre M\u00fchendisleri Odas\u0131 Mersin \u015eubesi&#8217;nin 3. D\u00f6nem Genel Kurulu&#8217;na kat\u0131ld\u0131. \u00c7evre hassasiyeti olan bir Belediye Ba\u015fkan\u0131 oldu\u011funu ifade eden Ba\u015fkan Se\u00e7er, &#8220;Hi\u00e7bir \u015feyin &hellip; <a href=\"https:\/\/akdenizolaygazetesi.com\/?p=16155\" class=\"more-link\">Devam\u0131n\u0131 Oku&#8230;<\/a><\/p>\n","protected":false},"author":2,"featured_media":16156,"comment_status":"open","ping_status":"open","sticky":false,"template":"","format":"standard","meta":[],"categories":[2,3,5],"tags":[],"_links":{"self":[{"href":"https:\/\/akdenizolaygazetesi.com\/index.php?rest_route=\/wp\/v2\/posts\/16155"}],"collection":[{"href":"https:\/\/akdenizolaygazetesi.com\/index.php?rest_route=\/wp\/v2\/posts"}],"about":[{"href":"https:\/\/akdenizolaygazetesi.com\/index.php?rest_route=\/wp\/v2\/types\/post"}],"author":[{"embeddable":true,"href":"https:\/\/akdenizolaygazetesi.com\/index.php?rest_route=\/wp\/v2\/users\/2"}],"replies":[{"embeddable":true,"href":"https:\/\/akdenizolaygazetesi.com\/index.php?rest_route=%2Fwp%2Fv2%2Fcomments&post=16155"}],"version-history":[{"count":1,"href":"https:\/\/akdenizolaygazetesi.com\/index.php?rest_route=\/wp\/v2\/posts\/16155\/revisions"}],"predecessor-version":[{"id":16157,"href":"https:\/\/akdenizolaygazetesi.com\/index.php?rest_route=\/wp\/v2\/posts\/16155\/revisions\/16157"}],"wp:featuredmedia":[{"embeddable":true,"href":"https:\/\/akdenizolaygazetesi.com\/index.php?rest_route=\/wp\/v2\/media\/16156"}],"wp:attachment":[{"href":"https:\/\/akdenizolaygazetesi.com\/index.php?rest_route=%2Fwp%2Fv2%2Fmedia&parent=16155"}],"wp:term":[{"taxonomy":"category","embeddable":true,"href":"https:\/\/akdenizolaygazetesi.com\/index.php?rest_route=%2Fwp%2Fv2%2Fcategories&post=16155"},{"taxonomy":"post_tag","embeddable":true,"href":"https:\/\/akdenizolaygazetesi.com\/index.php?rest_route=%2Fwp%2Fv2%2Ftags&post=16155"}],"curies":[{"name":"wp","href":"https:\/\/api.w.org\/{rel}","templated":true}]}}