{"id":16158,"date":"2022-01-16T10:54:03","date_gmt":"2022-01-16T07:54:03","guid":{"rendered":"http:\/\/akdenizolaygazetesi.com\/?p=16158"},"modified":"2022-01-16T10:54:03","modified_gmt":"2022-01-16T07:54:03","slug":"buyuksehir-ile-uluslararasi-goc-orgutu-70-ihtiyac-sahibi-ailenin-evini-tamir-ediyor","status":"publish","type":"post","link":"https:\/\/akdenizolaygazetesi.com\/?p=16158","title":{"rendered":"B\u00dcY\u00dcK\u015eEH\u0130R \u0130LE ULUSLARARASI G\u00d6\u00c7 \u00d6RG\u00dcT\u00dc 70 \u0130HT\u0130YA\u00c7 SAH\u0130B\u0130 A\u0130LEN\u0130N EV\u0130N\u0130 TAM\u0130R ED\u0130YOR"},"content":{"rendered":"<p>Mersin B\u00fcy\u00fck\u015fehir Belediyesi, s\u00fcrekli geni\u015fletti\u011fi sosyal yard\u0131m \u00e7al\u0131\u015fmalar\u0131na aral\u0131ks\u0131z devam ederken, bir taraftan da ortak projelerde yer alarak, ihtiya\u00e7 sahibi ailelerin sorunlar\u0131na \u00e7\u00f6z\u00fcm bulmaya devam ediyor. Bu kapsamda Uluslararas\u0131 G\u00f6\u00e7 \u00d6rg\u00fct\u00fc&#8217;n\u00fcn sa\u011flad\u0131\u011f\u0131 kaynak ve B\u00fcy\u00fck\u015fehir Belediyesi&#8217;nin sahada verdi\u011fi destekle ihtiya\u00e7 sahibi ailelerin fiziki \u015fartlar\u0131 k\u00f6t\u00fc olan evlerinde tadilat \u00e7al\u0131\u015fmalar\u0131 ba\u015flat\u0131ld\u0131.<\/p>\n<p>Uluslararas\u0131 G\u00f6\u00e7 \u00d6rg\u00fct\u00fc&#8217;ne ba\u011fl\u0131 \u0130yile\u015ftirme ve Toplum \u0130stikrar\u0131 Birimi ile B\u00fcy\u00fck\u015fehir Belediyesi Sosyal Hizmetler Dairesi i\u015f birli\u011fi ile y\u00fcr\u00fct\u00fclen \u00e7al\u0131\u015fmada; Tarsus ve Akdeniz il\u00e7elerinde bulunan yerel vatanda\u015flar ile g\u00f6\u00e7men topluluk \u00fcyesi ihtiya\u00e7 sahibi 70 ailenin ya\u015fad\u0131\u011f\u0131 evlerde tadilat \u00e7al\u0131\u015fmalar\u0131 yap\u0131l\u0131yor.<\/p>\n<p>Belirleme s\u0131ras\u0131nda g\u00f6r\u00fc\u015f al\u0131n\u0131yor<\/p>\n<p>\u00d6zellikle yang\u0131n olaylar\u0131 sonras\u0131nda ma\u011fduriyet ya\u015fayan ailelerden gelen taleplere \u00f6ncelik veriliyor. Ayr\u0131ca ya\u015fad\u0131klar\u0131 evlerin durumu olduk\u00e7a k\u00f6t\u00fc olan g\u00f6\u00e7men topluluk \u00fcyesi ailelerin ihtiya\u00e7 durumuna g\u00f6re evlerinde tadilat ger\u00e7ekle\u015ftiriliyor. Belirleme i\u015flemi s\u0131ras\u0131nda muhtarlardan ve sivil toplum kurulu\u015flar\u0131ndan da g\u00f6r\u00fc\u015f al\u0131n\u0131yor. Hassasiyet kriterlerinin olduk\u00e7a \u00f6nemsendi\u011fi proje kapsam\u0131nda, B\u00fcy\u00fck\u015fehir Belediyesi ekipleri ile Uluslararas\u0131 G\u00f6\u00e7 \u00d6rg\u00fct\u00fc yetkilileri birlikte y\u00fcr\u00fctt\u00fckleri saha \u00e7al\u0131\u015fmalar\u0131nda ihtiya\u00e7 \u00f6nceli\u011fine g\u00f6re 70 ev belirlendi.<\/p>\n<p>Proje kapsam\u0131nda ilk tadilat \u00e7al\u0131\u015fmas\u0131 Tarsus&#8217;ta ba\u015flat\u0131ld\u0131. Tarihi Tarsus Evleri&#8217;nin de bulundu\u011fu K\u0131z\u0131lmurat Mahallesi 2705. Sokak \u00fczerinde bulunan ve ge\u00e7ti\u011fimiz A\u011fustos ay\u0131nda \u00e7\u0131kan yang\u0131nda zarar g\u00f6ren \u015eaban Tuluk&#8217;a ait evde, proje kapsam\u0131nda tadilat i\u015fleminin bir b\u00f6l\u00fcm\u00fc yerine getiriliyor.<\/p>\n<p>\u0130lk etapta Tarsus ve Akdeniz&#8217;de uygulama yap\u0131lacak<\/p>\n<p>B\u00fcy\u00fck\u015fehir Belediyesi Sosyal Hizmetler Dairesi&#8217;ne ba\u011fl\u0131 Uyum Masas\u0131&#8217;nda g\u00f6revli \u00c7a\u011fan Co\u015fkuner, projenin \u00f6n\u00fcm\u00fczdeki d\u00f6nemde de kaynak durumuna ba\u011fl\u0131 olarak devam edece\u011fini belirterek, &#8220;Ev tadilat\u0131 projemize Tarsus&#8217;tan ba\u015flam\u0131\u015f oluyoruz. \u0130yile\u015ftirme ve Toplum Destek Birimi&#8217;nin do\u011frudan m\u00fcdahil olmas\u0131yla bu program\u0131 y\u00fcr\u00fctmekteyiz. Tarsus ve Akdeniz il\u00e7elerinde ilk etapta 70 hane belirlendi. Bu hanelerin bir k\u0131sm\u0131nda Sosyal Hizmetler Daire Ba\u015fkanl\u0131\u011f\u0131m\u0131za gelen ev tadilatlar\u0131 talepleri g\u00f6z \u00f6n\u00fcnde bulunduruldu. Bunun yan\u0131 s\u0131ra \u00e7e\u015fitli sivil toplum kurulu\u015flar\u0131n\u0131n y\u00f6nlendirmeleriyle ve muhtarlar\u0131n da deste\u011fiyle g\u00f6\u00e7men topluluk \u00fcyeleri de programa d\u00e2hil edildi. \u00d6n\u00fcm\u00fczdeki d\u00f6nemde de fon ve kaynak durumuna ba\u011fl\u0131 olarak, bu \u00e7al\u0131\u015fmay\u0131 Mersin&#8217;in di\u011fer il\u00e7elerinde de yayg\u0131nla\u015ft\u0131rmaya \u00e7al\u0131\u015faca\u011f\u0131z&#8221; dedi.<\/p>\n<p>&#8220;Yang\u0131n olan evlere \u00f6ncelik verdik&#8221;<\/p>\n<p>Tadilat yap\u0131lacak evlerin kriterlerle belirlendi\u011fini belirten B\u00fcy\u00fck\u015fehir Belediyesi Sosyal Hizmetler Dairesi Sosyal Hizmetler Uzmanlar\u0131ndan Yusuf Yazg\u0131 ise &#8220;Uluslararas\u0131 G\u00f6\u00e7 \u00d6rg\u00fct\u00fc&#8217;yle birlikte 70 tane ev belirledik. Daha \u00e7ok dezavantajl\u0131 ailelerin evlerinde incelemelerde bulunduk ve baz\u0131 evleri belirledik. Yang\u0131n olan evlere \u00f6ncelik verdik. Tarsus&#8217;un eski mahallelerinden olan K\u0131z\u0131lmurat Mahallesi&#8217;nde esnafl\u0131k yapan \u015eaban Ustan\u0131n evindeyiz. Tadilata buradan ba\u015flad\u0131k. Sadece yang\u0131ndan zarar g\u00f6ren evler de\u011fil, \u00f6nceli\u011fi biz yang\u0131nlara verdik. Dezavantajl\u0131, ya\u015fam ko\u015fullar\u0131 k\u00f6t\u00fc olan evlerde de \u00e7al\u0131\u015fma yapaca\u011f\u0131z. Bunlar 65 ya\u015f \u00fcst\u00fc vatanda\u015flar\u0131m\u0131z, evin reisinin kad\u0131n oldu\u011fu vatanda\u015flar&#8221; diye konu\u015ftu.<\/p>\n<p>Yang\u0131nda eski yap\u0131 evinin b\u00fcy\u00fck zarar g\u00f6rd\u00fc\u011f\u00fcn\u00fc kaydeden \u015eaban Tuluk, &#8220;Evim 14 A\u011fustos g\u00fcn\u00fc yan tarafta \u00e7\u0131kan yang\u0131n sebebiyle yand\u0131. 50 y\u0131ll\u0131k birikimim gitti. \u0130\u00e7inde paralar\u0131m vard\u0131. Yani burada manevi e\u015fyalar\u0131m vard\u0131. Hi\u00e7bir \u015fey kalmad\u0131 evde. Tamamen yand\u0131. Geldiler ke\u015fif yapt\u0131lar. Dediler ki; &#8216;elektrik ile s\u0131vay\u0131 biz yapal\u0131m&#8217;. Sa\u011f olsunlar ilgilendiler. Gelip ba\u015flad\u0131lar. S\u0131vay\u0131 yapt\u0131rd\u0131lar, ben memnunum. Te\u015fekk\u00fcr ederim&#8221; ifadelerini kulland\u0131.<\/p>\n","protected":false},"excerpt":{"rendered":"<p>Mersin B\u00fcy\u00fck\u015fehir Belediyesi, s\u00fcrekli geni\u015fletti\u011fi sosyal yard\u0131m \u00e7al\u0131\u015fmalar\u0131na aral\u0131ks\u0131z devam ederken, bir taraftan da ortak projelerde yer alarak, ihtiya\u00e7 sahibi ailelerin sorunlar\u0131na \u00e7\u00f6z\u00fcm bulmaya devam ediyor. Bu kapsamda Uluslararas\u0131 G\u00f6\u00e7 &hellip; <a href=\"https:\/\/akdenizolaygazetesi.com\/?p=16158\" class=\"more-link\">Devam\u0131n\u0131 Oku&#8230;<\/a><\/p>\n","protected":false},"author":2,"featured_media":16159,"comment_status":"open","ping_status":"open","sticky":false,"template":"","format":"standard","meta":[],"categories":[34,2,3],"tags":[],"_links":{"self":[{"href":"https:\/\/akdenizolaygazetesi.com\/index.php?rest_route=\/wp\/v2\/posts\/16158"}],"collection":[{"href":"https:\/\/akdenizolaygazetesi.com\/index.php?rest_route=\/wp\/v2\/posts"}],"about":[{"href":"https:\/\/akdenizolaygazetesi.com\/index.php?rest_route=\/wp\/v2\/types\/post"}],"author":[{"embeddable":true,"href":"https:\/\/akdenizolaygazetesi.com\/index.php?rest_route=\/wp\/v2\/users\/2"}],"replies":[{"embeddable":true,"href":"https:\/\/akdenizolaygazetesi.com\/index.php?rest_route=%2Fwp%2Fv2%2Fcomments&post=16158"}],"version-history":[{"count":1,"href":"https:\/\/akdenizolaygazetesi.com\/index.php?rest_route=\/wp\/v2\/posts\/16158\/revisions"}],"predecessor-version":[{"id":16160,"href":"https:\/\/akdenizolaygazetesi.com\/index.php?rest_route=\/wp\/v2\/posts\/16158\/revisions\/16160"}],"wp:featuredmedia":[{"embeddable":true,"href":"https:\/\/akdenizolaygazetesi.com\/index.php?rest_route=\/wp\/v2\/media\/16159"}],"wp:attachment":[{"href":"https:\/\/akdenizolaygazetesi.com\/index.php?rest_route=%2Fwp%2Fv2%2Fmedia&parent=16158"}],"wp:term":[{"taxonomy":"category","embeddable":true,"href":"https:\/\/akdenizolaygazetesi.com\/index.php?rest_route=%2Fwp%2Fv2%2Fcategories&post=16158"},{"taxonomy":"post_tag","embeddable":true,"href":"https:\/\/akdenizolaygazetesi.com\/index.php?rest_route=%2Fwp%2Fv2%2Ftags&post=16158"}],"curies":[{"name":"wp","href":"https:\/\/api.w.org\/{rel}","templated":true}]}}