{"id":1616,"date":"2020-11-04T18:22:09","date_gmt":"2020-11-04T15:22:09","guid":{"rendered":"http:\/\/mersinekonomipolitikagazetesi.com\/?p=1616"},"modified":"2020-11-04T18:22:09","modified_gmt":"2020-11-04T15:22:09","slug":"asut-kuresel-guc-olmak-istiyorsak-dijital-donusumu-gerceklestirmek-zorundayiz","status":"publish","type":"post","link":"https:\/\/akdenizolaygazetesi.com\/?p=1616","title":{"rendered":"A\u015fut: &#8220;K\u00fcresel g\u00fc\u00e7 olmak istiyorsak, dijital d\u00f6n\u00fc\u015f\u00fcm\u00fc ger\u00e7ekle\u015ftirmek zorunday\u0131z&#8221;"},"content":{"rendered":"<p>Mersin Ticaret ve Sanayi Odas\u0131 (MTSO) Ba\u015fkan\u0131 \u015eerafettin A\u015fut, teknolojide k\u00fcresel anlamda b\u00fcy\u00fck bir de\u011fi\u015fim ve d\u00f6n\u00fc\u015f\u00fcm ya\u015fand\u0131\u011f\u0131na dikkat \u00e7ekerek, &#8220;K\u00fcresel bir g\u00fc\u00e7 olmak istiyorsak, rekabet g\u00fcc\u00fcm\u00fcz\u00fc artt\u0131rmak ve kalk\u0131nmak istiyorsak, her sekt\u00f6r ve alanda dijital d\u00f6n\u00fc\u015f\u00fcm\u00fc ger\u00e7ekle\u015ftirmek zorunday\u0131z&#8221; dedi.<\/p>\n<p><span style=\"font-size:16px;\"><span style=\"font-family: sans-serif; line-height: 20px; text-align: justify; background-color: rgb(242, 244, 245);\">A\u015fut, yapt\u0131\u011f\u0131 yaz\u0131l\u0131 a\u00e7\u0131klamada, k\u00fcresel ekonominin yeni bir evreden ge\u00e7ti\u011fini, 2008 krizinden sonra k\u00fcresel anlamda ilk kez ekonomik bir iyile\u015fmenin g\u00f6zlemlendi\u011fini ve bu iyile\u015fmenin ilk kez s\u00fcreklilik kazand\u0131\u011f\u0131n\u0131 s\u00f6yledi.\u00a0<\/span><br style=\"box-sizing: border-box; font-family: sans-serif; font-size: 14px; line-height: 20px; text-align: justify; background-color: rgb(242, 244, 245);\" \/><br \/>\n<span style=\"font-family: sans-serif; line-height: 20px; text-align: justify; background-color: rgb(242, 244, 245);\">&#8220;Dijital d\u00f6n\u00fc\u015f\u00fcm bir moda de\u011fil, zorunluluk&#8221;\u00a0<\/span><br style=\"box-sizing: border-box; font-family: sans-serif; font-size: 14px; line-height: 20px; text-align: justify; background-color: rgb(242, 244, 245);\" \/><br \/>\n<span style=\"font-family: sans-serif; line-height: 20px; text-align: justify; background-color: rgb(242, 244, 245);\">D\u00fcnyadaki di\u011fer bir de\u011fi\u015fimin ise teknolojide ya\u015fand\u0131\u011f\u0131na dikkat \u00e7eken A\u015fut, teknolojideki bu de\u011fi\u015fim ve d\u00f6n\u00fc\u015f\u00fcme &#8216;End\u00fcstri 4.0&#8217; denildi\u011fini hat\u0131rlatarak, &#8220;K\u00fcresel bir g\u00fc\u00e7 olmak istiyorsak, rekabet g\u00fcc\u00fcm\u00fcz\u00fc artt\u0131rmak ve kalk\u0131nmak istiyorsak, her sekt\u00f6r ve alanda dijital d\u00f6n\u00fc\u015f\u00fcm\u00fc ger\u00e7ekle\u015ftirmek zorunday\u0131z. Bu bir moda de\u011fil, bir zorunluluk. \u00d6zellikle \u00fcretimde, var olan tesislerin dijital d\u00f6n\u00fc\u015f\u00fcm\u00fcn\u00fc, insan kayna\u011f\u0131 e\u011fitimi ile birlikte tamamlamak, yeni tesislerde ise daha kurulu\u015f a\u015famas\u0131nda bu vizyona g\u00f6re yat\u0131r\u0131m yapmak zorunday\u0131z. Bu noktada Sanayi Bakanl\u0131\u011f\u0131m\u0131z\u0131n &#8216;Model Fabrika Projesi&#8217; bir rol model ve e\u011fitim alan\u0131 olacakt\u0131r. Ancak sadece \u00fcretim a\u015famas\u0131nda dijitalle\u015fme yetmez, y\u00fcksek katma de\u011fer olu\u015fturmak i\u00e7in \u00fcretim \u00f6ncesi ve \u00fcretim sonras\u0131 dijitalle\u015fme b\u00fct\u00fcnc\u00fcl g\u00f6r\u00fclmelidir. Geleneksel \u00fcretim, geleneksel ihracat, geleneksel pazarlama de\u011fi\u015fiyor. \u00dcretimin yan\u0131nda, i\u015f yapma \u015fekli de\u011fi\u015fiyor. 2020\u2019den sonra k\u00fcresel ekonomide bir canlanma bekleniyor. Buna bug\u00fcnden haz\u0131r olmak zorunday\u0131z. Bu pastadan ne kadar pay alaca\u011f\u0131m\u0131z bu \u00e7abaya ba\u011fl\u0131d\u0131r&#8221; diye konu\u015ftu.\u00a0<\/span><br style=\"box-sizing: border-box; font-family: sans-serif; font-size: 14px; line-height: 20px; text-align: justify; background-color: rgb(242, 244, 245);\" \/><br \/>\n<span style=\"font-family: sans-serif; line-height: 20px; text-align: justify; background-color: rgb(242, 244, 245);\">&#8220;Ticaret sava\u015flar\u0131 ba\u015fl\u0131yor&#8221;\u00a0<\/span><br style=\"box-sizing: border-box; font-family: sans-serif; font-size: 14px; line-height: 20px; text-align: justify; background-color: rgb(242, 244, 245);\" \/><br \/>\n<span style=\"font-family: sans-serif; line-height: 20px; text-align: justify; background-color: rgb(242, 244, 245);\">2008\u2019den 2018\u2019e kadar k\u00fcresel anlamda bir b\u00fcy\u00fcmenin ger\u00e7ekle\u015fti\u011fini, ancak bu b\u00fcy\u00fcmenin ticaretsiz bir b\u00fcy\u00fcme oldu\u011funu s\u00f6yleyen A\u015fut, 2020\u2019den sonra ise ticaretle b\u00fcy\u00fcmenin olaca\u011f\u0131n\u0131 kaydetti. &#8220;Ticaret sava\u015flar\u0131 geliyor ve ekonomi cephemiz sa\u011flam olmak zorunda&#8221; diyen A\u015fut, bunun en b\u00fcy\u00fck habercisinin, ABD\u2019nin korumac\u0131 politikalar\u0131 oldu\u011funu ifade ederek, \u015f\u00f6yle devam etti; &#8220;Bu anlamda, Mersin \u00f6zelinde bakt\u0131\u011f\u0131m\u0131zda, bir bu\u00e7uk milyon dolar ihracat\u0131m\u0131z artmas\u0131na ra\u011fmen ger\u00e7ek potansiyelimizi yans\u0131tm\u0131yor. \u0130hracat\u0131 ithalat\u0131ndan fazla bir kent olarak, yani cari a\u00e7\u0131\u011f\u0131 olmayan, \u00fclkeye net katma de\u011fer sa\u011flayan bir kent olarak elbette olu\u015fturdu\u011fumuz de\u011ferden mutluyuz. Ancak, sanayide marka kentlerin \u00e7o\u011funun ithalat\u0131n\u0131n ihracat\u0131ndan fazla olmas\u0131 kabul edilemez ve acilen masaya yat\u0131r\u0131lmas\u0131 gereken bir konudur. Ama biz biliyoruz ki, k\u00fc\u00e7\u00fck dokunu\u015flarla Mersin bunu en az 4-5 milyar dolara \u00e7\u0131karabilecek bir kent. Peki, nedir bu dokunu\u015flar? Elbette birinci etken fiziki alt yap\u0131 eksikleri. Yeni OSB alanlar\u0131n\u0131n olu\u015fturulmas\u0131, havaliman\u0131n\u0131n bitmesi, planlanan konteyner liman\u0131 ve lojistik merkezi projesinin hayata ge\u00e7mesi, \u00fcretim ve ihracat art\u0131\u015f\u0131n\u0131 kolayca olu\u015fturabilecek etmenlerdir.&#8221;\u00a0<\/span><br style=\"box-sizing: border-box; font-family: sans-serif; font-size: 14px; line-height: 20px; text-align: justify; background-color: rgb(242, 244, 245);\" \/><br \/>\n<span style=\"font-family: sans-serif; line-height: 20px; text-align: justify; background-color: rgb(242, 244, 245);\">&#8220;Mersin hak etti\u011fi yat\u0131r\u0131mlar\u0131 alacak gibi&#8221;\u00a0<\/span><br style=\"box-sizing: border-box; font-family: sans-serif; font-size: 14px; line-height: 20px; text-align: justify; background-color: rgb(242, 244, 245);\" \/><br \/>\n<span style=\"font-family: sans-serif; line-height: 20px; text-align: justify; background-color: rgb(242, 244, 245);\">Bu anlamda gerek Kalk\u0131nma Bakanl\u0131\u011f\u0131, gerekse Bilim, Sanayi ve Teknoloji Bakanl\u0131\u011f\u0131&#8217;n\u0131n \u00f6nemli \u00e7al\u0131\u015fmalar\u0131 oldu\u011funu dile getiren A\u015fut, &#8220;Bu \u00e7al\u0131\u015fmalar\u0131n merkezinde i\u015f d\u00fcnyas\u0131n\u0131n deste\u011fi ve i\u015f birli\u011fi var. Bu anlamda t\u00fcm strateji, yat\u0131r\u0131m alan\u0131 \u00fcretmekle ba\u015fl\u0131yor ve \u00e7ok do\u011fru bir ad\u0131md\u0131r. Yeni OSB\u2019ler, yeni mega \u00fcretim b\u00f6lgeleri ve sanayide dijital d\u00f6n\u00fc\u015f\u00fcm. Bunlar\u0131n sonucu, rekabette g\u00fc\u00e7 kazanmak ve katma de\u011fer olu\u015fturmakt\u0131r. Mersin \u00f6zelinde bu stratejinin ne olaca\u011f\u0131na bakt\u0131\u011f\u0131m\u0131zda, bakanlar\u0131m\u0131zla yapt\u0131\u011f\u0131m\u0131z say\u0131s\u0131z toplant\u0131n\u0131n sonunda 6 yeni OSB Mersin ve il\u00e7elerine geliyor. Bir mega sanayi b\u00f6lgesi planlan\u0131yor ve dijitalle\u015fme anlam\u0131nda &#8216;model fabrikalar&#8217;dan biri Mersin\u2019de kuruluyor. Bir Tasar\u0131m ve Dijital D\u00f6n\u00fc\u015f\u00fcm Merkezi kuruluyor. T\u00fcm bunlar yeni yat\u0131r\u0131mlar\u0131n \u00f6n\u00fcn\u00fc a\u00e7acak eko-sistemin kurulmas\u0131 anlam\u0131na gelir. Asl\u0131nda t\u00fcm bunlar son 5 y\u0131ld\u0131r planlad\u0131\u011f\u0131m\u0131z ve g\u00fcndeme getirdi\u011fimiz y\u00fcksek teknolojili bir \u00fcretim merkezi olmam\u0131z\u0131, yani otonom bir ekonomiye do\u011fru gitti\u011fimizi g\u00f6steriyor&#8221; ifadelerini kulland\u0131.\u00a0<\/span><br style=\"box-sizing: border-box; font-family: sans-serif; font-size: 14px; line-height: 20px; text-align: justify; background-color: rgb(242, 244, 245);\" \/><br \/>\n<span style=\"font-family: sans-serif; line-height: 20px; text-align: justify; background-color: rgb(242, 244, 245);\">&#8220;M\u00fchendisler de\u011fil matematik\u00e7iler fabrikalarda olacak&#8221;\u00a0<\/span><br style=\"box-sizing: border-box; font-family: sans-serif; font-size: 14px; line-height: 20px; text-align: justify; background-color: rgb(242, 244, 245);\" \/><br \/>\n<span style=\"font-family: sans-serif; line-height: 20px; text-align: justify; background-color: rgb(242, 244, 245);\">G\u00fcn\u00fcm\u00fczde geli\u015fen teknolojinin i\u015f yapma \u015feklini de de\u011fi\u015ftirdi\u011fini belirten A\u015fut, &#8220;Bu anlamda MTSO olarak Mersin \u00f6zelinde dijitalle\u015fmenin yol haritas\u0131n\u0131 \u00e7\u0131karmaya ba\u015flad\u0131k. Bu konuda bir\u00e7ok sekt\u00f6r bulu\u015fmas\u0131 yapaca\u011f\u0131z. Amac\u0131m\u0131z, k\u0131sa s\u00fcrede Mersin Dijital D\u00f6n\u00fc\u015f\u00fcm Strateji Belgesini ortaya koymak ve bu i\u015fe planl\u0131 \u015fekilde ba\u015flamak olacakt\u0131r. Emek g\u00fcc\u00fc bitiyor, bilgi ve ileri teknoloji geliyor. \u0130nsan g\u00fcc\u00fc tamamen yok olmayacak, yeni i\u015f\u00e7i tan\u0131m\u0131 geliyor. 2020 y\u0131l\u0131nda 50 milyon nesnenin bir birine ba\u011flanaca\u011f\u0131 s\u00f6yleniyor. Ola\u011fan\u00fcst\u00fc bir data olu\u015facak. Nesnelerin interneti her sekt\u00f6re girecek ve b\u00fcy\u00fck bir pazar olacak. Almanya 2025 Dijital Stratejisi\u2019ni haz\u0131rlad\u0131. \u00d6nce alt yap\u0131y\u0131, yani fiber optik alt yap\u0131y\u0131 yenileyecekler. \u0130novasyon ve yeni i\u015f modellerine destek verecekler. &#8216;\u0130\u015f Yeri 2030&#8217; ad\u0131nda dijital e\u011fitim mod\u00fcl\u00fc kurarak, nas\u0131l bir i\u015f yeri olmal\u0131 sorusuna cevap bulacaklar. Ama\u00e7, \u00fcretimde izlenebilirlik ve s\u0131f\u0131r hata. \u0130\u015fte otonom \u00fcretim ve otonom ekonomi dedi\u011fimiz \u015fey budur. Elbette yapay zeka i\u015fin merkezi olacak. Art\u0131k fabrikalar\u0131n m\u00fchendisten \u00e7ok matematik\u00e7iye, fizik\u00e7iye ihtiyac\u0131 olacak&#8221; \u015feklinde konu\u015ftu.\u00a0<\/span><br style=\"box-sizing: border-box; font-family: sans-serif; font-size: 14px; line-height: 20px; text-align: justify; background-color: rgb(242, 244, 245);\" \/><br \/>\n<span style=\"font-family: sans-serif; line-height: 20px; text-align: justify; background-color: rgb(242, 244, 245);\">&#8220;\u00d6nce insan&#8221;\u00a0<\/span><br style=\"box-sizing: border-box; font-family: sans-serif; font-size: 14px; line-height: 20px; text-align: justify; background-color: rgb(242, 244, 245);\" \/><br \/>\n<span style=\"font-family: sans-serif; line-height: 20px; text-align: justify; background-color: rgb(242, 244, 245);\">Sat\u0131n almakla &#8216;End\u00fcstri 4.0&#8217;\u0131n gelmeyece\u011fini, dan\u0131\u015fmanl\u0131klarla bu d\u00f6n\u00fc\u015f\u00fcm\u00fc sa\u011flamak gerekti\u011fini vurgulayan A\u015fut, s\u00f6zlerini \u015f\u00f6yle tamamlad\u0131; &#8220;MTSO End\u00fcstri 4.0 E\u011fitim ve Uygulama Merkezi Projemizin amac\u0131 da budur. Hatta bunu bir ad\u0131m \u00f6teye ta\u015f\u0131d\u0131k ve bir &#8216;Teknoloji Kampusu&#8217; ile daha b\u00fct\u00fcnc\u00fcl bir hale getirmek istiyoruz. \u00d6nce de\u011fi\u015fim ve organizasyon, sonra insan e\u011fitimi ve sonra dijitalle\u015fme. Mavi yakal\u0131 yok olmayacak, kontrol panelinin arkas\u0131nda metal yakal\u0131ya d\u00f6n\u00fc\u015fecek. \u0130nsan\u0131n zekas\u0131na her zaman ihtiya\u00e7 olacak ama ucuz i\u015f g\u00fcc\u00fc, vas\u0131fs\u0131z insana ihtiya\u00e7 kalmayacak. E\u011fer e\u011fitim sistemimiz buna g\u00f6re revize olabilirse zaten insan\u0131m\u0131z\u0131n i\u015f sorunu kalmayacak. MTSO olarak bu vizyonla \u00e7al\u0131\u015f\u0131yoruz ve \u00fclkemizin bu alanda da \u00f6nc\u00fc kenti olaca\u011f\u0131m\u0131za inan\u0131yoruz.&#8221;\u00a0<\/span><\/span><\/p>\n","protected":false},"excerpt":{"rendered":"<p>Mersin Ticaret ve Sanayi Odas\u0131 (MTSO) Ba\u015fkan\u0131 \u015eerafettin A\u015fut, teknolojide k\u00fcresel anlamda b\u00fcy\u00fck bir de\u011fi\u015fim ve d\u00f6n\u00fc\u015f\u00fcm ya\u015fand\u0131\u011f\u0131na dikkat \u00e7ekerek, &#8220;K\u00fcresel bir g\u00fc\u00e7 olmak istiyorsak, rekabet g\u00fcc\u00fcm\u00fcz\u00fc artt\u0131rmak ve kalk\u0131nmak &hellip; <a href=\"https:\/\/akdenizolaygazetesi.com\/?p=1616\" class=\"more-link\">Devam\u0131n\u0131 Oku&#8230;<\/a><\/p>\n","protected":false},"author":1,"featured_media":0,"comment_status":"open","ping_status":"open","sticky":false,"template":"","format":"standard","meta":[],"categories":[],"tags":[],"_links":{"self":[{"href":"https:\/\/akdenizolaygazetesi.com\/index.php?rest_route=\/wp\/v2\/posts\/1616"}],"collection":[{"href":"https:\/\/akdenizolaygazetesi.com\/index.php?rest_route=\/wp\/v2\/posts"}],"about":[{"href":"https:\/\/akdenizolaygazetesi.com\/index.php?rest_route=\/wp\/v2\/types\/post"}],"author":[{"embeddable":true,"href":"https:\/\/akdenizolaygazetesi.com\/index.php?rest_route=\/wp\/v2\/users\/1"}],"replies":[{"embeddable":true,"href":"https:\/\/akdenizolaygazetesi.com\/index.php?rest_route=%2Fwp%2Fv2%2Fcomments&post=1616"}],"version-history":[{"count":0,"href":"https:\/\/akdenizolaygazetesi.com\/index.php?rest_route=\/wp\/v2\/posts\/1616\/revisions"}],"wp:attachment":[{"href":"https:\/\/akdenizolaygazetesi.com\/index.php?rest_route=%2Fwp%2Fv2%2Fmedia&parent=1616"}],"wp:term":[{"taxonomy":"category","embeddable":true,"href":"https:\/\/akdenizolaygazetesi.com\/index.php?rest_route=%2Fwp%2Fv2%2Fcategories&post=1616"},{"taxonomy":"post_tag","embeddable":true,"href":"https:\/\/akdenizolaygazetesi.com\/index.php?rest_route=%2Fwp%2Fv2%2Ftags&post=1616"}],"curies":[{"name":"wp","href":"https:\/\/api.w.org\/{rel}","templated":true}]}}