{"id":16161,"date":"2022-01-16T10:57:40","date_gmt":"2022-01-16T07:57:40","guid":{"rendered":"http:\/\/akdenizolaygazetesi.com\/?p=16161"},"modified":"2022-01-16T10:57:40","modified_gmt":"2022-01-16T07:57:40","slug":"uygun-olan-yerlerde-calismalarimiz-devam-edecek","status":"publish","type":"post","link":"https:\/\/akdenizolaygazetesi.com\/?p=16161","title":{"rendered":"&#8220;UYGUN OLAN YERLERDE \u00c7ALI\u015eMALARIMIZ DEVAM EDECEK&#8221;"},"content":{"rendered":"<p>Mersin B\u00fcy\u00fck\u015fehir Belediye Ba\u015fkan\u0131 Vahap Se\u00e7er, B\u00fcy\u00fck\u015fehir Belediyesi Sosyal Ya\u015fam Merkezi Halkkent Yerle\u015fkesi&#8217;nde incelemelerde bulundu. Yak\u0131n zamanda hizmete a\u00e7\u0131lacak olan Sosyal Ya\u015fam Merkezi&#8217;ni B\u00fcy\u00fck\u015fehir Belediyesi b\u00fcrokratlar\u0131, daire ba\u015fkanlar\u0131 ve teknik ekip ile gezen Ba\u015fkan Se\u00e7er, yetkililerden bilgi ald\u0131. Ba\u015fkan Se\u00e7er, bu t\u00fcr yap\u0131lar\u0131n say\u0131s\u0131n\u0131 art\u0131rmak istediklerini anlatarak, &#8220;Uygun olan yerlerde \u00e7al\u0131\u015fmalar\u0131m\u0131z devam edecek&#8221; dedi.<\/p>\n<p>Se\u00e7er, Sosyal Ya\u015fam Merkezi&#8217;ni anlatt\u0131: &#8220;Buras\u0131 7 ayr\u0131 fonksiyon i\u00e7erecek&#8221;<\/p>\n<p>B\u00fcy\u00fck\u015fehir Belediyesi Sosyal Ya\u015fam Merkezi&#8217;ni inceledikten sonra de\u011ferlendirmelerde bulunan Ba\u015fkan Se\u00e7er, &#8220;Mimarisi de farkl\u0131, bizim Osmanl\u0131 k\u00fclt\u00fcr\u00fcnde de olan avlu mimarinin i\u00e7erisinde yer alan bir \u00e7al\u0131\u015fma olmu\u015f. Buras\u0131 zemin art\u0131 3 kat. 7 ayr\u0131 fonksiyon i\u00e7erecek buras\u0131 hayata ge\u00e7ti\u011fi zaman. Bodrum kat\u0131nda kre\u015fimiz olacak, 45 \u00e7ocu\u011fumuz burada okul \u00f6ncesi e\u011fitimi alacaklar. Bunun yan\u0131nda zemin katta taziye evi var. Hem kad\u0131nlara hem erkeklere ayr\u0131 olmak \u00fczere 2 ayr\u0131 taziye evi salonumuz var. Yine emeklilerimiz i\u00e7in emekli evimiz var. 1. kat\u0131nda buran\u0131n meslek edindirme kurslar\u0131 verece\u011fimiz at\u00f6lyelerimiz var. \u00d6zellikle \u015fu anda toplumda ihtiya\u00e7 duyulan ama bulunamayan meslek dallar\u0131nda e\u011fitim vermek \u00fczere burada arkada\u015flar\u0131m\u0131z \u00e7al\u0131\u015fma yapacaklar. Yine bu b\u00f6lgede e\u011fitim a\u00e7\u0131s\u0131ndan \u00f6nemli olarak g\u00f6rd\u00fc\u011f\u00fcm\u00fcz e\u011fitim merkezi yani dershanelerimiz olacak. Farkl\u0131 zamanlarda, hem LGS hem \u00fcniversiteye haz\u0131rl\u0131k i\u00e7in toplamda 900 \u00f6\u011frencimiz buradan yararlanabilecek. Bu derece kompleks bir yer&#8221; dedi.<\/p>\n<p>&#8220;Uygun olan yerlerde \u00e7al\u0131\u015fmalar\u0131m\u0131z devam edecek&#8221;<\/p>\n<p>Bu t\u00fcr yap\u0131lar\u0131n say\u0131s\u0131n\u0131 art\u0131rmak istediklerini anlatan Se\u00e7er, ba\u015flad\u0131klar\u0131 projeleri k\u0131sa s\u00fcrede bitirdiklerini ifade etti. Ba\u015fkan Se\u00e7er, &#8220;Mersin B\u00fcy\u00fck\u015fehir Belediyesi Sosyal Ya\u015fam Merkezleri sadece Halkent Yerle\u015fkesi de\u011fil; merkez Sebze Meyve Hali civar\u0131nda bir yerle\u015fke yapma \u00e7al\u0131\u015fmalar\u0131 devam ediyor. Toroslar&#8217;da, Akdeniz il\u00e7emizde, Tarsus&#8217;ta muhtelif yerlerde, uygun olan yerlerde \u00e7al\u0131\u015fmalar\u0131m\u0131z devam edecek. Buray\u0131 \u00e7ok k\u0131sa s\u00fcrede yapt\u0131k. Mersin B\u00fcy\u00fck\u015fehir ba\u015flad\u0131\u011f\u0131 i\u015fleri \u00e7ok k\u0131sa s\u00fcrede yap\u0131yor. Buray\u0131 biz ge\u00e7en y\u0131l \u015eubat ay\u0131nda ba\u015flam\u0131\u015ft\u0131k. Daha y\u0131l\u0131n\u0131 doldurmad\u0131. 10 ayda bu duruma geldi. Son derece de g\u00fczel, mimarisiyle, yap\u0131s\u0131yla, geni\u015fli\u011fiyle, kapsam\u0131yla \u00e7ok detayl\u0131, g\u00fczel bir \u00e7al\u0131\u015fma olmu\u015f. T\u00fcm arkada\u015flar\u0131m\u0131n eline sa\u011fl\u0131k. \u00c7ok daha g\u00fczel \u015feyler yapaca\u011f\u0131z. \u00c7al\u0131\u015f\u0131yoruz \u00e7\u00fcnk\u00fc&#8221; diye konu\u015ftu.<\/p>\n<p>B\u00fcy\u00fck\u015fehir&#8217;den 2 bin 400 metrekare parsel \u00fczerine kurulu &#8216;Sosyal Ya\u015fam Merkezi&#8217;<\/p>\n<p>Toroslar il\u00e7esi Halkkent Mahallesi&#8217;nde yer alan Sosyal Ya\u015fam Merkezi, 2 bin 400 metrekare parsel \u00fczerinde bodrum, zemin ve 3 kattan olu\u015fuyor.  Bodrum katta 45 \u00e7ocuk kapasiteli bir kre\u015f bulunuyor. Zemin katta erkek ve kad\u0131n i\u00e7in ayr\u0131 olmak \u00fczere toplam 400 metrekare taziye evi, 150 metrekare emekli evi bulunuyor. 1. katta 6 adet at\u00f6lyesi ve 1 adet \u00e7ok ama\u00e7l\u0131 salonu olan mesleki e\u011fitim merkezi yer al\u0131yor. Bu at\u00f6lyelerde Do\u011falgaz \u0130\u00e7 Tesisat, A\u015f\u00e7\u0131l\u0131k, Sanayi Tipi Diki\u015f ve Klima Kurulum Onar\u0131m gibi konularda mesleki e\u011fitim verilmesi planlan\u0131yor.  2. ve 3.  katlar liselere ve \u00fcniversitelere giri\u015f s\u0131navlar\u0131na y\u00f6nelik haz\u0131rl\u0131k kurs merkezi olarak d\u00fczenlenmi\u015f durumda. Merkezin toplam 18 derslik ve kafeteryas\u0131 bulunuyor.<\/p>\n<p>Ba\u015fkan Se\u00e7er, G\u00fcneykent Pazar Yeri&#8217;nde esnafla ve vatanda\u015flarla sohbet etti<\/p>\n<p>Daha sonra G\u00fcneykent Pazar Yeri&#8217;ni gezen, pazarc\u0131 esnaf\u0131 ve vatanda\u015flarla bir araya gelen Ba\u015fkan Se\u00e7er, yo\u011fun ilgiyle kar\u015f\u0131land\u0131. Ba\u015fkan Se\u00e7er, pazarc\u0131 esnaf\u0131na &#8216;Hay\u0131rl\u0131 \u0130\u015fler&#8217; dilerken, vatanda\u015flarla da hat\u0131ra foto\u011fraf\u0131 \u00e7ektirdi. Ailesinin sat\u0131\u015f yapmak i\u00e7in geldi\u011fi pazar yerinde minik Keremcan ile Ba\u015fkan Se\u00e7er aras\u0131nda ho\u015f bir diyalog ger\u00e7ekle\u015fti. Se\u00e7er, Keremcan ile sohbetinin ard\u0131ndan ondan portakal sat\u0131n ald\u0131.<\/p>\n<p>&#8220;Ortak \u015fikayet hayat pahal\u0131l\u0131\u011f\u0131&#8221;<\/p>\n<p>Toroslar \u0130l\u00e7esi&#8217;ndeki G\u00fcneykent Pazar Yeri gezisinin ard\u0131ndan g\u00f6zlemlerini payla\u015fan Ba\u015fkan Se\u00e7er, \u015funlar\u0131 s\u00f6yledi:<\/p>\n<p>&#8220;Vatanda\u015flar\u0131m\u0131zla sohbet ettim. Tabi ortak \u015fikayet hayat pahal\u0131l\u0131\u011f\u0131. Hakikaten hem sebze meyve fiyatlar\u0131nda hem di\u011fer ev e\u015fyalar\u0131nda, insanlar\u0131n ihtiya\u00e7 duydu\u011fu her alanda ciddi bir fiyat pahal\u0131l\u0131\u011f\u0131 var. Hayat pahal\u0131l\u0131\u011f\u0131 hat safhada. Tabi bunun d\u00fczeltilmesi gereken, \u015fu anda T\u00fcrkiye&#8217;nin en ba\u015fat sorunlar\u0131n\u0131n ba\u015f\u0131nda geldi\u011fini s\u00f6yleyebilirim. Tabi dilek, niyet, istek, bunlar\u0131 yapaca\u011f\u0131z ama as\u0131l sorunlara e\u011filmek, \u00e7\u00f6z\u00fcm olu\u015fturabilmek, ekonomik politikalar\u0131 tekrar g\u00f6zden ge\u00e7irmek gerekiyor. Bu s\u00fcre\u00e7 i\u00e7erisinde izledi\u011fim, \u00f6zellikle sabit gelirli yurtta\u015flar\u0131n \u00f6nemli s\u0131k\u0131nt\u0131lar ya\u015fad\u0131\u011f\u0131. \u00c7ok k\u0131sa s\u00fcre i\u00e7erisinde TL \u00f6nemli de\u011fer kayb\u0131na neden oldu ama bu insanlar\u0131n da ald\u0131klar\u0131 \u00fccretlerin oranlar\u0131 ayn\u0131 kald\u0131. O a\u00e7\u0131dan da \u00e7ok yo\u011fun sorun ya\u015fad\u0131klar\u0131n\u0131 d\u00fc\u015f\u00fcn\u00fcyorum.&#8221;<\/p>\n","protected":false},"excerpt":{"rendered":"<p>Mersin B\u00fcy\u00fck\u015fehir Belediye Ba\u015fkan\u0131 Vahap Se\u00e7er, B\u00fcy\u00fck\u015fehir Belediyesi Sosyal Ya\u015fam Merkezi Halkkent Yerle\u015fkesi&#8217;nde incelemelerde bulundu. Yak\u0131n zamanda hizmete a\u00e7\u0131lacak olan Sosyal Ya\u015fam Merkezi&#8217;ni B\u00fcy\u00fck\u015fehir Belediyesi b\u00fcrokratlar\u0131, daire ba\u015fkanlar\u0131 ve teknik &hellip; <a href=\"https:\/\/akdenizolaygazetesi.com\/?p=16161\" class=\"more-link\">Devam\u0131n\u0131 Oku&#8230;<\/a><\/p>\n","protected":false},"author":2,"featured_media":16162,"comment_status":"open","ping_status":"open","sticky":false,"template":"","format":"standard","meta":[],"categories":[2,3,5],"tags":[],"_links":{"self":[{"href":"https:\/\/akdenizolaygazetesi.com\/index.php?rest_route=\/wp\/v2\/posts\/16161"}],"collection":[{"href":"https:\/\/akdenizolaygazetesi.com\/index.php?rest_route=\/wp\/v2\/posts"}],"about":[{"href":"https:\/\/akdenizolaygazetesi.com\/index.php?rest_route=\/wp\/v2\/types\/post"}],"author":[{"embeddable":true,"href":"https:\/\/akdenizolaygazetesi.com\/index.php?rest_route=\/wp\/v2\/users\/2"}],"replies":[{"embeddable":true,"href":"https:\/\/akdenizolaygazetesi.com\/index.php?rest_route=%2Fwp%2Fv2%2Fcomments&post=16161"}],"version-history":[{"count":1,"href":"https:\/\/akdenizolaygazetesi.com\/index.php?rest_route=\/wp\/v2\/posts\/16161\/revisions"}],"predecessor-version":[{"id":16163,"href":"https:\/\/akdenizolaygazetesi.com\/index.php?rest_route=\/wp\/v2\/posts\/16161\/revisions\/16163"}],"wp:featuredmedia":[{"embeddable":true,"href":"https:\/\/akdenizolaygazetesi.com\/index.php?rest_route=\/wp\/v2\/media\/16162"}],"wp:attachment":[{"href":"https:\/\/akdenizolaygazetesi.com\/index.php?rest_route=%2Fwp%2Fv2%2Fmedia&parent=16161"}],"wp:term":[{"taxonomy":"category","embeddable":true,"href":"https:\/\/akdenizolaygazetesi.com\/index.php?rest_route=%2Fwp%2Fv2%2Fcategories&post=16161"},{"taxonomy":"post_tag","embeddable":true,"href":"https:\/\/akdenizolaygazetesi.com\/index.php?rest_route=%2Fwp%2Fv2%2Ftags&post=16161"}],"curies":[{"name":"wp","href":"https:\/\/api.w.org\/{rel}","templated":true}]}}