{"id":16164,"date":"2022-01-17T13:38:10","date_gmt":"2022-01-17T10:38:10","guid":{"rendered":"http:\/\/akdenizolaygazetesi.com\/?p=16164"},"modified":"2022-01-17T13:38:10","modified_gmt":"2022-01-17T10:38:10","slug":"kalbi-ulke-millet-ve-ataturk-sevgisi-ile-atanlarin-ilcesi-erdemli","status":"publish","type":"post","link":"https:\/\/akdenizolaygazetesi.com\/?p=16164","title":{"rendered":"&#8220;KALB\u0130 \u00dcLKE, M\u0130LLET VE ATAT\u00dcRK SEVG\u0130S\u0130 \u0130LE ATANLARIN \u0130L\u00c7ES\u0130 ERDEML\u0130&#8221;"},"content":{"rendered":"<p>Mersin B\u00fcy\u00fck\u015fehir Belediye Ba\u015fkan\u0131 Vahap Se\u00e7er, Cumhuriyet Halk Partisi (CHP) Erdemli Ola\u011fan\u00fcst\u00fc \u0130l\u00e7e Kongresi&#8217;ne kat\u0131ld\u0131. B\u00fcy\u00fck\u015fehir Belediyesi&#8217;nin gider b\u00fct\u00e7esinin ger\u00e7ekle\u015fme oran\u0131n\u0131n % 99.7 oldu\u011funu ifade eden Se\u00e7er, &#8220;\u0130\u015fte mali disiplin bu. \u00c7almadan, \u00e7ald\u0131rmadan, israf etmeden hizmet etmek bu&#8221; diye konu\u015ftu. Se\u00e7er, Erdemli&#8217;de vatanda\u015flar\u0131n %73.6&#8217;s\u0131n\u0131n B\u00fcy\u00fck\u015fehir Belediyesi taraf\u0131ndan yap\u0131lan hizmetlerden memnun oldu\u011funu ifade etti.<br \/>\nErdemli Belediyesi K\u00fclt\u00fcr Merkezi&#8217;nde ger\u00e7ekle\u015ftirilen kongreye Ba\u015fkan Se\u00e7er&#8217;in yan\u0131 s\u0131ra CHP Mersin Milletvekilleri Cengiz G\u00f6k\u00e7el ve Alpay Antmen, CHP Mersin \u0130l Ba\u015fkan\u0131 Adil Aktay, siyasi parti temsilcileri, il\u00e7e ba\u015fkanlar\u0131 ve y\u00f6netim kurulu \u00fcyeleri, Meclis \u00fcyeleri, oda ba\u015fkanlar\u0131, muhtarlar, bas\u0131n emek\u00e7ileri ve \u00e7ok say\u0131da partili kat\u0131ld\u0131.<br \/>\n&#8220;Kalbi \u00fclke, millet ve Atat\u00fcrk sevgisi ile atanlar\u0131n il\u00e7esi Erdemli&#8221;<br \/>\nBa\u015fkan Se\u00e7er, Erdemli&#8217;yi ve Erdemli insan\u0131n\u0131 \u00e7ok sevdi\u011finden s\u00f6z ederek, &#8220;Erdemli \u00e7al\u0131\u015fan bir il\u00e7emiz, \u00fcreten bir il\u00e7emiz. Her \u015feyden \u00f6nemlisi, kalbi \u00fclke sevgisi ile millet sevgisi ile Atat\u00fcrk sevgisi ile atanlar\u0131n il\u00e7esi Erdemli. Onun i\u00e7in \u00e7ok seviyorum. Onun i\u00e7in kendimi Erdemli&#8217;de do\u011fmu\u015f bir Mersinli gibi hissediyorum. Ge\u00e7ti\u011fimiz g\u00fcnlerde Meclis&#8217;te Erdemli&#8217;yi konu\u015ftuk. \u0130zleyenleriniz oldu. Say\u0131n Tollu&#8230; Allah selamet versin, mesai arkada\u015f\u0131m\u0131z; Belediye Ba\u015fkan\u0131m\u0131z. Dedi ki; &#8216;bug\u00fcn Erdemli&#8217;de ya\u015fanan sorunlar\u0131n %99&#8217;u B\u00fcy\u00fck\u015fehir&#8217;in sorunlar\u0131&#8217;. F\u0131kra gibi. Ben de \u015funu s\u00f6yledim; Cumhuriyet tarihinde B\u00fcy\u00fck\u015fehir&#8217;in hizmetlerinin en yo\u011fun yap\u0131ld\u0131\u011f\u0131, tarihin en g\u00fczel hizmetlerinin yap\u0131ld\u0131\u011f\u0131 d\u00f6nem bu d\u00f6nemdir&#8221; diye konu\u015ftu.<br \/>\nErdemli&#8217;yi \u00e7ok iyi tan\u0131d\u0131klar\u0131n\u0131 ve ihtiya\u00e7lar\u0131na g\u00f6re hizmetler yapt\u0131klar\u0131n\u0131 ifade eden Se\u00e7er, &#8220;2021 y\u0131l\u0131nda 42 bin ton asfalt kullan\u0131p, Erdemli&#8217;nin yollar\u0131m\u0131z\u0131 yapm\u0131\u015f\u0131z. \u00dc\u00e7tepe yolundan G\u00fczeloluk Caddesi&#8217;ne kadar, Karg\u0131cak&#8217;ta H\u00fcrriyet Caddesi&#8217;ne kadar. Lamos K\u00f6pr\u00fcs\u00fc&#8217;n\u00fc yapt\u0131k. Yapt\u0131\u011f\u0131m\u0131z imalatlar birinci s\u0131n\u0131f. Kimse bir kusur bulam\u0131yor. G\u00fcn\u00fc kurtarmak i\u00e7in, se\u00e7menin, vatanda\u015f\u0131n g\u00f6z\u00fcn\u00fc boyamak i\u00e7in yapt\u0131\u011f\u0131m\u0131z hizmetler de\u011fil. Mergin K\u00f6pr\u00fcs\u00fc&#8217;n\u00fc yapt\u0131k. H\u00fcsametli, Yeniyurt, Alibeyli, Veyselli, Tapureli, hem birbirine ba\u011fl\u0131yor hem il\u00e7eye ba\u011fl\u0131yor. \u00dcretimin merkezi, domatesin, salatal\u0131\u011f\u0131n, \u00fcz\u00fcm\u00fcn hale sa\u011flam gelmesi i\u00e7in Erdemli&#8217;nin her metrekare yolunu yap\u0131yoruz. Yapmaya devam edece\u011fiz. 2021 y\u0131l\u0131 i\u00e7erisinde 65 kilometre sathi kaplama yapt\u0131k. \u0130\u00e7inde bulundu\u011fumuz y\u0131l 100 kilometre hedefledik, program\u0131m\u0131za da ald\u0131k. 22 bin ton asfalt kullanmay\u0131 program\u0131m\u0131za ald\u0131k. Bizim \u015fu \u00f6zelli\u011fimiz de var; Asla vatanda\u015fa yalan s\u00f6ylemiyoruz. Bu memleket ne \u00e7ektiyse, yalandan, dolandan, h\u0131rs\u0131zdan, ars\u0131zdan \u00e7ekti. Bunu biliyoruz. Onun i\u00e7in kendimize z\u00fcl addederiz. Vatanda\u015f\u0131m\u0131za do\u011frular\u0131 s\u00f6yleyece\u011fiz ve yerine getirece\u011fiz&#8221; ifadelerini kulland\u0131.<br \/>\n&#8220;Yolsa yol, suysa su, kanalizasyonsa kanalizasyon, yard\u0131msa yard\u0131m&#8221;<br \/>\nSe\u00e7er, B\u00fcy\u00fck\u015fehir Belediyesi&#8217;nin gider b\u00fct\u00e7esinin ger\u00e7ekle\u015fme oran\u0131n\u0131n % 99.7 oldu\u011funu ifade ederek, &#8220;Yani % 100&#8217;e 0.3 kalm\u0131\u015f. Yani 100 lira harcayaca\u011f\u0131z demi\u015fiz, 99.7 lira harcam\u0131\u015f\u0131z, Bor\u00e7, har\u00e7 yok. Alm\u0131yoruz. Zaten vermiyorlar. Demi\u015fiz ki; bizim \u015furadan param\u0131z gelecek. Maliye&#8217;den gelecek, \u0130ller Bankas\u0131&#8217;ndan gelecek, \u00f6z gelirlerimiz var. Onlardan gelecek. Ne kadar, 100 lira. 104 lira 3 kuru\u015f. 4 lira 3 kuru\u015f da a\u015fm\u0131\u015f\u0131z. \u0130\u015fte mali disiplin bu. \u00c7almadan, \u00e7ald\u0131rmadan, israf etmeden hizmet etmek bu. Biz de bunu yap\u0131yoruz. Bunlar \u00f6rnek, bunlar referans&#8221; diye konu\u015ftu.<br \/>\nCHP ile ilgili olumsuz alg\u0131lar\u0131n y\u0131k\u0131ld\u0131\u011f\u0131n\u0131 s\u00f6zlerine ekleyen Ba\u015fkan Se\u00e7er, &#8220;Hep halk\u0131n i\u00e7indeyiz. Hep halk\u0131n i\u00e7inde de olaca\u011f\u0131z. Biz iktidar istiyoruz&#8221; dedi. CHP&#8217;li belediyelerin n\u00fcfusun % 45&#8217;ini y\u00f6netti\u011fini belirten Se\u00e7er, &#8220;T\u00fcrkiye&#8217;nin ekonomik hacminin % 72&#8217;sini y\u00f6netiyor. Her \u00e7e\u015fidi, her rengi y\u00f6netiyor&#8221; diye konu\u015ftu.<br \/>\n&#8220;Herkes bizden raz\u0131. Biz de Mersin halk\u0131ndan raz\u0131y\u0131z&#8221;<br \/>\nBelediyecili\u011fe farkl\u0131 bir bak\u0131\u015f a\u00e7\u0131s\u0131 getirdiklerini ifade eden Ba\u015fkan Se\u00e7er, &#8221; &#8216;Biz belediyecili\u011fi yoldan, binadan, in\u015faattan, ranttan, imardan ibaret g\u00f6rm\u00fcyoruz. Halk\u0131n g\u00f6nl\u00fcne girmek olarak g\u00f6r\u00fcyoruz&#8217; diyen belediye ba\u015fkanlar\u0131 var. Onun i\u00e7in bizi \u00f6rnek g\u00f6sterebilirsiniz diyoruz. Gidin Cumhuriyet Halk Partililer olarak. &#8216;Selam\u00fcnaleyk\u00fcm, biz Cumhuriyet Halk Partisi&#8217;nden geldik, sizlerin oyuna talibiz. G\u00f6r\u00fcyorsunuz belediye ba\u015fkan\u0131m\u0131z\u0131. Var m\u0131 bir \u015fikayetiniz?&#8217; &#8216;Yok, biz ondan raz\u0131y\u0131z&#8217;. Allah da onlardan raz\u0131 olsun. Herkes bizden raz\u0131. Biz de Mersin halk\u0131ndan raz\u0131y\u0131z. \u00c7\u00fcnk\u00fc bizi ba\u011f\u0131rlar\u0131na bas\u0131yorlar&#8221; dedi.<br \/>\n&#8220;Erdemli&#8217;de vatanda\u015flar\u0131m\u0131z\u0131n % 73.6&#8217;s\u0131 bizim yapt\u0131\u011f\u0131m\u0131z hizmetlerden memnun&#8221;<br \/>\nErdemli&#8217;yi \u00e7ok \u00f6nemli bir il\u00e7e olarak g\u00f6rd\u00fcklerini yineleyen Ba\u015fkan Se\u00e7er, ger\u00e7ekle\u015ftirdikleri hizmetleri s\u0131ralayarak, &#8220;Son g\u00fcnlerde de g\u00fcndeme getirdi\u011fim, FRIT II kapsam\u0131nda yapaca\u011f\u0131m\u0131z, T\u00f6m\u00fck B\u00f6lgesi&#8217;ndeki kanalizasyon \u00e7al\u0131\u015fmalar\u0131 i\u00e7in harcayaca\u011f\u0131m\u0131z para bug\u00fcnk\u00fc d\u00f6viz kuruyla maalesef, 230-240 milyon lira. MESK\u0130&#8217;de \u015fu ana kadar buraya harcad\u0131\u011f\u0131m\u0131z para; tamamlad\u0131\u011f\u0131m\u0131z i\u00e7me suyu hatlar\u0131n\u0131n toplam\u0131 4,5 milyon lira, Tamamlad\u0131\u011f\u0131m\u0131z kanalizasyon \u00e7al\u0131\u015fmalar\u0131n\u0131n toplam\u0131 6 milyon lira. Tamamlad\u0131\u011f\u0131m\u0131z ya\u011fmur suyu sistemlerinin yer alt\u0131 d\u00f6\u015fedi\u011fimiz sistemlerin tutar\u0131 16 milyon 300 bin lira. At\u0131k su ar\u0131tma tesisine \u015fu ana kadar harcad\u0131\u011f\u0131m\u0131z para 10 milyon lira. Toplam 38 milyon lira. \u015eu anda devam eden yat\u0131r\u0131mlar 55 milyon lira. \u015eu anda imalat\u0131 yap\u0131l\u0131yor, Arpa\u00e7bah\u015fi\u015f-T\u00f6m\u00fck \u0130\u00e7me Suyu 15 milyon liraya mal oluyor. % 97, 98 tamamlanma oran\u0131 var. Yapt\u0131\u011f\u0131m\u0131z kanalizasyon sistemleri ve s\u00f6yledi\u011fim gibi \u00e7ok devasa bir proje. T\u00f6m\u00fck ve Arpa\u00e7bah\u015fi\u015f Kanalizasyon ve At\u0131k Su Ar\u0131tma Tesisleri toplamda bunlar\u0131n tamamlanmas\u0131 neticesinde 375 milyon lira sadece yeralt\u0131na para g\u00f6m\u00fcyoruz&#8221; ifadelerini kulland\u0131. Se\u00e7er, Erdemli&#8217;ye yap\u0131lacak otogar konusunda Erdemli Belediyesi ile isti\u015farelerini s\u00fcrd\u00fcrd\u00fcklerini belirterek, 40 milyon lira tutar\u0131ndaki Erdemli Hali&#8217;nde \u00e7al\u0131\u015fmalar\u0131n s\u00fcrd\u00fc\u011f\u00fcn\u00fc s\u00f6zlerine ekledi.<br \/>\nErdemli&#8217;de vatanda\u015flar\u0131n b\u00fcy\u00fck b\u00f6l\u00fcm\u00fcn\u00fcn B\u00fcy\u00fck\u015fehir Belediyesi taraf\u0131ndan yap\u0131lan hizmetlerden memnun oldu\u011funu ifade eden Ba\u015fkan Se\u00e7er, &#8220;Erdemli&#8217;de vatanda\u015flar\u0131m\u0131z\u0131n %73.6&#8217;s\u0131 bizim yapt\u0131\u011f\u0131m\u0131z hizmetlerden memnun. &#8216;B\u00fcy\u00fck\u015fehir&#8217;in yapt\u0131\u011f\u0131 hizmetlerden memnunuz&#8217; diyorlar. Bunu inand\u0131r\u0131c\u0131 bulmayan biri varsa, en g\u00fcvendi\u011fi anket \u015firketine yapt\u0131rs\u0131n. Bu dedi\u011fimden 1 puan a\u015fa\u011f\u0131 \u00e7\u0131karsa faturas\u0131n\u0131 Vahap Se\u00e7er&#8217;e kestirsin. Buyurun hodri meydan, onlar yapt\u0131rs\u0131n. \u00c7ok yol ald\u0131k. S\u0131k\u0131nt\u0131lar yok muydu, vard\u0131, hala yok mu var. Ama eski ile mukayese etmeyecek kadar \u00e7ok a\u015fa\u011f\u0131 seviyelerde geldi. Daha g\u00fczel i\u015fler yapaca\u011f\u0131z. Hi\u00e7 merak etmeyin&#8221; diye konu\u015ftu.<br \/>\n&#8220;2024 yerel se\u00e7imlerinde Erdemli Belediye Ba\u015fkanl\u0131\u011f\u0131&#8217;n\u0131 kazanaca\u011f\u0131z&#8221;<br \/>\n\u00d6ncelikli hedefin 2023 se\u00e7imleri ve genel iktidar oldu\u011funu vurgulayan Ba\u015fkan Se\u00e7er, \u015funlar\u0131 s\u00f6yledi:<br \/>\n&#8220;Bizim temel ilkelerimiz var. Ne diyoruz? T\u00fcrkiye bir hukuk devleti olmal\u0131. Demokrasi kurum ve kurallar\u0131yla i\u015flemeli. Mahkemeler ba\u011f\u0131ms\u0131z olmal\u0131. Adaletsizlik ortadan kalkmal\u0131. En temel birlikteli\u011fimiz, hepimizin \u00f6nderi, Ulu \u00d6nder Mustafa Kemal Atat\u00fcrk&#8217;\u00fcn yolunda giden herkesle y\u00fcr\u00fcmeye haz\u0131r\u0131z. Bu bir. \u0130ki; Misak-\u0131 Milli s\u0131n\u0131rlar\u0131m\u0131z belli. Sava\u015f meydanlar\u0131nda \u00e7izilmi\u015f. Kanla \u00e7izilmi\u015f. Al bayra\u011f\u0131m\u0131z belli. Biz biriz, beraberiz, \u00fclkemiz, vatan\u0131m\u0131z bir par\u00e7ad\u0131r. Biz bir tek milletiz. T\u00fcrk milletiyiz. Bu ilkeler \u00e7er\u00e7evesinde y\u00fcr\u00fcyen herkesle bu m\u00fccadele i\u00e7erisinde olaca\u011f\u0131z. Ben umuttan \u00f6te inan\u0131yorum. 2023&#8217;te, Cumhuriyet&#8217;in 100&#8217;\u00fcnc\u00fc kurulu\u015f y\u0131l\u0131nda iktidara bizim gibi d\u00fc\u015f\u00fcnen insanlar gelecek. Kara bulutlar da\u011f\u0131lacak. Bir ikinci inanc\u0131m; hi\u00e7 merak etmeyin, 2024 yerel se\u00e7imlerinde Erdemli Belediye Ba\u015fkanl\u0131\u011f\u0131&#8217;n\u0131 kazanaca\u011f\u0131z&#8221; diye konu\u015ftu.<br \/>\nG\u00f6k\u00e7el: &#8220;CHP kadrolar\u0131 liyakat sahibi, kadrolarla dolu&#8221;<br \/>\nCHP Mersin Milletvekili Cengiz G\u00f6k\u00e7el, partisinin toplam 11 b\u00fcy\u00fck\u015fehir belediye ba\u015fkan\u0131 bulundu\u011funu dile getirerek, &#8220;\u00d6zellikle burada Mersin B\u00fcy\u00fck\u015fehir Belediye Ba\u015fkan\u0131m\u0131z Say\u0131n Vahap Se\u00e7er&#8217;e \u00e7ok te\u015fekk\u00fcr ediyorum. \u00d6zellikle geldi\u011fi g\u00fcnden bu tarafa yapt\u0131\u011f\u0131 sosyal projelerle; ge\u00e7im s\u0131k\u0131nt\u0131s\u0131 \u00e7eken, al\u0131m imkan\u0131 olmayan vatanda\u015flar\u0131m\u0131za belediyemizin b\u00fct\u00fcn kaynaklar\u0131n\u0131 seferber etti&#8221; diye konu\u015ftu. G\u00f6k\u00e7el, ayr\u0131ca B\u00fcy\u00fck\u015fehir Belediyesi&#8217;nde b\u00fct\u00e7enin ger\u00e7ekle\u015fme oran\u0131 ile ilgili de, &#8220;T\u00fcrkiye&#8217;de i\u015fte b\u00f6yle tablo olacak&#8221; dedi. Metro projesinden de s\u00f6z eden G\u00f6k\u00e7el, &#8220;\u00c7a\u011f\u0131m\u0131z\u0131n en geli\u015fmi\u015f arac\u0131, toplu ta\u015f\u0131malar\u0131n en \u00f6nemlisi Metro. Asr\u0131n projesinin temeli at\u0131ld\u0131. \u0130\u015fte proje bu. CHP kadrolar\u0131 liyakat sahibi, bilin\u00e7li, kendince \u00fcretken olan, fikirleri ger\u00e7ekten \u00e7a\u011fda\u015f bir toplumda ya\u015famay\u0131 i\u00e7selle\u015ftirmi\u015f kadrolarla dolu&#8221; dedi.<br \/>\nAntmen: &#8220;\u0130ktidara y\u00fcr\u00fcyoruz&#8221;<br \/>\nCHP Mersin Milletvekili Alpay Antmen ise &#8220;Heyecanl\u0131y\u0131z, \u00e7\u00fcnk\u00fc iktidara y\u00fcr\u00fcyoruz. Bug\u00fcn itibariyle CHP T\u00fcrkiye&#8217;de birinci partidir. Erken se\u00e7im de\u011fil, hemen se\u00e7im istiyoruz&#8221; dedi. Antmen, T\u00fcrkiye&#8217;nin ekonomik olarak i\u00e7inde bulundu\u011fu durumu g\u00f6zler \u00f6n\u00fcne sererek, &#8220;T\u00fcrkiye yang\u0131n yeri ama 11 b\u00fcy\u00fck\u015fehir belediyemizde, ba\u015fta Mersin olmak \u00fczere Mart&#8217;\u0131n sonu bahar demi\u015ftik, geldi&#8221; diye konu\u015ftu.<br \/>\nGenel kurulda konu\u015fmalar\u0131n ard\u0131ndan se\u00e7ime ge\u00e7ildi. \u0130l\u00e7e Ba\u015fkanl\u0131\u011f\u0131&#8217;n\u0131 Ahmet Dursen \u015eahin kazand\u0131.<\/p>\n","protected":false},"excerpt":{"rendered":"<p>Mersin B\u00fcy\u00fck\u015fehir Belediye Ba\u015fkan\u0131 Vahap Se\u00e7er, Cumhuriyet Halk Partisi (CHP) Erdemli Ola\u011fan\u00fcst\u00fc \u0130l\u00e7e Kongresi&#8217;ne kat\u0131ld\u0131. B\u00fcy\u00fck\u015fehir Belediyesi&#8217;nin gider b\u00fct\u00e7esinin ger\u00e7ekle\u015fme oran\u0131n\u0131n % 99.7 oldu\u011funu ifade eden Se\u00e7er, &#8220;\u0130\u015fte mali disiplin &hellip; <a href=\"https:\/\/akdenizolaygazetesi.com\/?p=16164\" class=\"more-link\">Devam\u0131n\u0131 Oku&#8230;<\/a><\/p>\n","protected":false},"author":2,"featured_media":16165,"comment_status":"open","ping_status":"open","sticky":false,"template":"","format":"standard","meta":[],"categories":[2,3],"tags":[],"_links":{"self":[{"href":"https:\/\/akdenizolaygazetesi.com\/index.php?rest_route=\/wp\/v2\/posts\/16164"}],"collection":[{"href":"https:\/\/akdenizolaygazetesi.com\/index.php?rest_route=\/wp\/v2\/posts"}],"about":[{"href":"https:\/\/akdenizolaygazetesi.com\/index.php?rest_route=\/wp\/v2\/types\/post"}],"author":[{"embeddable":true,"href":"https:\/\/akdenizolaygazetesi.com\/index.php?rest_route=\/wp\/v2\/users\/2"}],"replies":[{"embeddable":true,"href":"https:\/\/akdenizolaygazetesi.com\/index.php?rest_route=%2Fwp%2Fv2%2Fcomments&post=16164"}],"version-history":[{"count":1,"href":"https:\/\/akdenizolaygazetesi.com\/index.php?rest_route=\/wp\/v2\/posts\/16164\/revisions"}],"predecessor-version":[{"id":16166,"href":"https:\/\/akdenizolaygazetesi.com\/index.php?rest_route=\/wp\/v2\/posts\/16164\/revisions\/16166"}],"wp:featuredmedia":[{"embeddable":true,"href":"https:\/\/akdenizolaygazetesi.com\/index.php?rest_route=\/wp\/v2\/media\/16165"}],"wp:attachment":[{"href":"https:\/\/akdenizolaygazetesi.com\/index.php?rest_route=%2Fwp%2Fv2%2Fmedia&parent=16164"}],"wp:term":[{"taxonomy":"category","embeddable":true,"href":"https:\/\/akdenizolaygazetesi.com\/index.php?rest_route=%2Fwp%2Fv2%2Fcategories&post=16164"},{"taxonomy":"post_tag","embeddable":true,"href":"https:\/\/akdenizolaygazetesi.com\/index.php?rest_route=%2Fwp%2Fv2%2Ftags&post=16164"}],"curies":[{"name":"wp","href":"https:\/\/api.w.org\/{rel}","templated":true}]}}