{"id":16176,"date":"2022-01-17T13:46:06","date_gmt":"2022-01-17T10:46:06","guid":{"rendered":"http:\/\/akdenizolaygazetesi.com\/?p=16176"},"modified":"2022-01-17T13:46:06","modified_gmt":"2022-01-17T10:46:06","slug":"ligi-sevincle-ve-coskuyla-tamamlayacagiz","status":"publish","type":"post","link":"https:\/\/akdenizolaygazetesi.com\/?p=16176","title":{"rendered":"\u201cL\u0130G\u0130 SEV\u0130N\u00c7LE VE CO\u015eKUYLA TAMAMLAYACA\u011eIZ\u201d"},"content":{"rendered":"<p>TFF 3. Lig 3. Grup\u2019ta m\u00fccadele eden ve \u00f6nceki g\u00fcn A\u011fr\u0131 1970 Spor deplasman\u0131nda galibiyetle d\u00f6nen \u0130\u00e7el \u0130dman Yurdu\u2019nda Kul\u00fcp S\u00f6zc\u00fcs\u00fc A. Halim Yi\u011fit, a\u00e7\u0131klamalarda bulundu.<br \/>\nMersin\u2019de yapt\u0131klar\u0131 kamp s\u00fcrecinin verimli ge\u00e7ti\u011fini s\u00f6yleyen Yi\u011fit, \u201cDevre aras\u0131 kamp \u00e7al\u0131\u015fmalar\u0131m\u0131z gayet verimli ve amaca uygun ge\u00e7ti. Ara transfer d\u00f6neminde aram\u0131za kat\u0131lan futbolcular\u0131m\u0131z\u0131n adaptasyon s\u00fcrecini k\u0131sa s\u00fcrede atlatmalar\u0131 bizim a\u00e7\u0131m\u0131zdan sevindiriciydi. Morallerimiz y\u00fcksek ve tak\u0131mda peki\u015fen birlik, beraberlik ve dayan\u0131\u015fma havas\u0131n\u0131n ligin ikinci yar\u0131s\u0131nda sahaya pozitif yans\u0131malar\u0131n\u0131 g\u00f6rd\u00fck, g\u00f6rece\u011fimize de inan\u0131yoruz\u201d dedi.<br \/>\nDevre aras\u0131nda tak\u0131ma yap\u0131lan transferlerde izledikleri yolu da a\u00e7\u0131klayan Yi\u011fit, \u201cLigin ilk yar\u0131s\u0131nda; 55 tak\u0131ml\u0131 3. Ligde en az gol yiyen 4. tak\u0131m, en az ma\u011flubiyeti olan 4. tak\u0131m ve en \u00e7ok beraberli\u011fi olan 3 tak\u0131mdan birisi olarak gol yollar\u0131nda yarat\u0131c\u0131 olamad\u0131\u011f\u0131m\u0131z ger\u00e7e\u011fi ile devre aras\u0131nda transfer politikam\u0131z\u0131 bu istatistikler \u00e7er\u00e7evesinde, orta saha, kanat forvet ve santrafor transferleri ger\u00e7ekle\u015ftirerek gol sorunumuzu giderme anlam\u0131nda do\u011fru bir \u00e7al\u0131\u015fma yapt\u0131\u011f\u0131m\u0131za inan\u0131yorum. \u0130htiya\u00e7 duyulan mevkilere transfer \u00e7al\u0131\u015fmalar\u0131m\u0131z devam etmektedir\u201d diye konu\u015ftu.<\/p>\n<p>\u201cAVRUPA\u2019DA KALMAK \u0130STED\u0130\u201d<br \/>\nYi\u011fit, ara transfer d\u00f6neminde \u0130\u00e7el \u0130dman Yurdu ile ad\u0131 an\u0131lan Chris David ile ilgili olarak da, \u201cChris David \u00f6zel yetenekleri olan bir futbolcu. Transfer teklifinde bulunduk ama kendisi te\u015fekk\u00fcr ederek Avrupa\u2019da kalmak istedi\u011fini beyan etti\u201d dedi.<br \/>\nLigde hedeflerinin minimum play-off potas\u0131nda tamamlamak oldu\u011funu s\u00f6yleyen Halim Yi\u011fit s\u00f6zlerini \u015f\u00f6yle s\u00fcrd\u00fcrd\u00fc:<br \/>\n\u201c\u0130lk hedefimiz Play-off potas\u0131nda ligi tamamlay\u0131p eleme m\u00fcsabakalar\u0131na haz\u0131r bir \u015fekilde ba\u015flamak ve Play-off grubundan \u015fampiyonlukla 2. Lige y\u00fckselmek. Kald\u0131 ki bu \u015fehrin tak\u0131m\u0131n\u0131n yeri 3. Lig de\u011fil. \u00dcst lige \u00e7\u0131kmak i\u00e7in bir y\u0131l kaybetme l\u00fcks\u00fcm\u00fcz yok. Dolay\u0131s\u0131yla t\u00fcm transfer, \u00e7al\u0131\u015fma ve politikalar\u0131m\u0131z\u0131 bu do\u011frultuda yap\u0131yoruz. Ba\u015fkan\u0131m\u0131z Say\u0131n Metin Salt\u0131k liderli\u011findeki Y\u00f6netim Kurulumuz; \u015eehrin, tak\u0131m\u0131 etraf\u0131nda yava\u015f yava\u015f kenetlenmeye ba\u015flad\u0131\u011f\u0131 bu s\u00fcre\u00e7te, sorumlulu\u011fumuzun bilinciyle, hi\u00e7bir fedakarl\u0131ktan ka\u00e7\u0131nmayarak 2. Lige \u00e7\u0131kma m\u00fccadelesini yap\u0131yoruz. Onurlu ve cefakar K\u0131rm\u0131z\u0131 \u015eeytanlar Taraftar Grubumuzla ve \u015fehir dinamikleriyle birlikte amac\u0131m\u0131za ula\u015faca\u011f\u0131m\u0131z\u0131 d\u00fc\u015f\u00fcn\u00fcyorum. Ligin ikinci yar\u0131s\u0131ndaki i\u00e7 saha ma\u00e7lar\u0131m\u0131zda stad\u0131m\u0131z\u0131 doldurup, Mersin\u2019e yak\u0131\u015f\u0131r bir \u015fekilde,  ligi mutlulukla, sevin\u00e7le ve co\u015fkuyla tamamlayaca\u011f\u0131z. K\u00fcllerinden do\u011fan, \u00dclkemizin en k\u00f6kl\u00fc ve as\u0131rl\u0131k \u00e7\u0131nar\u0131 Mersin \u0130dman Yurdu\u2019muzu eski g\u00f6rkemli g\u00fcnlerine kavu\u015fturmak i\u00e7in her Mersinlinin \u00fczerine d\u00fc\u015feni yapmas\u0131n\u0131n zaman\u0131 gelmi\u015ftir. Yakalad\u0131\u011f\u0131m\u0131z bu dayan\u0131\u015fmay\u0131 g\u00fc\u00e7lendirmek bizim elimizde. Son olarak bundan sonraki s\u00fcre\u00e7te \u201c Sahipsiz de\u011filsin Mersin\u201d demenin tam zaman\u0131. Bizler inand\u0131k, g\u00fczel g\u00fcnler yak\u0131nd\u0131r.\u201d<\/p>\n","protected":false},"excerpt":{"rendered":"<p>TFF 3. Lig 3. Grup\u2019ta m\u00fccadele eden ve \u00f6nceki g\u00fcn A\u011fr\u0131 1970 Spor deplasman\u0131nda galibiyetle d\u00f6nen \u0130\u00e7el \u0130dman Yurdu\u2019nda Kul\u00fcp S\u00f6zc\u00fcs\u00fc A. Halim Yi\u011fit, a\u00e7\u0131klamalarda bulundu. Mersin\u2019de yapt\u0131klar\u0131 kamp s\u00fcrecinin &hellip; <a href=\"https:\/\/akdenizolaygazetesi.com\/?p=16176\" class=\"more-link\">Devam\u0131n\u0131 Oku&#8230;<\/a><\/p>\n","protected":false},"author":2,"featured_media":16177,"comment_status":"open","ping_status":"open","sticky":false,"template":"","format":"standard","meta":[],"categories":[3,10],"tags":[],"_links":{"self":[{"href":"https:\/\/akdenizolaygazetesi.com\/index.php?rest_route=\/wp\/v2\/posts\/16176"}],"collection":[{"href":"https:\/\/akdenizolaygazetesi.com\/index.php?rest_route=\/wp\/v2\/posts"}],"about":[{"href":"https:\/\/akdenizolaygazetesi.com\/index.php?rest_route=\/wp\/v2\/types\/post"}],"author":[{"embeddable":true,"href":"https:\/\/akdenizolaygazetesi.com\/index.php?rest_route=\/wp\/v2\/users\/2"}],"replies":[{"embeddable":true,"href":"https:\/\/akdenizolaygazetesi.com\/index.php?rest_route=%2Fwp%2Fv2%2Fcomments&post=16176"}],"version-history":[{"count":1,"href":"https:\/\/akdenizolaygazetesi.com\/index.php?rest_route=\/wp\/v2\/posts\/16176\/revisions"}],"predecessor-version":[{"id":16178,"href":"https:\/\/akdenizolaygazetesi.com\/index.php?rest_route=\/wp\/v2\/posts\/16176\/revisions\/16178"}],"wp:featuredmedia":[{"embeddable":true,"href":"https:\/\/akdenizolaygazetesi.com\/index.php?rest_route=\/wp\/v2\/media\/16177"}],"wp:attachment":[{"href":"https:\/\/akdenizolaygazetesi.com\/index.php?rest_route=%2Fwp%2Fv2%2Fmedia&parent=16176"}],"wp:term":[{"taxonomy":"category","embeddable":true,"href":"https:\/\/akdenizolaygazetesi.com\/index.php?rest_route=%2Fwp%2Fv2%2Fcategories&post=16176"},{"taxonomy":"post_tag","embeddable":true,"href":"https:\/\/akdenizolaygazetesi.com\/index.php?rest_route=%2Fwp%2Fv2%2Ftags&post=16176"}],"curies":[{"name":"wp","href":"https:\/\/api.w.org\/{rel}","templated":true}]}}