{"id":1618,"date":"2020-11-04T18:22:09","date_gmt":"2020-11-04T15:22:09","guid":{"rendered":"http:\/\/mersinekonomipolitikagazetesi.com\/?p=1618"},"modified":"2020-11-04T18:22:09","modified_gmt":"2020-11-04T15:22:09","slug":"gonul-elcileri-mersinde-1-milyon-fidan-dikti","status":"publish","type":"post","link":"https:\/\/akdenizolaygazetesi.com\/?p=1618","title":{"rendered":"G\u00f6n\u00fcl El\u00e7ileri Mersin\u2019de 1 milyon fidan dikti"},"content":{"rendered":"<p>Cumhurba\u015fkan\u0131 Recep Tayyip Erdo\u011fan\u2019\u0131n e\u015fi Emmine Erdo\u011fan himayesinde y\u00fcr\u00fct\u00fclen \u2018G\u00f6n\u00fcl El\u00e7ileri Projesi&#8217; kapsam\u0131nda, Mersin il ve il\u00e7elerinde e\u015f zamanl\u0131 ger\u00e7ekle\u015ftirilen \u2018fidan dikme etkinli\u011finde\u2019 1 milyon fidan toprakla bulu\u015fturuldu.<\/p>\n<p><span style=\"font-size:16px;\"><span style=\"font-family: sans-serif; line-height: 20px; text-align: justify; background-color: rgb(242, 244, 245);\">T\u00fcrkiye\u2019deki orman alanlar\u0131n\u0131n korunmas\u0131 ve a\u011fa\u00e7land\u0131rman\u0131n te\u015fviki amac\u0131yla Cumhurba\u015fkan\u0131 Recep Tayyip Erdo\u011fan\u2019\u0131n e\u015fi Emine Erdo\u011fan \u00f6nc\u00fcl\u00fc\u011f\u00fcnde ba\u015flat\u0131lan \u2018G\u00f6n\u00fcl El\u00e7ileri Projesi kapsam\u0131nda, Mersin Valili\u011fi, Aile ve Sosyal Politikalar \u0130l M\u00fcd\u00fcrl\u00fc\u011f\u00fc ve Orman \u0130\u015fletme M\u00fcd\u00fcrl\u00fc\u011f\u00fc taraf\u0131ndan Mersin \u015eehir Hastanesi civar\u0131nda bulunan \u2018hat\u0131ra orman\u0131na\u2019 \u00e7am fidan\u0131 dikildi. Etkinlikte bir milyonuncu fidan\u0131 diken Vali Ali \u0130hsan Su\u2019nun e\u015fi Zeliha Su, Mersin merkez ve il\u00e7elerde e\u015f zamanl\u0131 olarak fidan dikildi\u011fini belirterek, proje kapsam\u0131nda \u2018Bereket Ormanlar\u0131\u2019 ad\u0131 alt\u0131nda ormanlar\u0131n kuruldu\u011funu ve Mart ay\u0131nda ba\u015flayan fidan dikimlerinde say\u0131n\u0131n bir milyona ula\u015ft\u0131\u011f\u0131n\u0131 kaydetti. Bu t\u00fcr projelere destek vermeye devam edeceklerini aktaran Su, 2014 y\u0131l\u0131nda ba\u015flayan G\u00f6n\u00fcl El\u00e7ili\u011fi Projesiyle \u00f6nemli hizmetler yap\u0131ld\u0131\u011f\u0131n\u0131 vurgulayarak, \u201cMersin\u2019de 158 \u00e7ocu\u011fumuz 118 koruyucu aileyle bulu\u015ftu. Kad\u0131nlar\u0131m\u0131z\u0131n e\u011fitim ve istihdam olmalar\u0131 sa\u011fland\u0131. \u00c7ocuklar\u0131m\u0131z\u0131 ye\u015filsiz ve ormans\u0131z b\u0131rakmayal\u0131m ifadesiyle kurulan bereket ormanlar\u0131yla, \u00fclkemiz ormans\u0131z b\u0131rak\u0131lmad\u0131\u201d dedi.\u00a0<\/span><br style=\"box-sizing: border-box; font-family: sans-serif; font-size: 14px; line-height: 20px; text-align: justify; background-color: rgb(242, 244, 245);\" \/><br \/>\n<span style=\"font-family: sans-serif; line-height: 20px; text-align: justify; background-color: rgb(242, 244, 245);\">Etkinli\u011fe, Zeliha Su\u2019nun yan\u0131 s\u0131ra Mersin Orman B\u00f6lge M\u00fcd\u00fcr\u00fc Mahmut Y\u0131lmaz ve e\u015fi Pervin Y\u0131lmaz, Aile Sosyal Politikalar \u0130l M\u00fcd\u00fcr\u00fc Veysel Topkaya, kurum ve sivil toplum kurulu\u015flar\u0131 temsilcileri, \u00f6\u011frenciler ile vatanda\u015flar kat\u0131ld\u0131.\u00a0<\/span><br style=\"box-sizing: border-box; font-family: sans-serif; font-size: 14px; line-height: 20px; text-align: justify; background-color: rgb(242, 244, 245);\" \/><br \/>\n<br style=\"box-sizing: border-box; font-family: sans-serif; font-size: 14px; line-height: 20px; text-align: justify; background-color: rgb(242, 244, 245);\" \/><br \/>\n<span style=\"font-family: sans-serif; line-height: 20px; text-align: justify; background-color: rgb(242, 244, 245);\">Bozyaz\u0131&#8217;da da fidanlar toprakla bulu\u015ftu\u00a0<\/span><br style=\"box-sizing: border-box; font-family: sans-serif; font-size: 14px; line-height: 20px; text-align: justify; background-color: rgb(242, 244, 245);\" \/><br \/>\n<span style=\"font-family: sans-serif; line-height: 20px; text-align: justify; background-color: rgb(242, 244, 245);\">Proje kapsam\u0131nda Mersin\u2019in Bozyaz\u0131 il\u00e7esinde de fidan dikimi etkinli\u011fi ger\u00e7ekle\u015ftirildi. Bozyaz\u0131 Orman \u0130\u015fletme M\u00fcd\u00fcrl\u00fc\u011f\u00fc sahas\u0131 i\u00e7indeki Beyreli Mahallesinde ger\u00e7ekle\u015ftirilen fidan dikimi etkinli\u011fine Kaymakam Hayat\u0131 Ta\u015fdan ile e\u015fi Demet Ta\u015fdan, Orman \u0130\u015fletme M\u00fcd\u00fcr\u00fc Mehmet Esen, \u0130l\u00e7e Milli E\u011fitim M\u00fcd\u00fcr\u00fc Mustafa Sezgin, orman \u00e7al\u0131\u015fanlar\u0131 ve g\u00f6n\u00fcll\u00fc \u00f6\u011frenciler kat\u0131ld\u0131. Etkinlikte fidan dikmenin \u00f6nemine vurgu yapan Ta\u015fdan, &#8220;Cumhurba\u015fkan\u0131m\u0131z\u0131n e\u015fi Emine Erdo\u011fan Han\u0131mefendi, taraf\u0131ndan ba\u015flat\u0131lan proje kapsam\u0131nda fidan dikimini ger\u00e7ekle\u015ftirdik. A\u011fa\u00e7lar bir memleketin g\u00fczelle\u015fmesinin yan\u0131nda can damar\u0131d\u0131rlar. \u0130l\u00e7emiz ye\u015fil, \u015firin bir yap\u0131ya sahip. Biz de bu g\u00fczelliklere bir katk\u0131 sa\u011flamak ve gelece\u011fimizin teminat\u0131 olan yavrular\u0131m\u0131za a\u011fa\u00e7 dikmenin \u00f6nemini kavratmak i\u00e7in \u00f6\u011frencilerimizle a\u011fa\u00e7 diktik. Hay\u0131rl\u0131 olsun&#8221; diye konu\u015ftu.\u00a0<\/span><br style=\"box-sizing: border-box; font-family: sans-serif; font-size: 14px; line-height: 20px; text-align: justify; background-color: rgb(242, 244, 245);\" \/><br \/>\n<span style=\"font-family: sans-serif; line-height: 20px; text-align: justify; background-color: rgb(242, 244, 245);\">Konu\u015fmalar\u0131n ard\u0131ndan fidanlar toprakla bulu\u015fturuldu.\u00a0<\/span><\/span><\/p>\n","protected":false},"excerpt":{"rendered":"<p>Cumhurba\u015fkan\u0131 Recep Tayyip Erdo\u011fan\u2019\u0131n e\u015fi Emmine Erdo\u011fan himayesinde y\u00fcr\u00fct\u00fclen \u2018G\u00f6n\u00fcl El\u00e7ileri Projesi&#8217; kapsam\u0131nda, Mersin il ve il\u00e7elerinde e\u015f zamanl\u0131 ger\u00e7ekle\u015ftirilen \u2018fidan dikme etkinli\u011finde\u2019 1 milyon fidan toprakla bulu\u015fturuldu. T\u00fcrkiye\u2019deki orman &hellip; <a href=\"https:\/\/akdenizolaygazetesi.com\/?p=1618\" class=\"more-link\">Devam\u0131n\u0131 Oku&#8230;<\/a><\/p>\n","protected":false},"author":1,"featured_media":0,"comment_status":"open","ping_status":"open","sticky":false,"template":"","format":"standard","meta":[],"categories":[],"tags":[],"_links":{"self":[{"href":"https:\/\/akdenizolaygazetesi.com\/index.php?rest_route=\/wp\/v2\/posts\/1618"}],"collection":[{"href":"https:\/\/akdenizolaygazetesi.com\/index.php?rest_route=\/wp\/v2\/posts"}],"about":[{"href":"https:\/\/akdenizolaygazetesi.com\/index.php?rest_route=\/wp\/v2\/types\/post"}],"author":[{"embeddable":true,"href":"https:\/\/akdenizolaygazetesi.com\/index.php?rest_route=\/wp\/v2\/users\/1"}],"replies":[{"embeddable":true,"href":"https:\/\/akdenizolaygazetesi.com\/index.php?rest_route=%2Fwp%2Fv2%2Fcomments&post=1618"}],"version-history":[{"count":0,"href":"https:\/\/akdenizolaygazetesi.com\/index.php?rest_route=\/wp\/v2\/posts\/1618\/revisions"}],"wp:attachment":[{"href":"https:\/\/akdenizolaygazetesi.com\/index.php?rest_route=%2Fwp%2Fv2%2Fmedia&parent=1618"}],"wp:term":[{"taxonomy":"category","embeddable":true,"href":"https:\/\/akdenizolaygazetesi.com\/index.php?rest_route=%2Fwp%2Fv2%2Fcategories&post=1618"},{"taxonomy":"post_tag","embeddable":true,"href":"https:\/\/akdenizolaygazetesi.com\/index.php?rest_route=%2Fwp%2Fv2%2Ftags&post=1618"}],"curies":[{"name":"wp","href":"https:\/\/api.w.org\/{rel}","templated":true}]}}