{"id":16195,"date":"2022-01-18T17:02:21","date_gmt":"2022-01-18T14:02:21","guid":{"rendered":"http:\/\/akdenizolaygazetesi.com\/?p=16195"},"modified":"2022-01-18T17:02:21","modified_gmt":"2022-01-18T14:02:21","slug":"down-sendromlu-sedat-kizmaz-dunya-futsal-sampiyonasinda-ulkemizi-temsil-edecek","status":"publish","type":"post","link":"https:\/\/akdenizolaygazetesi.com\/?p=16195","title":{"rendered":"&#8220;DOWN SENDROMLU SEDAT KIZMAZ, D\u00dcNYA FUTSAL \u015eAMP\u0130YONASI&#8217;NDA \u00dcLKEM\u0130Z\u0130 TEMS\u0130L EDECEK&#8221;"},"content":{"rendered":"<p>Toroslar Belediyesi&#8217;nin a\u00e7t\u0131\u011f\u0131 \u00d6zel Sporcular Kursu&#8217;nda yeti\u015fen Down Sendromlu sporcu Sedat K\u0131zmaz (26), Down Sendromlular Futsal Milli Tak\u0131m\u0131na se\u00e7ilerek, Mersin&#8217;in gururu oldu.<\/p>\n<p>\u00d6zel sporcu K\u0131zmaz, bu gururunu ve ba\u015far\u0131s\u0131n\u0131 Toroslar Belediye Ba\u015fkan\u0131 Ats\u0131z Af\u015f\u0131n Y\u0131lmaz ile payla\u015farak, kendilerine sundu\u011fu desteklerinden dolay\u0131 te\u015fekk\u00fcr etti.<\/p>\n<p>Ba\u015fkan Y\u0131lmaz; &#8220;Sporun, kazanman\u0131n \u00f6tesinde hayata dokunan \u00f6nemli bir misyonu da var. Biz de \u00f6zel bireylerimizin sporla g\u00f6n\u00fcllerine dokunuyor, her zaman yanlar\u0131nda oluyoruz&#8221; dedi.<\/p>\n<p>\u0130l\u00e7ede ya\u015fayan otizmli, down sendromlu ve mental \u00f6zel bireylerin sosyal hayata daha kolay adapte olmalar\u0131n\u0131n ama\u00e7land\u0131\u011f\u0131 \u00d6zel Sporcular Kursu, Toroslar Belediyesi&#8217;nin Gen\u00e7lik ve Spor Hizmetleri M\u00fcd\u00fcrl\u00fc\u011f\u00fc&#8217;n\u00fcn e\u011fitmenleri e\u015fli\u011finde ger\u00e7ekle\u015ftiriliyor.<\/p>\n<p>E\u011fitimde, \u00f6zel bireylerin ilgi ve yeteneklerine g\u00f6re koordinasyon, atletizm, e\u011fitsel \u00e7al\u0131\u015fmalar ve futbol ma\u00e7lar\u0131 yap\u0131l\u0131yor. Bu kursa kat\u0131lan sporculardan 26 ya\u015f\u0131ndaki Sedat K\u0131zmaz da azmi ve yetene\u011fiyle herkese \u00f6rnek oldu.<\/p>\n<p>Down Sendromlular Futsal Milli Tak\u0131m\u0131na se\u00e7ilerek Kayseri&#8217;deki kampa kat\u0131lan \u00f6zel sporcu K\u0131zmaz, 1-10 Nisan 2022 tarihlerinde Peru&#8217;da yap\u0131lacak D\u00fcnya Down Sendromlular Futsal \u015eampiyonas\u0131&#8217;nda \u00fclkemizi temsil edecek.<\/p>\n<p>G\u00f6sterdi\u011fi performansla mili tak\u0131m kamp\u0131ndan tam not alan \u00f6zel sporcu K\u0131zmaz, antren\u00f6rleri Ali Ad\u0131g\u00fczel ve Bet\u00fcl Ekinci ile birlikte Toroslar Belediye Ba\u015fkan\u0131 Ats\u0131z Af\u015f\u0131n Y\u0131lmaz&#8217;\u0131 ziyaret ederek, sevincini Ba\u015fkan Y\u0131lmaz ile payla\u015ft\u0131.<\/p>\n<p>Antren\u00f6r Ad\u0131g\u00fczel; &#8220;Ba\u015fkan\u0131m\u0131z\u0131n Deste\u011fiyle Ba\u015far\u0131lar\u0131m\u0131z\u0131n Meyvesini Al\u0131yoruz&#8221;<br \/>\nToroslar Belediyesi&#8217;nin \u00d6zel Sporcular Kursu Antren\u00f6r\u00fc Ali Ad\u0131g\u00fczel ise sporla \u00f6zel bireylere dokunman\u0131n mutlulu\u011funu ya\u015fad\u0131klar\u0131n\u0131 belirterek, desteklerinden dolay\u0131 Ba\u015fkan Y\u0131lmaz&#8217;a te\u015fekk\u00fcr etti.<\/p>\n<p>Antren\u00f6r Ad\u0131g\u00fczel; &#8220;\u00c7ok g\u00fczel \u00e7al\u0131\u015fmalar yap\u0131yoruz. \u00d6zel Sporcular Kursu&#8217;nda, \u00f6zel bireylerin fiziksel becerilerinin geli\u015fiminin yan\u0131 s\u0131ra ya\u015f\u0131tlar\u0131yla birlikte g\u00fczel vakit ge\u00e7irmelerini de sa\u011fl\u0131yoruz. Bu kursa kat\u0131lan \u00f6zel sporcumuz Sedat K\u0131zmaz, Down Sendromlular Futsal Milli Tak\u0131m\u0131na se\u00e7ildi. Peru&#8217;da yap\u0131lacak D\u00fcnya \u015eampiyonas\u0131&#8217;nda \u00fclkemizi ve ilimizi temsil edecek. Ba\u015fkan\u0131m\u0131za \u00f6zel bireylere sundu\u011fu desteklerden dolay\u0131 te\u015fekk\u00fcr ediyoruz&#8221; \u015feklinde konu\u015ftu.<\/p>\n<p>Ba\u015fkan Y\u0131lmaz; &#8220;\u00d6zel Sporcular\u0131m\u0131zdan D\u00fcnya \u015eampiyonlu\u011fu Bekliyoruz&#8221;<\/p>\n<p>Toroslar Belediye Ba\u015fkan\u0131 Ats\u0131z Af\u015f\u0131n Y\u0131lmaz ise Toroslar Belediyesi&#8217;nin kadrosunda yeti\u015ferek milli tak\u0131ma se\u00e7ilen \u00f6zel sporcu Sedat K\u0131zmaz ile gurur duyduklar\u0131n\u0131 s\u00f6yledi.<\/p>\n<p>\u00d6zel bireylerin g\u00fcnl\u00fck ya\u015famda kar\u015f\u0131la\u015ft\u0131klar\u0131 engelleri ortadan kald\u0131rmak i\u00e7in \u00e7al\u0131\u015ft\u0131klar\u0131n\u0131 kaydeden Ba\u015fkan Y\u0131lmaz, K\u0131zmaz&#8217;a ba\u015far\u0131lar dileyerek, hediyelerini takdim etti.<\/p>\n<p>Ba\u015fkan Y\u0131lmaz; &#8220;Milli forman\u0131n \u00f6nemi \u00e7ok b\u00fcy\u00fck. \u00d6zel Sporcumuz Sedat K\u0131zmaz, milli tak\u0131ma se\u00e7ilerek bu forman\u0131n hakk\u0131n\u0131 veriyor. Azmiyle gurur duyuyoruz. \u0130n\u015fallah Peru&#8217;da yap\u0131lacak D\u00fcnya \u015eampiyonas\u0131&#8217;nda da milli tak\u0131m\u0131m\u0131z finale \u00e7\u0131karak T\u00fcrkiye&#8217;ye b\u00fcy\u00fck bir gurur ya\u015fatacak. T\u00fcm ekibe ba\u015far\u0131lar diliyorum&#8221; ifadelerini kulland\u0131.<\/p>\n","protected":false},"excerpt":{"rendered":"<p>Toroslar Belediyesi&#8217;nin a\u00e7t\u0131\u011f\u0131 \u00d6zel Sporcular Kursu&#8217;nda yeti\u015fen Down Sendromlu sporcu Sedat K\u0131zmaz (26), Down Sendromlular Futsal Milli Tak\u0131m\u0131na se\u00e7ilerek, Mersin&#8217;in gururu oldu. \u00d6zel sporcu K\u0131zmaz, bu gururunu ve ba\u015far\u0131s\u0131n\u0131 Toroslar &hellip; <a href=\"https:\/\/akdenizolaygazetesi.com\/?p=16195\" class=\"more-link\">Devam\u0131n\u0131 Oku&#8230;<\/a><\/p>\n","protected":false},"author":2,"featured_media":16196,"comment_status":"open","ping_status":"open","sticky":false,"template":"","format":"standard","meta":[],"categories":[3,5,10],"tags":[],"_links":{"self":[{"href":"https:\/\/akdenizolaygazetesi.com\/index.php?rest_route=\/wp\/v2\/posts\/16195"}],"collection":[{"href":"https:\/\/akdenizolaygazetesi.com\/index.php?rest_route=\/wp\/v2\/posts"}],"about":[{"href":"https:\/\/akdenizolaygazetesi.com\/index.php?rest_route=\/wp\/v2\/types\/post"}],"author":[{"embeddable":true,"href":"https:\/\/akdenizolaygazetesi.com\/index.php?rest_route=\/wp\/v2\/users\/2"}],"replies":[{"embeddable":true,"href":"https:\/\/akdenizolaygazetesi.com\/index.php?rest_route=%2Fwp%2Fv2%2Fcomments&post=16195"}],"version-history":[{"count":1,"href":"https:\/\/akdenizolaygazetesi.com\/index.php?rest_route=\/wp\/v2\/posts\/16195\/revisions"}],"predecessor-version":[{"id":16197,"href":"https:\/\/akdenizolaygazetesi.com\/index.php?rest_route=\/wp\/v2\/posts\/16195\/revisions\/16197"}],"wp:featuredmedia":[{"embeddable":true,"href":"https:\/\/akdenizolaygazetesi.com\/index.php?rest_route=\/wp\/v2\/media\/16196"}],"wp:attachment":[{"href":"https:\/\/akdenizolaygazetesi.com\/index.php?rest_route=%2Fwp%2Fv2%2Fmedia&parent=16195"}],"wp:term":[{"taxonomy":"category","embeddable":true,"href":"https:\/\/akdenizolaygazetesi.com\/index.php?rest_route=%2Fwp%2Fv2%2Fcategories&post=16195"},{"taxonomy":"post_tag","embeddable":true,"href":"https:\/\/akdenizolaygazetesi.com\/index.php?rest_route=%2Fwp%2Fv2%2Ftags&post=16195"}],"curies":[{"name":"wp","href":"https:\/\/api.w.org\/{rel}","templated":true}]}}