{"id":1620,"date":"2020-11-04T18:22:09","date_gmt":"2020-11-04T15:22:09","guid":{"rendered":"http:\/\/mersinekonomipolitikagazetesi.com\/?p=1620"},"modified":"2020-11-04T18:22:09","modified_gmt":"2020-11-04T15:22:09","slug":"baskan-tuna-toroslar-kultur-ve-sanatin-merkezi-oldu","status":"publish","type":"post","link":"https:\/\/akdenizolaygazetesi.com\/?p=1620","title":{"rendered":"Ba\u015fkan Tuna: &#8220;Toroslar, k\u00fclt\u00fcr ve sanat\u0131n merkezi oldu&#8221;"},"content":{"rendered":"<p>Mersin&#8217;in merkez il\u00e7e Toroslar Belediye Ba\u015fkan\u0131 Hamit Tuna, g\u00f6reve geldikleri 14 y\u0131lda hayata ge\u00e7irdikleri yat\u0131r\u0131mlarla Toroslar\u2019\u0131 k\u00fclt\u00fcr ve sanat\u0131n merkezi yapt\u0131klar\u0131n\u0131 s\u00f6yledi.<\/p>\n<p><span style=\"font-size:16px;\"><span style=\"font-family: sans-serif; line-height: 20px; text-align: justify; background-color: rgb(242, 244, 245);\">Mersin\u2019e kazand\u0131rd\u0131klar\u0131 Cumhuriyet Meydan\u0131, \u00e7ok ama\u00e7l\u0131 k\u00fclt\u00fcr merkezi ve amfi tiyatronun, tiyatro g\u00f6sterilerine, konserlere, ulusal ve uluslararas\u0131 sanat\u00e7\u0131lar\u0131n sergi ve panelleri ile konferanslara ev sahipli\u011fi yapt\u0131\u011f\u0131n\u0131 belirten Ba\u015fkan Tuna, etkinliklere vatanda\u015flar\u0131n\u0131n ilgisinin yo\u011fun oldu\u011funa dikkat \u00e7ekti. Toroslar Belediyesi olarak her zaman sanata, sanat\u00e7\u0131ya ve k\u00fclt\u00fcrel de\u011ferlere sahip \u00e7\u0131kt\u0131klar\u0131n\u0131 ve bunun en g\u00fczel \u00f6rne\u011fini de tiyatro ve halk oyunlar\u0131 toplulu\u011funu kurarak g\u00f6sterdiklerini vurgulayan Tuna, bu vesileyle tiyatroya g\u00f6n\u00fcl vermi\u015f de\u011ferli sanat\u00e7\u0131lar\u0131n, yazarlar\u0131n ve tiyatro \u00e7al\u0131\u015fanlar\u0131n\u0131n \u2018D\u00fcnya Tiyatrolar G\u00fcn\u00fc\u2019n\u00fc\u2019 kutlad\u0131. K\u00fclt\u00fcr ve sanat etkinlikleri kapsam\u0131nda bir\u00e7ok tiyatro oyununu halkla bulu\u015fturman\u0131n mutlulu\u011fu i\u00e7erisinde olduklar\u0131n\u0131 kaydeden Tuna, D\u00fcnya Tiyatrolar G\u00fcn\u00fc kapsam\u0131nda Toroslar Belediyesi \u015eehir Tiyatrosu\u2019nun \u00c7\u0131lg\u0131n K\u00f6y \u2018Kom\u015fu K\u00f6y\u00fcn Delisi\u2019 adl\u0131 yeni bir oyunu sahneye koyaca\u011f\u0131n\u0131 s\u00f6yledi. \u00dcst\u00fcn D\u00f6kmenin yazd\u0131\u011f\u0131 ve Toroslar Belediyesi \u015eehir Tiyatrosu Genel Sanat Y\u00f6netmeni Hasan Topuz\u2019un y\u00f6netti\u011fi oyunun, 31 Mart Cumartesi G\u00fcn\u00fc saat 19.00\u2019da Yunus Emre K\u00fclt\u00fcr Merkezi\u2019nde sanatseverlerle bulu\u015faca\u011f\u0131n\u0131 belirten Tuna, tiyatro oyununu izlemeye t\u00fcm vatanda\u015flar\u0131 davet etti. Tiyatronun \u00e7ok y\u00f6nl\u00fc ve \u00f6\u011fretici olmas\u0131n\u0131n yan\u0131 s\u0131ra g\u00f6n\u00fcller aras\u0131nda ba\u011f kurarak, toplum k\u00fclt\u00fcr\u00fcn\u00fcn geli\u015fmesinde \u00f6nemli bir rol oynad\u0131\u011f\u0131n\u0131 belirten Tuna, \u201cToroslar Belediyesi olarak bundan sonraki s\u00fcre\u00e7te de \u015fehir tiyatromuz ile hem\u015ferilerimize ve \u00e7ocuklar\u0131m\u0131za tiyatroyu sevdirmeye ve \u00fccretsiz a\u00e7t\u0131\u011f\u0131m\u0131z kurslarda gelece\u011fin tiyatro sanat\u00e7\u0131lar\u0131n\u0131 yeti\u015ftirmeye devam edece\u011fiz\u201d dedi.\u00a0<\/span><\/span><\/p>\n","protected":false},"excerpt":{"rendered":"<p>Mersin&#8217;in merkez il\u00e7e Toroslar Belediye Ba\u015fkan\u0131 Hamit Tuna, g\u00f6reve geldikleri 14 y\u0131lda hayata ge\u00e7irdikleri yat\u0131r\u0131mlarla Toroslar\u2019\u0131 k\u00fclt\u00fcr ve sanat\u0131n merkezi yapt\u0131klar\u0131n\u0131 s\u00f6yledi. Mersin\u2019e kazand\u0131rd\u0131klar\u0131 Cumhuriyet Meydan\u0131, \u00e7ok ama\u00e7l\u0131 k\u00fclt\u00fcr merkezi &hellip; <a href=\"https:\/\/akdenizolaygazetesi.com\/?p=1620\" class=\"more-link\">Devam\u0131n\u0131 Oku&#8230;<\/a><\/p>\n","protected":false},"author":1,"featured_media":0,"comment_status":"open","ping_status":"open","sticky":false,"template":"","format":"standard","meta":[],"categories":[],"tags":[],"_links":{"self":[{"href":"https:\/\/akdenizolaygazetesi.com\/index.php?rest_route=\/wp\/v2\/posts\/1620"}],"collection":[{"href":"https:\/\/akdenizolaygazetesi.com\/index.php?rest_route=\/wp\/v2\/posts"}],"about":[{"href":"https:\/\/akdenizolaygazetesi.com\/index.php?rest_route=\/wp\/v2\/types\/post"}],"author":[{"embeddable":true,"href":"https:\/\/akdenizolaygazetesi.com\/index.php?rest_route=\/wp\/v2\/users\/1"}],"replies":[{"embeddable":true,"href":"https:\/\/akdenizolaygazetesi.com\/index.php?rest_route=%2Fwp%2Fv2%2Fcomments&post=1620"}],"version-history":[{"count":0,"href":"https:\/\/akdenizolaygazetesi.com\/index.php?rest_route=\/wp\/v2\/posts\/1620\/revisions"}],"wp:attachment":[{"href":"https:\/\/akdenizolaygazetesi.com\/index.php?rest_route=%2Fwp%2Fv2%2Fmedia&parent=1620"}],"wp:term":[{"taxonomy":"category","embeddable":true,"href":"https:\/\/akdenizolaygazetesi.com\/index.php?rest_route=%2Fwp%2Fv2%2Fcategories&post=1620"},{"taxonomy":"post_tag","embeddable":true,"href":"https:\/\/akdenizolaygazetesi.com\/index.php?rest_route=%2Fwp%2Fv2%2Ftags&post=1620"}],"curies":[{"name":"wp","href":"https:\/\/api.w.org\/{rel}","templated":true}]}}