{"id":1621,"date":"2020-11-04T18:22:09","date_gmt":"2020-11-04T15:22:09","guid":{"rendered":"http:\/\/mersinekonomipolitikagazetesi.com\/?p=1621"},"modified":"2020-11-04T18:22:09","modified_gmt":"2020-11-04T15:22:09","slug":"metruk-binada-kalan-genc-is-ve-kalacak-yer-istiyor","status":"publish","type":"post","link":"https:\/\/akdenizolaygazetesi.com\/?p=1621","title":{"rendered":"Metruk binada kalan gen\u00e7, i\u015f ve kalacak yer istiyor"},"content":{"rendered":"<p>Mersin\u2019de 14 ya\u015f\u0131na kadar \u00c7ocuk Esirgeme Kurumu\u2019na ba\u011fl\u0131 yurtta kalan, babas\u0131n\u0131n aile nakli yard\u0131m\u0131 ile yurttan \u00e7\u0131karmas\u0131n\u0131n ard\u0131ndan vefat etmesiyle sokaklarda ya\u015famaya ba\u015flayan ve arkada\u015flar\u0131n\u0131n da etkisiyle \u00e7e\u015fitli su\u00e7lara bula\u015farak 5 y\u0131l cezaevinde yatan 25 ya\u015f\u0131ndaki gen\u00e7, yetkililerden yard\u0131m isteyerek, &#8220;Vatani g\u00f6revimi de yapt\u0131m. Maddi y\u00f6nden destek istemiyorum. Sadece i\u015f ve kalacak bir yer istiyorum&#8221; dedi.<\/p>\n<p><span style=\"font-size:16px;\"><span style=\"font-family: sans-serif; line-height: 20px; text-align: justify; background-color: rgb(242, 244, 245);\">\u0130smail Tutkun, 1993 y\u0131l\u0131nda dini nikahl\u0131 Resul Tutkun ve Zeliha U\u00e7ar \u00e7iftinin tek \u00e7ocuklar\u0131 olarak Mersin\u2019de d\u00fcnyaya geldi ancak ailevi sorunlar nedeniyle k\u00fc\u00e7\u00fck ya\u015fta Sosyal Hizmetler ve \u00c7ocuk Esirgeme Kurumu\u2019na verildi. Yetkililere, \u201cYard\u0131m \u00e7\u0131\u011fl\u0131\u011f\u0131m\u0131 duyun\u201d diyen \u0130smail Tutkun, metruk bir binada yat\u0131p kalk\u0131yor. Silahla adam yaralamadan cezaevine d\u00fc\u015fen, kavgada sol elinin 4 parma\u011f\u0131 kopan ve yerine dikilen \u0130smail Tutkun, cezaevinden 2016 y\u0131l\u0131ndan \u00e7\u0131kt\u0131. Bir s\u00fcre daha sokaklarda ya\u015fayan Tutkun, daha sonra askere gitti. Bir s\u00fcre \u00f6nce askerden gelen Tutkun, yeniden metruk bir binada ya\u015famaya ba\u015flad\u0131. Ya\u015fad\u0131klar\u0131n\u0131 \u0130HA muhabirine anlatan Tutkun, annesinin zihinsel engelli olmas\u0131 ve babas\u0131n\u0131n ya\u015fl\u0131l\u0131\u011f\u0131n\u0131n yan\u0131 s\u0131ra ailevi s\u0131k\u0131nt\u0131lar sonucunda \u00c7ocuk Esirgeme Kurumu\u2019na verildi\u011fini s\u00f6yledi. 14 ya\u015f\u0131nda babas\u0131n\u0131n aile nakli yard\u0131m\u0131 ile kurumdan \u00e7\u0131kt\u0131\u011f\u0131n\u0131 belirten Tutkun, bir s\u00fcre babas\u0131n\u0131n yan\u0131nda ya\u015fad\u0131\u011f\u0131n\u0131, ancak 23 Mart 2007 tarihinde babas\u0131n\u0131n hayat\u0131n\u0131 kaybetmesiyle sokakta ya\u015famaya ba\u015flad\u0131\u011f\u0131n\u0131 dile getirdi. Tutkun, \u201cBabam\u0131 kaybettikten sonra hayatta annemden ba\u015fka kimsem kalmad\u0131. Ama annem de psikolojik rahats\u0131zl\u0131\u011f\u0131 ve kendisine bakacak kimse olmad\u0131\u011f\u0131 i\u00e7in 10 y\u0131l\u0131 a\u015fk\u0131n bir s\u00fcredir Aile ve Sosyal Politikalar Bakanl\u0131\u011f\u0131\u2019na ba\u011fl\u0131 Nihat S\u00f6zmen \u00d6z\u00fcrl\u00fc Bak\u0131m ve Rehabilitasyon Merkezi\u2019nde bak\u0131ma muhta\u00e7 bir \u015fekilde tedavi g\u00f6r\u00fcyor. Maddi imkans\u0131zl\u0131k da olunca babam\u0131n vefat\u0131ndan sonra sokaklarda ya\u015famak zorunda kald\u0131m&#8221; diye konu\u015ftu.\u00a0<\/span><br style=\"box-sizing: border-box; font-family: sans-serif; font-size: 14px; line-height: 20px; text-align: justify; background-color: rgb(242, 244, 245);\" \/><br \/>\n<br style=\"box-sizing: border-box; font-family: sans-serif; font-size: 14px; line-height: 20px; text-align: justify; background-color: rgb(242, 244, 245);\" \/><br \/>\n<span style=\"font-family: sans-serif; line-height: 20px; text-align: justify; background-color: rgb(242, 244, 245);\">\u201cArkada\u015f etkisiyle su\u00e7 i\u015fledim\u201d\u00a0<\/span><br style=\"box-sizing: border-box; font-family: sans-serif; font-size: 14px; line-height: 20px; text-align: justify; background-color: rgb(242, 244, 245);\" \/><br \/>\n<span style=\"font-family: sans-serif; line-height: 20px; text-align: justify; background-color: rgb(242, 244, 245);\">Sokaklarda ya\u015famaya ba\u015flad\u0131ktan sonra edindi\u011fi arkada\u015f \u00e7evresinin de etkisiyle 2007-2012 y\u0131llar\u0131 aras\u0131nda kendisini talihsiz olaylar\u0131n i\u00e7inde buldu\u011funu dile getiren Tutkun, bu s\u00fcrede \u2018adam yaralama\u2019 gibi \u00e7e\u015fitli su\u00e7lara kar\u0131\u015ft\u0131\u011f\u0131n\u0131 ve bu sebepten 5 y\u0131l cezaevinde kald\u0131\u011f\u0131n\u0131 s\u00f6yledi. Cezaevinden 23 Haziran 2016 tarihinde tahliye oldu\u011funu kaydeden Tutkun, vatani g\u00f6revini yapmak i\u00e7in askere gitti\u011fini ve askerli\u011fini tamamlay\u0131p memleketi Mersin\u2019e d\u00f6nd\u00fc\u011f\u00fcn\u00fc s\u00f6yledi.\u00a0<\/span><br style=\"box-sizing: border-box; font-family: sans-serif; font-size: 14px; line-height: 20px; text-align: justify; background-color: rgb(242, 244, 245);\" \/><br \/>\n<br style=\"box-sizing: border-box; font-family: sans-serif; font-size: 14px; line-height: 20px; text-align: justify; background-color: rgb(242, 244, 245);\" \/><br \/>\n<span style=\"font-family: sans-serif; line-height: 20px; text-align: justify; background-color: rgb(242, 244, 245);\">&#8220;Kendi ayaklar\u0131m\u0131n \u00fczerinde durmak istiyorum\u201d\u00a0<\/span><br style=\"box-sizing: border-box; font-family: sans-serif; font-size: 14px; line-height: 20px; text-align: justify; background-color: rgb(242, 244, 245);\" \/><br \/>\n<span style=\"font-family: sans-serif; line-height: 20px; text-align: justify; background-color: rgb(242, 244, 245);\">Mersin\u2019de yine kalacak yer ve i\u015f bulamad\u0131\u011f\u0131n\u0131 belirten Tutkun, \u201cYine sokaklarda ya\u015fam\u0131m\u0131 s\u00fcrd\u00fcrmekteyim. Sokaklarda ya\u015famam her t\u00fcrl\u00fc tehlikeyi de getirecek. Ben nereye kadar sokaklarda ya\u015fayaca\u011f\u0131m? Her t\u00fcrl\u00fc belayla kar\u015f\u0131la\u015fabilirim. Devlet b\u00fcy\u00fcklerimden gerekli bar\u0131nacak yer ve i\u015f konusunda yard\u0131mc\u0131 olmalar\u0131n\u0131 talip ediyorum. Metruk binalarda sabahl\u0131yorum. Her t\u00fcrl\u00fc tehlikeyle kar\u015f\u0131 kar\u015f\u0131ya kalabilirim. Besin kayna\u011f\u0131m yok, yemek t\u00fcketme gibi bir durumum yok. Esnaf\u0131n yard\u0131m\u0131yla ayakta duruyorum. Avu\u00e7 a\u00e7\u0131p dilencilik yapmak istemiyorum. Asla maddi y\u00f6nden destek beklemiyorum. Kendi ayaklar\u0131m\u0131n \u00fczerinde durmak i\u00e7in i\u015f istiyorum\u201d dedi.<\/span><\/span><\/p>\n","protected":false},"excerpt":{"rendered":"<p>Mersin\u2019de 14 ya\u015f\u0131na kadar \u00c7ocuk Esirgeme Kurumu\u2019na ba\u011fl\u0131 yurtta kalan, babas\u0131n\u0131n aile nakli yard\u0131m\u0131 ile yurttan \u00e7\u0131karmas\u0131n\u0131n ard\u0131ndan vefat etmesiyle sokaklarda ya\u015famaya ba\u015flayan ve arkada\u015flar\u0131n\u0131n da etkisiyle \u00e7e\u015fitli su\u00e7lara bula\u015farak &hellip; <a href=\"https:\/\/akdenizolaygazetesi.com\/?p=1621\" class=\"more-link\">Devam\u0131n\u0131 Oku&#8230;<\/a><\/p>\n","protected":false},"author":1,"featured_media":0,"comment_status":"open","ping_status":"open","sticky":false,"template":"","format":"standard","meta":[],"categories":[],"tags":[],"_links":{"self":[{"href":"https:\/\/akdenizolaygazetesi.com\/index.php?rest_route=\/wp\/v2\/posts\/1621"}],"collection":[{"href":"https:\/\/akdenizolaygazetesi.com\/index.php?rest_route=\/wp\/v2\/posts"}],"about":[{"href":"https:\/\/akdenizolaygazetesi.com\/index.php?rest_route=\/wp\/v2\/types\/post"}],"author":[{"embeddable":true,"href":"https:\/\/akdenizolaygazetesi.com\/index.php?rest_route=\/wp\/v2\/users\/1"}],"replies":[{"embeddable":true,"href":"https:\/\/akdenizolaygazetesi.com\/index.php?rest_route=%2Fwp%2Fv2%2Fcomments&post=1621"}],"version-history":[{"count":0,"href":"https:\/\/akdenizolaygazetesi.com\/index.php?rest_route=\/wp\/v2\/posts\/1621\/revisions"}],"wp:attachment":[{"href":"https:\/\/akdenizolaygazetesi.com\/index.php?rest_route=%2Fwp%2Fv2%2Fmedia&parent=1621"}],"wp:term":[{"taxonomy":"category","embeddable":true,"href":"https:\/\/akdenizolaygazetesi.com\/index.php?rest_route=%2Fwp%2Fv2%2Fcategories&post=1621"},{"taxonomy":"post_tag","embeddable":true,"href":"https:\/\/akdenizolaygazetesi.com\/index.php?rest_route=%2Fwp%2Fv2%2Ftags&post=1621"}],"curies":[{"name":"wp","href":"https:\/\/api.w.org\/{rel}","templated":true}]}}