{"id":16214,"date":"2022-01-19T17:14:34","date_gmt":"2022-01-19T14:14:34","guid":{"rendered":"http:\/\/akdenizolaygazetesi.com\/?p=16214"},"modified":"2022-01-19T17:14:34","modified_gmt":"2022-01-19T14:14:34","slug":"buyuksehir-kar-mesaisini-surduruyor","status":"publish","type":"post","link":"https:\/\/akdenizolaygazetesi.com\/?p=16214","title":{"rendered":"B\u00dcY\u00dcK\u015eEH\u0130R KAR MESA\u0130S\u0130N\u0130 S\u00dcRD\u00dcR\u00dcYOR"},"content":{"rendered":"<p>Mersin B\u00fcy\u00fck\u015fehir Belediyesi, y\u00fcksek kesimlerde etkili olan kar ya\u011f\u0131\u015f\u0131 nedeniyle vatanda\u015flar\u0131n herhangi bir olumsuzluk ya\u015famamas\u0131 i\u00e7in kentin d\u00f6rt bir yan\u0131nda karla m\u00fccadele \u00e7al\u0131\u015fmalar\u0131n\u0131 s\u00fcrd\u00fcr\u00fcyor. Yo\u011fun kar ya\u011f\u0131\u015f\u0131na kar\u015f\u0131 teyakkuzda olan B\u00fcy\u00fck\u015fehir Belediyesi ekipleri, \u00f6zellikle y\u00fcksek kesimlerde ya\u015fayan vatanda\u015flar\u0131n yollar\u0131n\u0131 a\u00e7arak kar\u0131n getirdi\u011fi olumsuzluklar\u0131 en aza indiriyor.<br \/>\nKarla m\u00fccadele ekipleri kar n\u00f6betinde<br \/>\nB\u00fcy\u00fck\u015fehir Belediyesi Yol Yap\u0131m Bak\u0131m ve Onar\u0131m Dairesi&#8217;ne ba\u011fl\u0131 karla m\u00fccadele ekiplerinin mesaisi kentin bir\u00e7ok noktas\u0131nda yo\u011fun bir \u015fekilde devam ediyor. Yollar\u0131n kapanmamas\u0131 i\u00e7in haz\u0131r bir \u015fekilde bekleyen ekipler, vatanda\u015flardan gelen ihbarlar\u0131 da de\u011ferlendiriyor. Karla m\u00fccadele ekipleri merkez 4 il\u00e7eyle birlikte toplam 11 il\u00e7ede 215 personel, 115 ara\u00e7 ve i\u015f makinesiyle kent genelinde bir\u00e7ok noktada \u00e7al\u0131\u015fmalar\u0131na devam ediyor.<br \/>\nMerkezde, Toroslar il\u00e7esinde Y\u00fcksekoluk, Horozlu, K\u0131z\u0131lba\u011f (G\u00fczelyayla), T\u0131rtar-Ayval\u0131-Yavca aras\u0131, Arslank\u00f6y, Ba\u015fp\u0131nar-Yedig\u00f6z Yolu, Alanyal\u0131-K\u0131z\u0131lkaya yollar\u0131 ile Mezitli il\u00e7esinde F\u0131nd\u0131kp\u0131nar\u0131 Demir\u0131\u015f\u0131k&#8217;ta yol a\u00e7ma \u00e7al\u0131\u015fmas\u0131 yapan ekipler, Aslank\u00f6y-\u00c7atak merkezi, De\u011firmendere Sadiye, Ayvagedi\u011fi-De\u011firmendere aras\u0131nda yol tuzlama faaliyetlerini de yerine getirdi. Mezitli il\u00e7esinde F\u0131nd\u0131kp\u0131nar\u0131 Demir\u0131\u015f\u0131k yollar\u0131 a\u00e7\u0131ld\u0131. Mezitli&#8217;de F\u0131nd\u0131kp\u0131nar\u0131-Durnaz, \u00c7aml\u0131yayla&#8217;da Cehennem Deresi-Sebil, Toroslar il\u00e7esinde K\u0131z\u0131lkaya-De\u011firmendere ve Hangedi\u011fi yollar\u0131nda ara\u00e7lar\u0131yla s\u0131k\u0131nt\u0131 ya\u015fayan vatanda\u015flara ise k\u0131sa s\u00fcrede ula\u015f\u0131ld\u0131. Ekipler, g\u00f6rev, yetki ve sorumluluk alan\u0131nda olsun olmas\u0131n t\u00fcm yollar\u0131n a\u00e7\u0131k olmas\u0131 ve vatanda\u015flar\u0131n herhangi bir s\u0131k\u0131nt\u0131 ya\u015famamas\u0131 ad\u0131na yol a\u00e7ma \u00e7al\u0131\u015fmalar\u0131na devam ediyor.<br \/>\nKar m\u00fccadelesi il\u00e7elere de ta\u015f\u0131nd\u0131<br \/>\nKarla m\u00fccadele ekipleri, \u00e7al\u0131\u015fmalar\u0131n\u0131 il\u00e7elere de ta\u015f\u0131d\u0131. \u00c7aml\u0131yayla, Anamur, Bozyaz\u0131, Erdemli, Silifke, G\u00fclnar ve Mut il\u00e7elerinde de y\u00fcksek kesimlerde etkili olan kar ya\u011f\u0131\u015f\u0131 sebebiyle ekipler taraf\u0131ndan yol a\u00e7ma ve tuzlama \u00e7al\u0131\u015fmalar\u0131 aral\u0131ks\u0131z olarak devam ediyor. \u0130l\u00e7elerde yap\u0131lan \u00e7al\u0131\u015fmalar B\u00fcy\u00fck\u015fehir Belediyesi Muhtarl\u0131k \u0130\u015fleri Dairesi&#8217;ne ba\u011fl\u0131 \u015fube m\u00fcd\u00fcrl\u00fckleriyle koordineli olarak s\u00fcrd\u00fcr\u00fcl\u00fcyor. Zorlu k\u0131\u015f \u015fartlar\u0131nda vatanda\u015flar\u0131n \u00f6zellikle ula\u015f\u0131mda sorun ya\u015famamas\u0131 i\u00e7in canla ba\u015fla \u00e7al\u0131\u015fan B\u00fcy\u00fck\u015fehir ekipleri, kar ya\u011f\u0131\u015f\u0131ndan dolay\u0131 yollar\u0131n kapanmamas\u0131 i\u00e7in yollar\u0131 i\u015f makinalar\u0131 arac\u0131l\u0131\u011f\u0131yla a\u00e7\u0131yor.<br \/>\nVatanda\u015flar\u0131n herhangi bir olumsuzluk ya\u015famamas\u0131 ad\u0131na t\u00fcm ekiplerini seferber eden B\u00fcy\u00fck\u015fehir Belediyesi, karla m\u00fccadele \u00e7al\u0131\u015fmas\u0131n\u0131n y\u00fcr\u00fct\u00fcld\u00fc\u011f\u00fc b\u00f6lgelerde t\u00fcm grup yollar\u0131n\u0131 da ara\u00e7 ge\u00e7i\u015fleri i\u00e7in g\u00fcvenli hale getiriyor.<\/p>\n","protected":false},"excerpt":{"rendered":"<p>Mersin B\u00fcy\u00fck\u015fehir Belediyesi, y\u00fcksek kesimlerde etkili olan kar ya\u011f\u0131\u015f\u0131 nedeniyle vatanda\u015flar\u0131n herhangi bir olumsuzluk ya\u015famamas\u0131 i\u00e7in kentin d\u00f6rt bir yan\u0131nda karla m\u00fccadele \u00e7al\u0131\u015fmalar\u0131n\u0131 s\u00fcrd\u00fcr\u00fcyor. Yo\u011fun kar ya\u011f\u0131\u015f\u0131na kar\u015f\u0131 teyakkuzda olan &hellip; <a href=\"https:\/\/akdenizolaygazetesi.com\/?p=16214\" class=\"more-link\">Devam\u0131n\u0131 Oku&#8230;<\/a><\/p>\n","protected":false},"author":2,"featured_media":16215,"comment_status":"open","ping_status":"open","sticky":false,"template":"","format":"standard","meta":[],"categories":[3],"tags":[],"_links":{"self":[{"href":"https:\/\/akdenizolaygazetesi.com\/index.php?rest_route=\/wp\/v2\/posts\/16214"}],"collection":[{"href":"https:\/\/akdenizolaygazetesi.com\/index.php?rest_route=\/wp\/v2\/posts"}],"about":[{"href":"https:\/\/akdenizolaygazetesi.com\/index.php?rest_route=\/wp\/v2\/types\/post"}],"author":[{"embeddable":true,"href":"https:\/\/akdenizolaygazetesi.com\/index.php?rest_route=\/wp\/v2\/users\/2"}],"replies":[{"embeddable":true,"href":"https:\/\/akdenizolaygazetesi.com\/index.php?rest_route=%2Fwp%2Fv2%2Fcomments&post=16214"}],"version-history":[{"count":1,"href":"https:\/\/akdenizolaygazetesi.com\/index.php?rest_route=\/wp\/v2\/posts\/16214\/revisions"}],"predecessor-version":[{"id":16216,"href":"https:\/\/akdenizolaygazetesi.com\/index.php?rest_route=\/wp\/v2\/posts\/16214\/revisions\/16216"}],"wp:featuredmedia":[{"embeddable":true,"href":"https:\/\/akdenizolaygazetesi.com\/index.php?rest_route=\/wp\/v2\/media\/16215"}],"wp:attachment":[{"href":"https:\/\/akdenizolaygazetesi.com\/index.php?rest_route=%2Fwp%2Fv2%2Fmedia&parent=16214"}],"wp:term":[{"taxonomy":"category","embeddable":true,"href":"https:\/\/akdenizolaygazetesi.com\/index.php?rest_route=%2Fwp%2Fv2%2Fcategories&post=16214"},{"taxonomy":"post_tag","embeddable":true,"href":"https:\/\/akdenizolaygazetesi.com\/index.php?rest_route=%2Fwp%2Fv2%2Ftags&post=16214"}],"curies":[{"name":"wp","href":"https:\/\/api.w.org\/{rel}","templated":true}]}}