{"id":1622,"date":"2020-11-04T18:22:09","date_gmt":"2020-11-04T15:22:09","guid":{"rendered":"http:\/\/mersinekonomipolitikagazetesi.com\/?p=1622"},"modified":"2020-11-04T18:22:09","modified_gmt":"2020-11-04T15:22:09","slug":"engelli-annenin-tek-istegi-oglunun-23-nisandaki-gosterisini-izlemek","status":"publish","type":"post","link":"https:\/\/akdenizolaygazetesi.com\/?p=1622","title":{"rendered":"Engelli annenin tek iste\u011fi o\u011flunun 23 Nisan\u2019daki g\u00f6sterisini izlemek"},"content":{"rendered":"<p>Mersin&#8217;de ya\u015fayan ve 6 y\u0131l \u00f6nce ge\u00e7irdi\u011fi bir rahats\u0131zl\u0131k sonucunda neredeyse y\u00fcr\u00fcyemez hale gelen Kader Aykan, tedavi olup yeniden eskisi gibi y\u00fcr\u00fcmek istiyor.<\/p>\n<p><span style=\"font-size:16px;\"><span style=\"font-family: sans-serif; line-height: 20px; text-align: justify; background-color: rgb(242, 244, 245);\">23 Nisan&#8217;da o\u011flunun g\u00f6sterisini izlemek isteyen y\u00fczde 74 engelli kad\u0131n, yetkililerden ak\u00fcl\u00fc ara\u00e7 istedi. Aykan, &#8220;Ak\u00fcl\u00fc sandalyem olursa ben o\u011flumla okula gidebilirim, g\u00f6sterisini izleyebilirim&#8221; dedi.\u00a0<\/span><br style=\"box-sizing: border-box; font-family: sans-serif; font-size: 14px; line-height: 20px; text-align: justify; background-color: rgb(242, 244, 245);\" \/><br \/>\n<span style=\"font-family: sans-serif; line-height: 20px; text-align: justify; background-color: rgb(242, 244, 245);\">Mersin&#8217;in merkez Toroslar il\u00e7esinde ya\u015fayan evli ve bir \u00e7ocuk annesi Kader Aykan (30), 6 y\u0131l \u00f6nce ge\u00e7irdi\u011fi bir rahats\u0131zl\u0131k sonucunda neredeyse y\u00fcr\u00fcyemez duruma geldi. Y\u00fczde 74 engelli olan talihsiz kad\u0131n, y\u00fcr\u00fcte\u00e7 ve yak\u0131nlar\u0131n\u0131n yard\u0131m\u0131 ile ancak bir ka\u00e7 ad\u0131m y\u00fcr\u00fcyebilirken, yetkililerden yard\u0131m istedi. Kad\u0131n\u0131n eli ve aya\u011f\u0131 olan 9 ya\u015f\u0131ndaki o\u011flu Mahir Deren Aykan da annesinin tedavi ettirilmesini, kendisini gezdirmesini istiyor. Durumuyla ilgili \u0130hlas Haber Ajans\u0131 (\u0130HA) muhabirine konu\u015fan Kader Aykan, 6 y\u0131ld\u0131r bu hastal\u0131\u011f\u0131 \u00e7ekti\u011fini s\u00f6yledi. 6 y\u0131l \u00f6nce uzand\u0131\u011f\u0131n\u0131 ve kalkt\u0131\u011f\u0131nda ba\u015f\u0131n\u0131n d\u00f6nd\u00fc\u011f\u00fcn\u00fc belirten Aykan, \u201cHastaneye git, gel derken 3. g\u00fcn\u00fcnde y\u00fcz felci ge\u00e7irdim. 8 g\u00fcn burada hastanede yatt\u0131m. Buradan Ankara\u2019ya sevk ettiler. Orada hastanede yatarken 6. g\u00fcn\u00fcmde tekrar bir y\u00fcz felci ge\u00e7irdim. Bir kula\u011f\u0131m sa\u011f\u0131r oldu, g\u00f6zlerim g\u00f6rmedi. 1,5 ay \u00f6yle ge\u00e7ti. Bana bir alet tak\u0131ld\u0131 ve kan de\u011fi\u015fimi yap\u0131l\u0131rken kula\u011f\u0131m a\u00e7\u0131ld\u0131, g\u00f6zlerim a\u00e7\u0131ld\u0131. Hastal\u0131\u011f\u0131m\u0131n ilk 3 y\u0131l\u0131ndaki tedavilerde iyi ilerlemeler oldu. Ancak son 2 y\u0131ld\u0131r s\u00fcrekli geriliyorum. En son konu\u015fmam baya bozuldu. Baya bir ac\u0131 \u00e7ekiyorum\u201d diye konu\u015ftu.\u00a0<\/span><br style=\"box-sizing: border-box; font-family: sans-serif; font-size: 14px; line-height: 20px; text-align: justify; background-color: rgb(242, 244, 245);\" \/><br \/>\n<br style=\"box-sizing: border-box; font-family: sans-serif; font-size: 14px; line-height: 20px; text-align: justify; background-color: rgb(242, 244, 245);\" \/><br \/>\n<span style=\"font-family: sans-serif; line-height: 20px; text-align: justify; background-color: rgb(242, 244, 245);\">&#8220;Maddi durumum yok diye Ankara&#8217;ya gidemiyorum&#8221;\u00a0<\/span><br style=\"box-sizing: border-box; font-family: sans-serif; font-size: 14px; line-height: 20px; text-align: justify; background-color: rgb(242, 244, 245);\" \/><br \/>\n<span style=\"font-family: sans-serif; line-height: 20px; text-align: justify; background-color: rgb(242, 244, 245);\">Maddi durumu olmad\u0131\u011f\u0131 i\u00e7in Ankara\u2019ya gidemedi\u011fini vurgulayan Alkan, \u201cGitmem gerekiyor ama gidemiyorum. Mersin\u2019de hastaneye gidiyorum ve burada da kemoterapi veriliyor. Oda beni iyice k\u00f6t\u00fc ediyor. Ankara\u2019ya gitmem laz\u0131m. \u00d6yle bekliyorum. Kesin bir te\u015fhis yok ama beyinde lezyon var. Bu lezyonlarda denge merkezini etkiliyormu\u015f. O y\u00fczden dengemi sa\u011flayam\u0131yorum. Buradaki doktorlar\u0131n hi\u00e7biri bana umut vermiyor. Bu hastal\u0131\u011f\u0131n tedavisi ba\u015fka bir yerde var m\u0131 yok mu onu bilmiyorum. \u00c7\u00fcnk\u00fc bana hi\u00e7bir \u015fekilde y\u00f6n g\u00f6stermiyorlar. Ke\u015fke bir umut verseler bana. Hi\u00e7biri bir \u015fey demiyor. Evin i\u00e7inde i\u015flerimi ya emekleyerek yap\u0131yorum yada oturuyorum. Oturdu\u011fum yerde o\u011flumun okuldan gelmesini bekliyorum. \u00c7\u00fcnk\u00fc Deren benim elim, aya\u011f\u0131m. Deren benim her \u015feyim. Kimse olmasa da o hep var\u201d \u015feklinde konu\u015ftu\u00a0<\/span><br style=\"box-sizing: border-box; font-family: sans-serif; font-size: 14px; line-height: 20px; text-align: justify; background-color: rgb(242, 244, 245);\" \/><br \/>\n<span style=\"font-family: sans-serif; line-height: 20px; text-align: justify; background-color: rgb(242, 244, 245);\">Bu hastal\u0131ktan \u00f6nce bu y\u00f6nde \u015fikayeti olmad\u0131\u011f\u0131n\u0131 kaydeden Alkan, \u201cAnnem ve babam da fel\u00e7 ama onlar y\u00fcr\u00fcyebiliyor, konu\u015fabiliyor. Ara\u015ft\u0131rd\u0131k genetik de\u011fil. Benim ki ba\u015fka bir rahats\u0131zl\u0131k. Onlar zaten beni g\u00f6rd\u00fc\u011f\u00fcnde kendi ac\u0131lar\u0131n\u0131 unutuyorlar. Annem topallaya, topallaya bana yemek getiriyor. Onlar \u015fu an kendilerini hi\u00e7 d\u00fc\u015f\u00fcnm\u00fcyorlar, benim i\u00e7in u\u011fra\u015f\u0131yorlar\u201d \u015feklinde konu\u015ftu.\u00a0<\/span><br style=\"box-sizing: border-box; font-family: sans-serif; font-size: 14px; line-height: 20px; text-align: justify; background-color: rgb(242, 244, 245);\" \/><br \/>\n<br style=\"box-sizing: border-box; font-family: sans-serif; font-size: 14px; line-height: 20px; text-align: justify; background-color: rgb(242, 244, 245);\" \/><br \/>\n<span style=\"font-family: sans-serif; line-height: 20px; text-align: justify; background-color: rgb(242, 244, 245);\">\u201cO\u011flumun 23 Nisan g\u00f6sterisini izlemek i\u00e7in ak\u00fcl\u00fc ara\u00e7 istiyorum\u201d\u00a0<\/span><br style=\"box-sizing: border-box; font-family: sans-serif; font-size: 14px; line-height: 20px; text-align: justify; background-color: rgb(242, 244, 245);\" \/><br \/>\n<span style=\"font-family: sans-serif; line-height: 20px; text-align: justify; background-color: rgb(242, 244, 245);\">Tedavi olmak istedi\u011finin alt\u0131n\u0131 \u00e7izen Alkan, \u201c4 Nisan do\u011fum g\u00fcn\u00fcm. Yetkililerden Allan r\u0131zas\u0131 i\u00e7in sadece tedavi olmak istiyorum. 30 ya\u015f\u0131nday\u0131m ve iyi olmak istiyorum. O\u011flumla el ele dola\u015fmak istiyorum. O\u011flumla zaman ge\u00e7irmek istiyorum. \u00c7\u00fcnk\u00fc bu hastal\u0131k ba\u015f\u0131ma geldi\u011finde o \u00e7ok k\u00fc\u00e7\u00fckt\u00fc. O\u011flum hi\u00e7bir \u015fey g\u00f6rmedi. \u00c7ocuklu\u011funu ya\u015fayamad\u0131. Ben hi\u00e7bir \u015fekilde hayat g\u00f6rmedim. Benim o\u011flumla ge\u00e7irmek istedi\u011fim zamanlar var. Ben onunla d\u0131\u015far\u0131 \u00e7\u0131kmak, parkta gezmek istiyorum. 23 Nisan\u2019da g\u00f6sterisi var ben g\u00f6sterisini izlemek istiyorum. O\u011flumun ve benim tek istedi\u011fim bu. Ak\u00fcl\u00fc sandalye istiyorum. Ben evin i\u00e7inde emekliyorum. Hi\u00e7bir \u015fey yapam\u0131yorum. Ak\u00fcl\u00fc sandalye olursa ben o\u011flumun okula gidebilirim, g\u00f6sterisini izleyebilirim. Ne olur bir ak\u00fcl\u00fc ara\u00e7 istiyorum\u201d ifadelerini kulland\u0131.\u00a0<\/span><br style=\"box-sizing: border-box; font-family: sans-serif; font-size: 14px; line-height: 20px; text-align: justify; background-color: rgb(242, 244, 245);\" \/><br \/>\n<span style=\"font-family: sans-serif; line-height: 20px; text-align: justify; background-color: rgb(242, 244, 245);\">KPSS\u2019ye de haz\u0131rland\u0131\u011f\u0131n\u0131 ifade eden Alkan, \u201cHastal\u0131\u011f\u0131m elverdik\u00e7e s\u0131nava haz\u0131rlanmaya \u00e7al\u0131\u015f\u0131yorum ama g\u00f6zlerim biraz k\u00f6t\u00fc durumda. Elimden geleni yap\u0131yorum. Bir ay sonra s\u0131nav\u0131m var. Hani kazansam hem o\u011flumun hem de kendimin maddi durumunu biraz daha iyi edece\u011fim. Biraz daha istedi\u011fim \u015feyleri yapaca\u011f\u0131m&#8221; dedi.\u00a0<\/span><br style=\"box-sizing: border-box; font-family: sans-serif; font-size: 14px; line-height: 20px; text-align: justify; background-color: rgb(242, 244, 245);\" \/><br \/>\n<span style=\"font-family: sans-serif; line-height: 20px; text-align: justify; background-color: rgb(242, 244, 245);\">Deren Alkan ise annesinin tedavisinin yapt\u0131r\u0131lmas\u0131n\u0131 isteyerek, \u201cAnnemin eskisi gibi olup benimle birlikte gezmesini, okula g\u00f6t\u00fcrmesini, beni getirmesini istiyorum. Kahvalt\u0131s\u0131n\u0131 haz\u0131rl\u0131yorum. \u0130la\u00e7lar\u0131n\u0131 veriyorum. Y\u00fcr\u00fcmesine yard\u0131mc\u0131 oluyorum. Temizlik yap\u0131yorum\u201d diye konu\u015ftu.\u00a0<\/span><\/span><\/p>\n","protected":false},"excerpt":{"rendered":"<p>Mersin&#8217;de ya\u015fayan ve 6 y\u0131l \u00f6nce ge\u00e7irdi\u011fi bir rahats\u0131zl\u0131k sonucunda neredeyse y\u00fcr\u00fcyemez hale gelen Kader Aykan, tedavi olup yeniden eskisi gibi y\u00fcr\u00fcmek istiyor. 23 Nisan&#8217;da o\u011flunun g\u00f6sterisini izlemek isteyen y\u00fczde &hellip; <a href=\"https:\/\/akdenizolaygazetesi.com\/?p=1622\" class=\"more-link\">Devam\u0131n\u0131 Oku&#8230;<\/a><\/p>\n","protected":false},"author":1,"featured_media":0,"comment_status":"open","ping_status":"open","sticky":false,"template":"","format":"standard","meta":[],"categories":[],"tags":[],"_links":{"self":[{"href":"https:\/\/akdenizolaygazetesi.com\/index.php?rest_route=\/wp\/v2\/posts\/1622"}],"collection":[{"href":"https:\/\/akdenizolaygazetesi.com\/index.php?rest_route=\/wp\/v2\/posts"}],"about":[{"href":"https:\/\/akdenizolaygazetesi.com\/index.php?rest_route=\/wp\/v2\/types\/post"}],"author":[{"embeddable":true,"href":"https:\/\/akdenizolaygazetesi.com\/index.php?rest_route=\/wp\/v2\/users\/1"}],"replies":[{"embeddable":true,"href":"https:\/\/akdenizolaygazetesi.com\/index.php?rest_route=%2Fwp%2Fv2%2Fcomments&post=1622"}],"version-history":[{"count":0,"href":"https:\/\/akdenizolaygazetesi.com\/index.php?rest_route=\/wp\/v2\/posts\/1622\/revisions"}],"wp:attachment":[{"href":"https:\/\/akdenizolaygazetesi.com\/index.php?rest_route=%2Fwp%2Fv2%2Fmedia&parent=1622"}],"wp:term":[{"taxonomy":"category","embeddable":true,"href":"https:\/\/akdenizolaygazetesi.com\/index.php?rest_route=%2Fwp%2Fv2%2Fcategories&post=1622"},{"taxonomy":"post_tag","embeddable":true,"href":"https:\/\/akdenizolaygazetesi.com\/index.php?rest_route=%2Fwp%2Fv2%2Ftags&post=1622"}],"curies":[{"name":"wp","href":"https:\/\/api.w.org\/{rel}","templated":true}]}}