{"id":16221,"date":"2022-01-20T13:32:09","date_gmt":"2022-01-20T10:32:09","guid":{"rendered":"http:\/\/akdenizolaygazetesi.com\/?p=16221"},"modified":"2022-01-20T13:32:09","modified_gmt":"2022-01-20T10:32:09","slug":"kent-turu-projesinin-dorduncusu-yapildi","status":"publish","type":"post","link":"https:\/\/akdenizolaygazetesi.com\/?p=16221","title":{"rendered":"&#8216;KENT TURU&#8217; PROJES\u0130N\u0130N D\u00d6RD\u00dcNC\u00dcS\u00dc YAPILDI"},"content":{"rendered":"<p>Mersin B\u00fcy\u00fck\u015fehir Belediyesi Sosyal Hizmetler Dairesi b\u00fcnyesinde hizmet veren MERC\u0130 \u00d6\u011frenci Dan\u0131\u015fmanl\u0131k Merkezi&#8217;nin &#8216;Kent Turu&#8217; projesinin d\u00f6rd\u00fcnc\u00fc gezisi ger\u00e7ekle\u015ftirildi. Geziye Akdeniz il\u00e7esindeki \u015eehit Recep Aslan \u0130lkokulu&#8217;ndan \u00f6\u011frenciler kat\u0131ld\u0131. Aralar\u0131nda daha \u00f6nce hi\u00e7 sinemaya gitmemi\u015f \u00f6\u011frencilerin de bulundu\u011fu gezi kapsam\u0131nda sinemada film izleyen \u00e7ocuklar, AVM gezisinin ard\u0131ndan Mersin Arkeoloji M\u00fczesi&#8217;ni ziyaret etti.<br \/>\n\u00d6\u011frenciler hem sinemaya gitti hem m\u00fcze gezdi<br \/>\nB\u00fcy\u00fck\u015fehir&#8217;in &#8216;K\u0131rsal Mahalle Okulundan Merkeze \u00d6\u011frenci Getirme Projesi&#8217; kapsam\u0131nda haz\u0131rlanan gezi programlar\u0131 ile k\u0131rsal mahallerde veya il\u00e7elerde e\u011fitim g\u00f6ren sosyoekonomik d\u00fczeyi d\u00fc\u015f\u00fck \u00f6\u011frencilerin kente dair tarihi ve k\u00fclt\u00fcrel de\u011ferleri g\u00f6rmeleri, B\u00fcy\u00fck\u015fehir Belediyesi&#8217;nin \u00f6\u011frencilere y\u00f6nelik hizmetleri hakk\u0131nda bilgi edinmeleri ve MERC\u0130 \u00d6\u011frenci Dan\u0131\u015fmanl\u0131k Merkezi&#8217;ni g\u00f6rmeleri ama\u00e7lan\u0131yor.<br \/>\n\u015eehit Recep Aslan \u0130lkokulu&#8217;ndan gelen \u00f6\u011frenciler ilk olarak MERC\u0130 \u00d6\u011frenci Dan\u0131\u015fmanl\u0131k Merkezi&#8217;ni ziyaret etti. Palm City Al\u0131\u015fveri\u015f Merkezi&#8217;ndeki sinemada film izleyen \u00e7ocuklar, \u00f6nce AVM&#8217;yi, ard\u0131ndan Mersin Arkeoloji M\u00fczesi&#8217;ni gezdi. \u00c7ocuklar sinemada &#8216;Aslan H\u00fcrku\u015f Kay\u0131p Elmas&#8217; isimli animasyon filmini izledi. \u00d6\u011frenciler Kent Turu&#8217;ndan memnun ayr\u0131ld\u0131.<br \/>\n&#8220;Farkl\u0131 projelerle \u00f6\u011frencilerimizi desteklemeye devam ediyoruz&#8221;<br \/>\nSosyal Hizmetler Dairesi E\u011fitim Hizmetleri \u015eube M\u00fcd\u00fcrl\u00fc\u011f\u00fc&#8217;nde Sosyal Hizmet Uzman\u0131 olarak g\u00f6rev yapan Ceyda Din\u00e7er, 2022 y\u0131l\u0131 itibariyle B\u00fcy\u00fck\u015fehir Belediyesi olarak e\u011fitim alan\u0131ndaki hizmet yelpazelerini geni\u015fletmeye devam ettiklerini ifade ederek, \u015funlar\u0131 s\u00f6yledi:<br \/>\n&#8220;2020 Kas\u0131m ay\u0131nda a\u00e7t\u0131\u011f\u0131m\u0131z MERC\u0130 \u00d6\u011frenci Dan\u0131\u015fmanl\u0131k Merkezi bug\u00fcn itibariyle 600&#8217;den fazla \u00f6\u011frenciye ula\u015ft\u0131. Ama hala il\u00e7elerimizde ve k\u0131rsal mahallelerimizde hizmetimize ula\u015famayan \u00f6\u011frencilerimizin var oldu\u011funu bilmek bizleri &#8216;Kent Turu&#8217; gibi projeleri yapma konusunda cesaretlendiriyor. E\u011fitimde f\u0131rsat e\u015fitli\u011fini \u00f6nemseyen bir anlay\u0131\u015fla \u00e7ocuklar\u0131 bulunduklar\u0131 il\u00e7elerden veya k\u0131rsal mahallelerden getirerek hem e\u011fitim hizmetlerimiz hakk\u0131nda bilgi edinmelerini hem \u015fehrimize ait de\u011ferleri g\u00f6rmelerini hem de sinema gibi etkinliklere kat\u0131larak ho\u015f\u00e7a vakit ge\u00e7irmelerini ama\u00e7l\u0131yoruz.&#8221;<br \/>\n&#8220;\u00c7ocuklar ilk defa sinema deneyimi kazanm\u0131\u015f oldu&#8221;<br \/>\nS\u0131n\u0131f \u00d6\u011fretmeni Meri\u00e7 \u0130nan, Mersin B\u00fcy\u00fck\u015fehir Belediyesi&#8217;nin d\u00fczenlemi\u015f oldu\u011fu &#8216;Kent Turu&#8217;nu duyunca \u00f6\u011frencileri bu geziye g\u00f6t\u00fcrmek istedi\u011finden s\u00f6z ederek, &#8220;\u00c7ocuklar ilk defa sinema deneyimi kazanm\u0131\u015f oldular. \u00c7ok heyecanland\u0131lar, \u00e7ok mutlu oldular. Ard\u0131ndan bir yemek d\u00fczenlendi. Arkeoloji M\u00fczesi&#8217;ne geldik. \u0130lk defa bir m\u00fcze gezisinde bulundular. Buray\u0131 gezdiler. Eskiden insanlar\u0131n kullanm\u0131\u015f oldu\u011fu aletleri incelediler. \u015ea\u015f\u0131rd\u0131lar ve geziden \u00e7ok mutlu bir \u015fekilde ayr\u0131l\u0131yorlar&#8221; diye konu\u015ftu.<br \/>\nMinik Durmu\u015f, sinema deneyimini anlatt\u0131: &#8220;Ekran kocamand\u0131&#8221;<br \/>\n\u00d6\u011frencilerden Mehmet Durmu\u015f, \u00f6zellikle sinemada ya\u015fad\u0131\u011f\u0131 deneyimi heyecanla anlat\u0131rken, &#8220;\u0130lk \u00f6nce MERC\u0130&#8217;ye gittik. Ondan sonra sinemaya geldik. G\u00fczel bir deneyimdi. Sinemaya geldi\u011fimde b\u00fcy\u00fck bir \u015fa\u015fk\u0131nl\u0131k ya\u015fad\u0131m. \u00c7\u00fcnk\u00fc ekran kocamand\u0131&#8221; ifadelerini kulland\u0131.<br \/>\n&#8220;\u00c7ok mutlu hissediyorum. Belki bir daha geliriz&#8221;<br \/>\nKent Turu sayesinde keyifli bir g\u00fcn ge\u00e7iren \u00f6\u011frencilerden Esma Y\u0131ld\u0131z da &#8220;Kent Turu yapt\u0131k. \u00d6nce MERC\u0130&#8217;ye gittik. Oray\u0131 g\u00f6rd\u00fck. Aslan H\u00fcrku\u015f Kay\u0131p Elmas filmini izledik. Arkada\u015flar\u0131mla \u00e7ok e\u011flendik. \u015eimdi Arkeoloji M\u00fczesi&#8217;ne geldik ve etrafa bak\u0131yoruz. Eskiden \u00e7ok g\u00fczel \u015feyler varm\u0131\u015f. Heykeller \u00e7ok g\u00fczel. Aslan var, ilk defa g\u00f6rd\u00fcm. \u00c7ok mutlu hissediyorum. Belki bir daha geliriz&#8221; diye konu\u015ftu.<br \/>\n&#8220;Vahap Amca sayesinde b\u00f6yle \u015feyleri ke\u015ffettim&#8221;<br \/>\nB\u00fc\u015fra Sanem \u015eenol ise geziye ilk defa kat\u0131ld\u0131\u011f\u0131n\u0131 ifade ederek, &#8220;Buralar\u0131 ilk kez ke\u015ffediyorum. \u0130lk \u00f6nce sinemaya gittik. \u00c7ok g\u00fczeldi. Burada da Arkeoloji M\u00fczesi&#8217;ne gelip eskiden kalma \u015feyleri g\u00f6rd\u00fck. Eski giysileri, heykelleri g\u00f6rd\u00fck. \u00c7ok g\u00fczeldi hepsi. \u00c7ok e\u011fleniyoruz, mutluyuz burada. Vahap Amca&#8217;ya \u00e7ok te\u015fekk\u00fcr ederim. Onun sayesinde b\u00f6yle \u015feyleri ke\u015ffettim&#8221; dedi.<\/p>\n","protected":false},"excerpt":{"rendered":"<p>Mersin B\u00fcy\u00fck\u015fehir Belediyesi Sosyal Hizmetler Dairesi b\u00fcnyesinde hizmet veren MERC\u0130 \u00d6\u011frenci Dan\u0131\u015fmanl\u0131k Merkezi&#8217;nin &#8216;Kent Turu&#8217; projesinin d\u00f6rd\u00fcnc\u00fc gezisi ger\u00e7ekle\u015ftirildi. Geziye Akdeniz il\u00e7esindeki \u015eehit Recep Aslan \u0130lkokulu&#8217;ndan \u00f6\u011frenciler kat\u0131ld\u0131. Aralar\u0131nda daha &hellip; <a href=\"https:\/\/akdenizolaygazetesi.com\/?p=16221\" class=\"more-link\">Devam\u0131n\u0131 Oku&#8230;<\/a><\/p>\n","protected":false},"author":2,"featured_media":16222,"comment_status":"open","ping_status":"open","sticky":false,"template":"","format":"standard","meta":[],"categories":[3,5],"tags":[],"_links":{"self":[{"href":"https:\/\/akdenizolaygazetesi.com\/index.php?rest_route=\/wp\/v2\/posts\/16221"}],"collection":[{"href":"https:\/\/akdenizolaygazetesi.com\/index.php?rest_route=\/wp\/v2\/posts"}],"about":[{"href":"https:\/\/akdenizolaygazetesi.com\/index.php?rest_route=\/wp\/v2\/types\/post"}],"author":[{"embeddable":true,"href":"https:\/\/akdenizolaygazetesi.com\/index.php?rest_route=\/wp\/v2\/users\/2"}],"replies":[{"embeddable":true,"href":"https:\/\/akdenizolaygazetesi.com\/index.php?rest_route=%2Fwp%2Fv2%2Fcomments&post=16221"}],"version-history":[{"count":1,"href":"https:\/\/akdenizolaygazetesi.com\/index.php?rest_route=\/wp\/v2\/posts\/16221\/revisions"}],"predecessor-version":[{"id":16223,"href":"https:\/\/akdenizolaygazetesi.com\/index.php?rest_route=\/wp\/v2\/posts\/16221\/revisions\/16223"}],"wp:featuredmedia":[{"embeddable":true,"href":"https:\/\/akdenizolaygazetesi.com\/index.php?rest_route=\/wp\/v2\/media\/16222"}],"wp:attachment":[{"href":"https:\/\/akdenizolaygazetesi.com\/index.php?rest_route=%2Fwp%2Fv2%2Fmedia&parent=16221"}],"wp:term":[{"taxonomy":"category","embeddable":true,"href":"https:\/\/akdenizolaygazetesi.com\/index.php?rest_route=%2Fwp%2Fv2%2Fcategories&post=16221"},{"taxonomy":"post_tag","embeddable":true,"href":"https:\/\/akdenizolaygazetesi.com\/index.php?rest_route=%2Fwp%2Fv2%2Ftags&post=16221"}],"curies":[{"name":"wp","href":"https:\/\/api.w.org\/{rel}","templated":true}]}}