{"id":16224,"date":"2022-01-20T13:33:49","date_gmt":"2022-01-20T10:33:49","guid":{"rendered":"http:\/\/akdenizolaygazetesi.com\/?p=16224"},"modified":"2022-01-20T13:33:49","modified_gmt":"2022-01-20T10:33:49","slug":"erdemlide-karda-kurtarma-calismasi","status":"publish","type":"post","link":"https:\/\/akdenizolaygazetesi.com\/?p=16224","title":{"rendered":"ERDEML\u0130&#8217;DE KARDA KURTARMA \u00c7ALI\u015eMASI"},"content":{"rendered":"<p>Mersin B\u00fcy\u00fck\u015fehir Belediyesi&#8217;nin kentin y\u00fcksek kesimlerinde s\u00fcrd\u00fcrd\u00fc\u011f\u00fc karla m\u00fccadele \u00e7al\u0131\u015fmas\u0131 aral\u0131ks\u0131z s\u00fcr\u00fcyor. Erdemli ve Toroslar il\u00e7elerinin y\u00fcksek kesimlerinde bir yandan yol a\u00e7ma ve tuzlama \u00e7al\u0131\u015fmas\u0131 y\u00fcr\u00fcten ekipler, bir yandan da gelen ihbarlar \u00fczerine mahsur kalan vatanda\u015flar\u0131n imdad\u0131na yeti\u015fiyor.<br \/>\nKarda mahsur kalan 3 ki\u015fi kurtar\u0131ld\u0131<br \/>\nErdemli&#8217;nin Ya\u011fda ile G\u00fczeloluk Mahallesi aras\u0131nda kar dolay\u0131s\u0131yla mahsur kalan bir arac\u0131n oldu\u011fu ihbar\u0131 \u00fczerine harekete ge\u00e7en B\u00fcy\u00fck\u015fehir&#8217;in karla m\u00fccadele ekipleri, k\u0131sa s\u00fcrede ihbar\u0131n geldi\u011fi noktaya ula\u015ft\u0131. Ekipler, i\u00e7erisinde 3 ki\u015finin bulundu\u011fu arac\u0131 yakla\u015f\u0131k 1 saat s\u00fcren \u00e7al\u0131\u015fman\u0131n ard\u0131ndan kurtard\u0131. Erdemli&#8217;de G\u00fczeloluk ve Ya\u011fda&#8217;n\u0131n yan\u0131 s\u0131ra K\u0131z\u0131len,  Harfilli, Hac\u0131alan\u0131, Sorgun, \u00c7er\u00e7ili, Toros ve Ayd\u0131nlar Mahallelerinin yollar\u0131nda da kar temizleme \u00e7al\u0131\u015fmas\u0131 y\u00fcr\u00fct\u00fcld\u00fc. Ayr\u0131ca Toros Mahallesi&#8217;nde 26 mahallenin i\u00e7mesuyunun temin edildi\u011fi derin kuyu sondaj\u0131n\u0131n yolunda da kar temizleme \u00e7al\u0131\u015fmas\u0131 yap\u0131ld\u0131.<br \/>\nToroslar il\u00e7esinde de yol a\u00e7ma ve tuzlama \u00e7al\u0131\u015fmalar\u0131 s\u00fcrd\u00fc<br \/>\nYollar\u0131n a\u00e7\u0131k kalmas\u0131 i\u00e7in gece-g\u00fcnd\u00fcz \u00e7al\u0131\u015fma y\u00fcr\u00fcten ekipler, Toroslar il\u00e7esinde de G\u00f6zne, Ayvagedi\u011fi, De\u011firmendere, K\u0131z\u0131lkaya, Alanyal\u0131, G\u00fczelyayla, \u00c7a\u011flarca ve Y\u00fcksekoluk Mahallelerinde kar temizleme ve tuzlama \u00e7al\u0131\u015fmas\u0131 ger\u00e7ekle\u015ftirdi.<\/p>\n","protected":false},"excerpt":{"rendered":"<p>Mersin B\u00fcy\u00fck\u015fehir Belediyesi&#8217;nin kentin y\u00fcksek kesimlerinde s\u00fcrd\u00fcrd\u00fc\u011f\u00fc karla m\u00fccadele \u00e7al\u0131\u015fmas\u0131 aral\u0131ks\u0131z s\u00fcr\u00fcyor. Erdemli ve Toroslar il\u00e7elerinin y\u00fcksek kesimlerinde bir yandan yol a\u00e7ma ve tuzlama \u00e7al\u0131\u015fmas\u0131 y\u00fcr\u00fcten ekipler, bir yandan da &hellip; <a href=\"https:\/\/akdenizolaygazetesi.com\/?p=16224\" class=\"more-link\">Devam\u0131n\u0131 Oku&#8230;<\/a><\/p>\n","protected":false},"author":2,"featured_media":16225,"comment_status":"open","ping_status":"open","sticky":false,"template":"","format":"standard","meta":[],"categories":[3,5],"tags":[],"_links":{"self":[{"href":"https:\/\/akdenizolaygazetesi.com\/index.php?rest_route=\/wp\/v2\/posts\/16224"}],"collection":[{"href":"https:\/\/akdenizolaygazetesi.com\/index.php?rest_route=\/wp\/v2\/posts"}],"about":[{"href":"https:\/\/akdenizolaygazetesi.com\/index.php?rest_route=\/wp\/v2\/types\/post"}],"author":[{"embeddable":true,"href":"https:\/\/akdenizolaygazetesi.com\/index.php?rest_route=\/wp\/v2\/users\/2"}],"replies":[{"embeddable":true,"href":"https:\/\/akdenizolaygazetesi.com\/index.php?rest_route=%2Fwp%2Fv2%2Fcomments&post=16224"}],"version-history":[{"count":1,"href":"https:\/\/akdenizolaygazetesi.com\/index.php?rest_route=\/wp\/v2\/posts\/16224\/revisions"}],"predecessor-version":[{"id":16226,"href":"https:\/\/akdenizolaygazetesi.com\/index.php?rest_route=\/wp\/v2\/posts\/16224\/revisions\/16226"}],"wp:featuredmedia":[{"embeddable":true,"href":"https:\/\/akdenizolaygazetesi.com\/index.php?rest_route=\/wp\/v2\/media\/16225"}],"wp:attachment":[{"href":"https:\/\/akdenizolaygazetesi.com\/index.php?rest_route=%2Fwp%2Fv2%2Fmedia&parent=16224"}],"wp:term":[{"taxonomy":"category","embeddable":true,"href":"https:\/\/akdenizolaygazetesi.com\/index.php?rest_route=%2Fwp%2Fv2%2Fcategories&post=16224"},{"taxonomy":"post_tag","embeddable":true,"href":"https:\/\/akdenizolaygazetesi.com\/index.php?rest_route=%2Fwp%2Fv2%2Ftags&post=16224"}],"curies":[{"name":"wp","href":"https:\/\/api.w.org\/{rel}","templated":true}]}}