{"id":16227,"date":"2022-01-21T13:06:00","date_gmt":"2022-01-21T10:06:00","guid":{"rendered":"http:\/\/akdenizolaygazetesi.com\/?p=16227"},"modified":"2022-01-21T13:06:00","modified_gmt":"2022-01-21T10:06:00","slug":"sehrin-kaderini-degistirecek-radikal-kararlar-alalim","status":"publish","type":"post","link":"https:\/\/akdenizolaygazetesi.com\/?p=16227","title":{"rendered":"&#8220;\u015eEHR\u0130N KADER\u0130N\u0130 DE\u011e\u0130\u015eT\u0130RECEK RAD\u0130KAL KARARLAR ALALIM&#8221;"},"content":{"rendered":"<p>TRT \u00c7ukurova Radyosu&#8217;na konu\u015fan Akdeniz Belediye Ba\u015fkan\u0131 Mustafa G\u00fcltak; ba\u015fta kent dinamikleri olmak \u00fczere t\u00fcm \u015fehri kentsel d\u00f6n\u00fc\u015f\u00fcm hakk\u0131nda destek vermeye \u00e7a\u011f\u0131rd\u0131. Ba\u015fkan G\u00fcltak; &#8220;Bir an \u00f6nce \u015fehrin kaderini de\u011fi\u015ftirecek radikal kararlar almal\u0131y\u0131z. Ben bu vizyon do\u011frultusunda ilerliyorum. Bu \u015fehrin kaderini de\u011fi\u015ftirmek istiyorum&#8221; dedi.<br \/>\nTRT \u00c7ukurova Radyosu&#8217;nda Seda Uslu Sar\u0131o\u011flu&#8217;nun Akdeniz&#8217;den Toroslar&#8217;a program\u0131na konuk olan Akdeniz Belediye Ba\u015fkan\u0131 Mustafa G\u00fcltak kentsel d\u00f6n\u00fc\u015f\u00fcm\u00fcn \u00f6nemine dair a\u00e7\u0131klamalarda bulundu.<br \/>\n&#8220;Mersin&#8217;de bir elmas\u0131n \u00fcst\u00fcnde oturuyoruz&#8221;<br \/>\nD\u00fcnya co\u011frafyas\u0131nda Mersin&#8217;in bulundu\u011fu konumun \u00e7ok farkl\u0131 oldu\u011funa i\u015faret eden Ba\u015fkan G\u00fcltak; &#8220;52 katl\u0131 g\u00f6kdelenimizin biti\u015f y\u0131l\u0131 1989&#8217;dur. Avrupa&#8217;n\u0131n 2. b\u00fcy\u00fck g\u00f6kdeleni neden Mersin&#8217;e yap\u0131ld\u0131? \u00c7\u00fcnk\u00fc Mersin&#8217;in d\u00fcnya \u00fczerindeki en b\u00fcy\u00fck liman \u015fehirlerinden biri oldu\u011funu bildikleri i\u00e7in bu yat\u0131r\u0131m\u0131 yapt\u0131lar. Daha sonra bir\u00e7ok ba\u015fka \u00fclkeye ve kentlere y\u00f6neldiler. Ancak bu Mersin&#8217;in \u00f6nemini ortadan kald\u0131rmad\u0131. Bizler Mersin&#8217;de bir elmas\u0131n \u00fcst\u00fcnde oturuyoruz. Kentsel d\u00f6n\u00fc\u015f\u00fcmleri hayata ge\u00e7irdi\u011fimizde liman \u015fehri oldu\u011fumuzu \u00f6n plana \u00e7\u0131kard\u0131\u011f\u0131m\u0131zda inan\u0131n ki Mersin olumlu anlamda tan\u0131nmayacak bir hale gelir&#8221; dedi. Ba\u015fkan G\u00fcltak, &#8220;Limanlar\u0131n arkas\u0131nda otoban ba\u011flant\u0131 yollar\u0131 olur. Fakat bizim liman\u0131m\u0131z\u0131n arkas\u0131 ka\u00e7ak konutlarla \u00e7evrili. \u0130\u015fte bu y\u00fczden kentsel d\u00f6n\u00fc\u015f\u00fcm\u00fc \u00f6nemsiyoruz. Elimizde b\u00fcy\u00fck bir \u015fans var ama biz bunu kullanam\u0131yoruz. Kullanmaman\u0131n cezas\u0131n\u0131 Akdeniz, Mersin \u00e7ekti\u011fi gibi, t\u00fcm T\u00fcrkiye de \u00e7ekiyor&#8221; diye konu\u015ftu.<br \/>\n&#8220;Bu \u015fehri liman, tar\u0131m, turizm \u015fehri yapabiliriz&#8221;<br \/>\nMersin&#8217;in genelde siyasete ya da kavgalara kurban gitti\u011fini s\u00f6yleyen Ba\u015fkan Mustafa G\u00fcltak; &#8220;Vizyon gerekiyor. Bu \u015fehri liman, tar\u0131m, turizm \u015fehri yapabiliriz. Bak\u0131n\u0131z Akdeniz&#8217;de ya\u015fayan karde\u015flerimizin ya\u015fad\u0131klar\u0131 ortam i\u00e7imize sinmiyor. Bir kad\u0131n\u0131n, bir annenin y\u00fcre\u011fi a\u011fl\u0131yor. \u00c7ocu\u011funu gezdirece\u011fi ye\u015fil alan, oyun oynataca\u011f\u0131 bir park yok. Kentsel d\u00f6n\u00fc\u015f\u00fcm\u00fcn bir faydas\u0131 da \u015fudur. Akdeniz&#8217;de \u015fu an k\u0131\u015f mevsiminde odun, k\u00f6m\u00fcr kullan\u0131l\u0131yor. D\u0131\u015far\u0131 \u00e7\u0131kt\u0131\u011f\u0131n\u0131zda g\u00f6zleriniz yan\u0131yor. Hani hep \u00e7evre diyorduk; hani gelece\u011fimizin teminat\u0131 \u00e7ocuklar\u0131m\u0131za g\u00fczel bir d\u00fcnya b\u0131rakacakt\u0131k? Kentsel d\u00f6n\u00fc\u015f\u00fcmde yal\u0131t\u0131m, gaz t\u00fcketimini azaltan projeler var. Bu da hem enerjiyi tasarruflu kullanmam\u0131z\u0131 sa\u011flayacak hem \u00e7evreyi koruyan bir bilin\u00e7le hareket edece\u011fiz&#8221; ifadelerini kulland\u0131.<br \/>\n&#8220;B\u00fcy\u00fck\u015fehir&#8217;in kollar\u0131 s\u0131vamas\u0131yla 10 y\u0131la ihtiyac\u0131m\u0131z var&#8221;<br \/>\n&#8220;Ne kadar s\u00fcre sonra kentsel d\u00f6n\u00fc\u015f\u00fcm\u00fcn de\u011fi\u015fimini g\u00f6rece\u011fiz?&#8221; sorusu \u00fczerine Ba\u015fkan G\u00fcltak; &#8220;Bir yandan bizim \u00e7al\u0131\u015fmalar\u0131m\u0131z, bir yandan h\u00fck\u00fcmetimizin deste\u011fi ve Mersin B\u00fcy\u00fck\u015fehir Belediyesi&#8217;nin de kollar\u0131 s\u0131vamas\u0131yla 10 y\u0131la ihtiyac\u0131m\u0131z var. Siz yakla\u015f\u0131k 50-60 y\u0131ld\u0131r bir \u00e7ivi \u00e7ak\u0131lamam\u0131\u015f, hi\u00e7bir d\u00fczeltme yap\u0131lmam\u0131\u015f bir \u015fehri 5 y\u0131lda d\u00fczeltemezsiniz. Bu 5 y\u0131l\u0131m\u0131z\u0131n \u00fcst\u00fcne ayn\u0131 mant\u0131kla se\u00e7ilip \u00e7al\u0131\u015f\u0131p, h\u00fck\u00fcmetin ve B\u00fcy\u00fck\u015fehir&#8217;in de deste\u011fi ile \u00e7ok yol al\u0131r\u0131z&#8221; \u015feklinde konu\u015ftu.<br \/>\n&#8220;Sadece Akdeniz ve B\u00fcy\u00fck\u015fehir Belediyesi de yetmez&#8221;<br \/>\nG\u00fcltak; &#8220;Biz \u00c7ay Mahallesi&#8217;nde yerinde kentsel d\u00f6n\u00fc\u015f\u00fcme ba\u015flad\u0131\u011f\u0131m\u0131zda, B\u00fcy\u00fck\u015fehir Belediyesi de \u00c7ilek de ba\u015flamal\u0131d\u0131r. \u00c7ay Mahallesi, Turgut Reis, Bar\u0131\u015f Mahallesi gibi 3 yerde 5 senede 1.500 konut yap\u0131labilecek. \u0130mkanlar\u0131m\u0131z\u0131 daha da artt\u0131r\u0131rsak belki de 5 y\u0131l i\u00e7inde 5 bin konut yapaca\u011f\u0131z. Bu hareketlenmeyi g\u00f6ren \u00f6zel sekt\u00f6re ne yapacak? Onlar da bu i\u015fin i\u00e7ine girip rant elde edecekler. Yani sadece Akdeniz ve B\u00fcy\u00fck\u015fehir Belediyesi de yetmez. Biz bu i\u015fin \u00f6nderli\u011fini yap\u0131yor olaca\u011f\u0131z&#8221; dedi.<br \/>\n&#8220;B\u00fcy\u00fck\u015fehir &#8216;Ben de var\u0131m&#8217; demeli&#8221;<br \/>\nBa\u015fkan Mustafa G\u00fcltak; &#8220;Bar\u0131\u015f Mahallesi&#8217;nde h\u0131zla ilerlememizin sonucunda \u015fu an \u00f6zel sekt\u00f6r\u00fcn yer arad\u0131\u011f\u0131 bilgileri geliyor. Biz tetikleyiciyiz. B\u00fcy\u00fck\u015fehir &#8216;ben de var\u0131m&#8217; dedi\u011fi zaman \u00f6zel sekt\u00f6r de gelecektir. Mersin b\u00f6ylece 10 y\u0131l sonra \u00e7ok ciddi bir yol kat etmi\u015f olacakt\u0131r. Bu durum bizim Ankara ile kentin \u00f6n\u00fcn\u00fc a\u00e7acak projeler noktas\u0131nda g\u00fcc\u00fcm\u00fcz\u00fc de art\u0131racakt\u0131r. Biz &#8216;\u015eehrin imar\u0131n\u0131, yap\u0131s\u0131n\u0131 her \u015feyini de\u011fi\u015ftirdik. Siz de bir an \u00f6nce liman\u0131 ihale a\u015famas\u0131na getirin&#8217; diyebilece\u011fiz&#8221; ifadelerini kulland\u0131.<br \/>\n&#8220;Biz \u00f6nder olduk; \u0131\u015f\u0131\u011f\u0131 yakt\u0131k&#8221;<br \/>\nBa\u015fkan G\u00fcltak; &#8220;\u00c7orba, s\u00fct, g\u0131da maddesi elbette t\u00fcm belediyeler da\u011f\u0131t\u0131yor ama bunlar ne \u015fehrin ne de insanlar\u0131n kaderini de\u011fi\u015ftirir. Belediye ba\u015fkan\u0131n\u0131n g\u00f6revi sadece bunlar\u0131 da\u011f\u0131tmak, asfalt veya kald\u0131r\u0131m yapmak de\u011fildir. \u015eehrin kaderini de\u011fi\u015ftirecek hangi radikal kararlar\u0131 al\u0131yorsunuz? Ben bu vizyon do\u011frultusunda ilerliyorum. Bu \u015fehrin kaderini de\u011fi\u015ftirmek istiyorum. En \u00f6nemli kader de\u011fi\u015ftirecek y\u00f6ntemlerden bir tanesi limanlar\u0131m\u0131z\u0131 elde etmektir. Onun i\u00e7in de \u015fehri buna haz\u0131r hale getirmek zorunday\u0131z. Buradan insanlar\u0131m\u0131z faydalanacak. \u00c7evremiz, \u015fehrimiz zarar g\u00f6rmeyecek. Kentsel d\u00f6n\u00fc\u015f\u00fcm sadece bir il\u00e7e belediye ba\u015fkan\u0131n\u0131n yapaca\u011f\u0131 i\u015f de\u011fildir. \u015eehirdeki ilgili t\u00fcm STK&#8217;lar\u0131n bu konuda bir an \u00f6nce halk\u0131 bilin\u00e7lendirip, halkla beraber hareket etmemizi sa\u011flayacak \u00e7al\u0131\u015fmalar i\u00e7erisinde olmas\u0131n\u0131 temenni ediyorum. Bunlar\u0131n sonucunda herkes bu i\u015ften karl\u0131 \u00e7\u0131kacakt\u0131r. Ancak bug\u00fcne kadar yap\u0131lmam\u0131\u015f. Biz \u00f6nder olduk; \u0131\u015f\u0131\u011f\u0131 yakt\u0131k. Umar\u0131m bundan sonra da bu Mersin&#8217;de devam eder&#8221; diye konu\u015ftu. <\/p>\n","protected":false},"excerpt":{"rendered":"<p>TRT \u00c7ukurova Radyosu&#8217;na konu\u015fan Akdeniz Belediye Ba\u015fkan\u0131 Mustafa G\u00fcltak; ba\u015fta kent dinamikleri olmak \u00fczere t\u00fcm \u015fehri kentsel d\u00f6n\u00fc\u015f\u00fcm hakk\u0131nda destek vermeye \u00e7a\u011f\u0131rd\u0131. Ba\u015fkan G\u00fcltak; &#8220;Bir an \u00f6nce \u015fehrin kaderini de\u011fi\u015ftirecek &hellip; <a href=\"https:\/\/akdenizolaygazetesi.com\/?p=16227\" class=\"more-link\">Devam\u0131n\u0131 Oku&#8230;<\/a><\/p>\n","protected":false},"author":2,"featured_media":16228,"comment_status":"open","ping_status":"open","sticky":false,"template":"","format":"standard","meta":[],"categories":[8,2,3,5,6],"tags":[],"_links":{"self":[{"href":"https:\/\/akdenizolaygazetesi.com\/index.php?rest_route=\/wp\/v2\/posts\/16227"}],"collection":[{"href":"https:\/\/akdenizolaygazetesi.com\/index.php?rest_route=\/wp\/v2\/posts"}],"about":[{"href":"https:\/\/akdenizolaygazetesi.com\/index.php?rest_route=\/wp\/v2\/types\/post"}],"author":[{"embeddable":true,"href":"https:\/\/akdenizolaygazetesi.com\/index.php?rest_route=\/wp\/v2\/users\/2"}],"replies":[{"embeddable":true,"href":"https:\/\/akdenizolaygazetesi.com\/index.php?rest_route=%2Fwp%2Fv2%2Fcomments&post=16227"}],"version-history":[{"count":1,"href":"https:\/\/akdenizolaygazetesi.com\/index.php?rest_route=\/wp\/v2\/posts\/16227\/revisions"}],"predecessor-version":[{"id":16229,"href":"https:\/\/akdenizolaygazetesi.com\/index.php?rest_route=\/wp\/v2\/posts\/16227\/revisions\/16229"}],"wp:featuredmedia":[{"embeddable":true,"href":"https:\/\/akdenizolaygazetesi.com\/index.php?rest_route=\/wp\/v2\/media\/16228"}],"wp:attachment":[{"href":"https:\/\/akdenizolaygazetesi.com\/index.php?rest_route=%2Fwp%2Fv2%2Fmedia&parent=16227"}],"wp:term":[{"taxonomy":"category","embeddable":true,"href":"https:\/\/akdenizolaygazetesi.com\/index.php?rest_route=%2Fwp%2Fv2%2Fcategories&post=16227"},{"taxonomy":"post_tag","embeddable":true,"href":"https:\/\/akdenizolaygazetesi.com\/index.php?rest_route=%2Fwp%2Fv2%2Ftags&post=16227"}],"curies":[{"name":"wp","href":"https:\/\/api.w.org\/{rel}","templated":true}]}}