{"id":16230,"date":"2022-01-21T13:08:14","date_gmt":"2022-01-21T10:08:14","guid":{"rendered":"http:\/\/akdenizolaygazetesi.com\/?p=16230"},"modified":"2022-01-21T13:08:14","modified_gmt":"2022-01-21T10:08:14","slug":"mersinimizin-ve-ulkemizin-gelecegi-icin-ortak-hareket-etmemiz-sart","status":"publish","type":"post","link":"https:\/\/akdenizolaygazetesi.com\/?p=16230","title":{"rendered":"&#8220;Mersinimizin ve \u00dclkemizin Gelece\u011fi \u0130\u00e7in Ortak Hareket Etmemiz \u015eart&#8221;"},"content":{"rendered":"<p>Toroslar Belediye Ba\u015fkan\u0131 Ats\u0131z Af\u015f\u0131n Y\u0131lmaz, Mersin Sanayicileri ve \u0130\u015f \u0130nsanlar\u0131 Derne\u011fi&#8217;nin (MES\u0130AD) konu\u011fu oldu.<\/p>\n<p>Mersin&#8217;in ekonomik potansiyeli, lojistik g\u00fcc\u00fc, istihdam ve yat\u0131r\u0131m imk\u00e2nlar\u0131n\u0131n konu\u015fuldu\u011fu toplant\u0131da projelerini ve \u00e7al\u0131\u015fmalar\u0131n\u0131 anlatan Ba\u015fkan Y\u0131lmaz, MES\u0130AD Y\u00f6netim Kurulu \u00dcyeleri&#8217;nin kenti ilgilendiren sorular\u0131na tek tek yan\u0131t verdi ve \u00e7\u00f6z\u00fcm \u00f6nerilerini sundu.<\/p>\n<p>Mersin Sanayicileri ve \u0130\u015f \u0130nsanlar\u0131 Derne\u011fi, geleneksel olarak d\u00fczenledi\u011fi isti\u015fare toplant\u0131s\u0131nda 4 merkez il\u00e7e belediye ba\u015fkan\u0131n\u0131 a\u011f\u0131rlad\u0131.<\/p>\n<p>Toroslar Belediye Ba\u015fkan\u0131 Ats\u0131z Af\u015f\u0131n Y\u0131lmaz da konuk oldu\u011fu yemekli toplant\u0131da, T\u00fcrkiye&#8217;nin g\u00fcvenli gelece\u011fi \u00fczerinde uzla\u015fman\u0131n ve ilerlemenin \u00f6nemine dikkat \u00e7ekerek; &#8220;Farkl\u0131l\u0131klar\u0131m\u0131z\u0131 zenginlik olarak d\u00fc\u015f\u00fcnelim. \u00c7ocuklar\u0131m\u0131z\u0131n daha g\u00fc\u00e7l\u00fc bir \u00fclkede ya\u015famas\u0131 i\u00e7in bir araya gelip ortak g\u00fc\u00e7l\u00fc gelece\u011fimize do\u011fru hareket etmemiz gerekir&#8221; dedi.<\/p>\n<p>&#8220;Bu \u0130sti\u015farelerle Faydal\u0131 Sonu\u00e7lar Elde Edece\u011fiz&#8221;<\/p>\n<p>&#8220;Dinamikleri s\u00fcrekli anlay\u0131p, alg\u0131lay\u0131p, g\u00fcncelleyip buna uygun projeler yapmak bizim i\u00e7in \u00f6nemli&#8221; diyen Ba\u015fkan Y\u0131lmaz; &#8220;5 y\u0131l \u00f6nce hepimiz, ayn\u0131 fikirde, ayn\u0131 \u015feyi yapmay\u0131 d\u00fc\u015f\u00fcnm\u00fc\u015f olsak bile yapaca\u011f\u0131m\u0131z t\u00fcm i\u015fleri, t\u00fcm projeleri, ki\u015fisel ve ticari olarak pozisyonlar\u0131m\u0131z\u0131 yeni dinamiklere g\u00f6re olu\u015fturmak mecburiyetindeyiz. MES\u0130AD, Ticaret ve Sanayi Odam\u0131z gibi siyaset \u00fcst\u00fc duran, i\u00e7inde bulundu\u011fumuz networkun her oyuncusuyla ileti\u015fim kurup do\u011fru stratejiler kurma noktas\u0131nda \u00e7aba g\u00f6steren herkese ayr\u0131 ayr\u0131 te\u015fekk\u00fcr ediyorum&#8221; diye konu\u015ftu.<\/p>\n<p>Toplant\u0131da; Mersin Sanayicileri ve \u0130\u015f \u0130nsanlar\u0131 Derne\u011fi Y\u00f6netim Kurulu Ba\u015fkan\u0131 Hasan Engin, Mersin Ticaret ve Sanayi Odas\u0131 (MTSO) Y\u00f6netim Kurulu Ba\u015fkan\u0131 Ayhan K\u0131z\u0131ltan ve Meclis Ba\u015fkan\u0131 Hamit \u0130zol, Mersin Tarsus Organize Sanayi B\u00f6lgesi (MTOSB) Y\u00f6netim Kurulu Ba\u015fkan\u0131 Sabri Tekli, MES\u0130AD Y\u00f6netim Kurulu \u00dcyeleri ve i\u015f insanlar\u0131 yer ald\u0131.<\/p>\n<p>Mersin Sanayicileri ve \u0130\u015f \u0130nsanlar\u0131 Derne\u011fi Y\u00f6netim Kurulu Ba\u015fkan\u0131 Hasan Engin, geleneksel olarak d\u00fczenledikleri bu bula\u015fmada merkez belediye ba\u015fkanlar\u0131n\u0131 a\u011f\u0131rlamaktan memnuniyet duyduklar\u0131n\u0131 belirterek; &#8220;Mersinimiz i\u00e7in bir araday\u0131z. Belediye Ba\u015fkanlar\u0131m\u0131z, hizmetlerini anlatacaklar. Kendilerine te\u015fekk\u00fcr ediyoruz&#8221; ifadelerini kulland\u0131.<\/p>\n<p>Mersin Ticaret ve Sanayi Odas\u0131 Ba\u015fkan\u0131 Ayhan K\u0131z\u0131ltan da Mersin&#8217;i bir b\u00fct\u00fcn olarak ele alman\u0131n \u00f6nemine de\u011finerek; &#8220;Bir il\u00e7enin konusu di\u011fer il\u00e7emizi de ilgilendiriyor. Mersin&#8217;i bir b\u00fct\u00fcn olarak g\u00f6rmek ve koordineli \u00e7al\u0131\u015fmam\u0131z laz\u0131m&#8221; dedi.<\/p>\n<p>Ba\u015fkan Y\u0131lmaz; &#8220;\u00c7evik Belediyeyiz&#8221;<\/p>\n<p>Soru ve cevap \u015feklinde devam eden toplanda \u00e7al\u0131\u015fmalar\u0131n\u0131 payla\u015fan Ba\u015fkan Y\u0131lmaz, T\u00fcrkiye&#8217;de ilk olarak \u00c7evik Belediyecilik anlay\u0131\u015f\u0131n\u0131 benimseyen belediye olduklar\u0131na dikkat \u00e7ekti.<\/p>\n<p>Ba\u015fkan Y\u0131lmaz; &#8220;\u00c7evik bir ekibimiz var. Bunun sonu\u00e7lar\u0131n\u0131 h\u0131zl\u0131 bir \u015fekilde ald\u0131k. Bir\u00e7ok proje, ulusal ve uluslararas\u0131 etkinlikler yapt\u0131k. 17 g\u00fcnl\u00fck tam kapanma s\u00fcrecinde G\u00f6n\u00fcl Ba\u011f\u0131 projemizi hayata ge\u00e7irdik. Vatanda\u015f\u0131m\u0131z\u0131n ne derdi ve s\u0131k\u0131nt\u0131s\u0131 var ise 444 41 33 numaral\u0131 telefondan bize ula\u015fmalar\u0131n\u0131 istedik. Farkl\u0131 birimlerde \u00e7al\u0131\u015fan personelimiz bu projede yer ald\u0131. 60 bin \u00e7a\u011fr\u0131ya cevap verdik&#8221; diye konu\u015ftu.<\/p>\n<p>&#8220;Mersin&#8217;de Ana Konteyner Liman\u0131 i\u00e7in \u0130rademizi Ortaya Koymaya Haz\u0131r\u0131z&#8221;<\/p>\n<p>Dijital d\u00fcnyada lojisti\u011fin son derece \u00f6nemli oldu\u011funu s\u00f6yleyen Ba\u015fkan Y\u0131lmaz; &#8220;Lojistik sekt\u00f6r\u00fcnde faaliyet g\u00f6steren arkada\u015flar\u0131m\u0131zla bir araya geldi\u011fimizde Mersin&#8217;in lojistik merkezi olmas\u0131n\u0131n, d\u00fcnyay\u0131 alg\u0131laman\u0131n, do\u011fru \u015fekilde, do\u011fru pozisyon alman\u0131n \u00f6nemine, kentimizin daha da g\u00fc\u00e7lenmesine ve b\u00fcy\u00fcmesine dikkat \u00e7ekmi\u015ftik.  Kent olarak, siyaset \u00fcst\u00fc bir bak\u0131\u015fla ortak stratejiler belirlersek, ilerlemememiz ve geli\u015fmememiz i\u00e7in hi\u00e7bir sebep yok&#8221; ifadelerini kulland\u0131.<\/p>\n<p>Mersin&#8217;de ana konteyner liman\u0131 ile ilgili olarak 2019 y\u0131l\u0131n\u0131n Aral\u0131k ay\u0131nda bu projenin yat\u0131r\u0131m plan\u0131 i\u00e7erisinde g\u00f6r\u00fclmedi\u011fini dile getirdiklerini de hat\u0131rlatan Ba\u015fkan Y\u0131lmaz; &#8220;Kentimizin problemlerini hep beraber \u00e7\u00f6zeceksek, gelece\u011fimizi planlayacaksak ve buna uygun ad\u0131mlar atacaksak hep beraber bir do\u011fru \u00fczerinde birle\u015fip ona g\u00f6re hareket etmemiz gerekir. Mersinimizin ve T\u00fcrkiye&#8217;nin gelece\u011fi i\u00e7in ana konteyner liman\u0131 gereklidir. Bu konuda yap\u0131lacak \u00e7al\u0131\u015fmaya kat\u0131lmaya ve irademizi ortaya koymaya haz\u0131r\u0131z&#8221; \u015feklinde konu\u015ftu.<\/p>\n","protected":false},"excerpt":{"rendered":"<p>Toroslar Belediye Ba\u015fkan\u0131 Ats\u0131z Af\u015f\u0131n Y\u0131lmaz, Mersin Sanayicileri ve \u0130\u015f \u0130nsanlar\u0131 Derne\u011fi&#8217;nin (MES\u0130AD) konu\u011fu oldu. Mersin&#8217;in ekonomik potansiyeli, lojistik g\u00fcc\u00fc, istihdam ve yat\u0131r\u0131m imk\u00e2nlar\u0131n\u0131n konu\u015fuldu\u011fu toplant\u0131da projelerini ve \u00e7al\u0131\u015fmalar\u0131n\u0131 anlatan &hellip; <a href=\"https:\/\/akdenizolaygazetesi.com\/?p=16230\" class=\"more-link\">Devam\u0131n\u0131 Oku&#8230;<\/a><\/p>\n","protected":false},"author":2,"featured_media":16231,"comment_status":"open","ping_status":"open","sticky":false,"template":"","format":"standard","meta":[],"categories":[3,5],"tags":[],"_links":{"self":[{"href":"https:\/\/akdenizolaygazetesi.com\/index.php?rest_route=\/wp\/v2\/posts\/16230"}],"collection":[{"href":"https:\/\/akdenizolaygazetesi.com\/index.php?rest_route=\/wp\/v2\/posts"}],"about":[{"href":"https:\/\/akdenizolaygazetesi.com\/index.php?rest_route=\/wp\/v2\/types\/post"}],"author":[{"embeddable":true,"href":"https:\/\/akdenizolaygazetesi.com\/index.php?rest_route=\/wp\/v2\/users\/2"}],"replies":[{"embeddable":true,"href":"https:\/\/akdenizolaygazetesi.com\/index.php?rest_route=%2Fwp%2Fv2%2Fcomments&post=16230"}],"version-history":[{"count":1,"href":"https:\/\/akdenizolaygazetesi.com\/index.php?rest_route=\/wp\/v2\/posts\/16230\/revisions"}],"predecessor-version":[{"id":16232,"href":"https:\/\/akdenizolaygazetesi.com\/index.php?rest_route=\/wp\/v2\/posts\/16230\/revisions\/16232"}],"wp:featuredmedia":[{"embeddable":true,"href":"https:\/\/akdenizolaygazetesi.com\/index.php?rest_route=\/wp\/v2\/media\/16231"}],"wp:attachment":[{"href":"https:\/\/akdenizolaygazetesi.com\/index.php?rest_route=%2Fwp%2Fv2%2Fmedia&parent=16230"}],"wp:term":[{"taxonomy":"category","embeddable":true,"href":"https:\/\/akdenizolaygazetesi.com\/index.php?rest_route=%2Fwp%2Fv2%2Fcategories&post=16230"},{"taxonomy":"post_tag","embeddable":true,"href":"https:\/\/akdenizolaygazetesi.com\/index.php?rest_route=%2Fwp%2Fv2%2Ftags&post=16230"}],"curies":[{"name":"wp","href":"https:\/\/api.w.org\/{rel}","templated":true}]}}