{"id":16233,"date":"2022-01-21T13:10:18","date_gmt":"2022-01-21T10:10:18","guid":{"rendered":"http:\/\/akdenizolaygazetesi.com\/?p=16233"},"modified":"2022-01-21T13:10:18","modified_gmt":"2022-01-21T10:10:18","slug":"kariyer-merkezi-gelecege-hazirliyor","status":"publish","type":"post","link":"https:\/\/akdenizolaygazetesi.com\/?p=16233","title":{"rendered":"KAR\u0130YER MERKEZ\u0130 GELECE\u011eE HAZIRLIYOR"},"content":{"rendered":"<p>Mersin B\u00fcy\u00fck\u015fehir Belediye Ba\u015fkan\u0131 Vahap Se\u00e7er \u00f6nc\u00fcl\u00fc\u011f\u00fcnde kurulan Kariyer Merkezi, i\u015f arayan, \u00f6\u011frenci ve i\u015fverenlere y\u00f6nelik rehberlik hizmeti sunulmas\u0131, B\u00fcy\u00fck\u015fehir ile kurumlar aras\u0131nda i\u015f birli\u011fi k\u00fclt\u00fcr\u00fcn\u00fcn kurulmas\u0131 ve s\u00fcrd\u00fcr\u00fclebilir projeleri hayata ge\u00e7irmek \u00fczere \u00e7al\u0131\u015fmalar\u0131na devam ediyor. &#8216;Yetenek D\u00f6n\u00fc\u015f\u00fcm Projesi&#8217;ni hayata ge\u00e7iren Kariyer Merkezi, proje kapsam\u0131nda genel muhasebe alan\u0131nda sertifika program\u0131 a\u00e7t\u0131. Programa kat\u0131lmak isteyen adaylar, hem se\u00e7melerde yer ald\u0131 hem de m\u00fclakat deneyimi kazand\u0131.<br \/>\nProjenin mesleki e\u011fitim aya\u011f\u0131 ba\u015fl\u0131yor<br \/>\nB\u00fcy\u00fck\u015fehir Belediyesi Kariyer Merkezi koordinesinde, \u0130l Milli E\u011fitim M\u00fcd\u00fcrl\u00fc\u011f\u00fc i\u015f birli\u011finde ba\u015flat\u0131lan proje bir\u00e7ok s\u00fcre\u00e7ten olu\u015fuyor. &#8220;Mesleki E\u011fitim, CV Olu\u015fturma, M\u00fclakat Sim\u00fclasyonlar\u0131, Profesyonellerle Deneyim Payla\u015f\u0131m\u0131, Ko\u00e7luk, \u0130\u015f Arama Dan\u0131\u015fmanl\u0131\u011f\u0131&#8221; gibi bir\u00e7ok hizmet bu projeyle bir araya geliyor. Projenin mesleki e\u011fitim aya\u011f\u0131nda genel muhasebe alan\u0131nda kendini geli\u015ftirmek isteyen adaylar ile ilk se\u00e7meler komisyon e\u015fli\u011finde yap\u0131ld\u0131. Kariyer Merkezi ve \u0130l Milli E\u011fitim M\u00fcd\u00fcrl\u00fc\u011f\u00fc Kariyer Geli\u015ftirme ve Uygulama Merkezi g\u00f6revlileri e\u015fli\u011finde ger\u00e7ekle\u015ftirilen se\u00e7melerde adaylar projenin i\u00e7eri\u011fi konusunda bilgilendirildi.<br \/>\nGenel muhasebeye y\u00f6nelik ilk se\u00e7meler yap\u0131ld\u0131<br \/>\nGenel muhasebe alan\u0131nda ger\u00e7ekle\u015ftirilen se\u00e7melere yakla\u015f\u0131k 50 aday kat\u0131ld\u0131. 27 Ocak 2022&#8217;de Merkez Halk E\u011fitim&#8217;de ba\u015flayacak programa 15 aday kat\u0131lacak.<br \/>\nProje kapsam\u0131nda &#8220;Muhasebe Finans, Bili\u015fim Teknolojileri, D\u0131\u015f Ticaret-Lojistik, Sat\u0131\u015f-Pazarlama, Y\u00f6netim-Organizasyon&#8221; mod\u00fcllerinde kurslar\u0131n a\u00e7\u0131lmas\u0131na devam edilecek. Proje hakk\u0131nda bilgi almak isteyen veya ba\u015fvurmak isteyenler, B\u00fcy\u00fck\u015fehir Belediyesi Kariyer Merkezi M\u00fcd\u00fcrl\u00fc\u011f\u00fc&#8217;ne m\u00fcracaatlar\u0131n\u0131 yapabiliyor.<br \/>\n&#8216;Yetenek D\u00f6n\u00fc\u015f\u00fcm Projesi&#8217;nin kapsam\u0131n\u0131n geni\u015fletilmesi ama\u00e7lan\u0131yor<br \/>\nKariyer Merkezi M\u00fcd\u00fcr\u00fc Serkan \u00d6zada, uzun d\u00f6nemden beri \u00fczerinde \u00e7al\u0131\u015ft\u0131klar\u0131 Yetenek D\u00f6n\u00fc\u015f\u00fcm Projesi&#8217;nin, dijital devrimin i\u015f g\u00fcc\u00fc piyasalar\u0131 \u00fczerinde yaratt\u0131\u011f\u0131 de\u011fi\u015fime i\u015f g\u00fcc\u00fcn\u00fcn adapte edilme projesi oldu\u011funu belirtti. Dijital teknolojilerin firmalar\u0131n hem \u00e7al\u0131\u015fma bi\u00e7imlerini hem de i\u015f g\u00fcc\u00fcnden beklenilen yetenek setlerini de\u011fi\u015ftirdi\u011fini ifade eden \u00d6zada, bu proje ile hem i\u015f g\u00fcc\u00fcn\u00fcn istihdam edilebilirli\u011fine katk\u0131 sunmak istediklerini hem de Mersin&#8217;de ilgili bir\u00e7ok kurum ve kurulu\u015fun i\u015f birli\u011finde projenin i\u00e7eri\u011fini geni\u015fletmeyi ama\u00e7lad\u0131klar\u0131n\u0131 s\u00f6yledi.<\/p>\n","protected":false},"excerpt":{"rendered":"<p>Mersin B\u00fcy\u00fck\u015fehir Belediye Ba\u015fkan\u0131 Vahap Se\u00e7er \u00f6nc\u00fcl\u00fc\u011f\u00fcnde kurulan Kariyer Merkezi, i\u015f arayan, \u00f6\u011frenci ve i\u015fverenlere y\u00f6nelik rehberlik hizmeti sunulmas\u0131, B\u00fcy\u00fck\u015fehir ile kurumlar aras\u0131nda i\u015f birli\u011fi k\u00fclt\u00fcr\u00fcn\u00fcn kurulmas\u0131 ve s\u00fcrd\u00fcr\u00fclebilir projeleri &hellip; <a href=\"https:\/\/akdenizolaygazetesi.com\/?p=16233\" class=\"more-link\">Devam\u0131n\u0131 Oku&#8230;<\/a><\/p>\n","protected":false},"author":2,"featured_media":16234,"comment_status":"open","ping_status":"open","sticky":false,"template":"","format":"standard","meta":[],"categories":[1,2,3,5],"tags":[],"_links":{"self":[{"href":"https:\/\/akdenizolaygazetesi.com\/index.php?rest_route=\/wp\/v2\/posts\/16233"}],"collection":[{"href":"https:\/\/akdenizolaygazetesi.com\/index.php?rest_route=\/wp\/v2\/posts"}],"about":[{"href":"https:\/\/akdenizolaygazetesi.com\/index.php?rest_route=\/wp\/v2\/types\/post"}],"author":[{"embeddable":true,"href":"https:\/\/akdenizolaygazetesi.com\/index.php?rest_route=\/wp\/v2\/users\/2"}],"replies":[{"embeddable":true,"href":"https:\/\/akdenizolaygazetesi.com\/index.php?rest_route=%2Fwp%2Fv2%2Fcomments&post=16233"}],"version-history":[{"count":1,"href":"https:\/\/akdenizolaygazetesi.com\/index.php?rest_route=\/wp\/v2\/posts\/16233\/revisions"}],"predecessor-version":[{"id":16235,"href":"https:\/\/akdenizolaygazetesi.com\/index.php?rest_route=\/wp\/v2\/posts\/16233\/revisions\/16235"}],"wp:featuredmedia":[{"embeddable":true,"href":"https:\/\/akdenizolaygazetesi.com\/index.php?rest_route=\/wp\/v2\/media\/16234"}],"wp:attachment":[{"href":"https:\/\/akdenizolaygazetesi.com\/index.php?rest_route=%2Fwp%2Fv2%2Fmedia&parent=16233"}],"wp:term":[{"taxonomy":"category","embeddable":true,"href":"https:\/\/akdenizolaygazetesi.com\/index.php?rest_route=%2Fwp%2Fv2%2Fcategories&post=16233"},{"taxonomy":"post_tag","embeddable":true,"href":"https:\/\/akdenizolaygazetesi.com\/index.php?rest_route=%2Fwp%2Fv2%2Ftags&post=16233"}],"curies":[{"name":"wp","href":"https:\/\/api.w.org\/{rel}","templated":true}]}}