{"id":16244,"date":"2022-01-22T19:26:16","date_gmt":"2022-01-22T16:26:16","guid":{"rendered":"http:\/\/akdenizolaygazetesi.com\/?p=16244"},"modified":"2022-01-22T19:26:16","modified_gmt":"2022-01-22T16:26:16","slug":"baskan-yilmaz-cocuklarimizin-yuzlerindeki-mutluluk-her-seye-deger","status":"publish","type":"post","link":"https:\/\/akdenizolaygazetesi.com\/?p=16244","title":{"rendered":"Ba\u015fkan Y\u0131lmaz; &#8220;\u00c7ocuklar\u0131m\u0131z\u0131n Y\u00fczlerindeki Mutluluk Her \u015eeye De\u011fer&#8221;"},"content":{"rendered":"<p>Yar\u0131y\u0131l tatilleri ba\u015flayan \u00f6\u011frenciler, Toroslar&#8217;\u0131n zirvesinden okul bah\u00e7esine getirilen karla doyas\u0131ya e\u011flendi.<\/p>\n<p>Toroslar Belediye Ba\u015fkan\u0131 Ats\u0131z Af\u015f\u0131n Y\u0131lmaz, karne heyecan\u0131 ya\u015fayan \u00f6\u011frencileri &#8220;kar&#8221; s\u00fcrpriziyle sevindirdi.<\/p>\n<p>Ba\u015fkan Y\u0131lmaz, il\u00e7enin e\u011fitim kurumlar\u0131ndan Toroslar \u015eehit Fikri Dilsiz \u0130lkokulu \u00f6\u011frencilerinin sosyal medya \u00fczerinden iletti\u011fi kar iste\u011fine kay\u0131ts\u0131z kalmad\u0131.<\/p>\n<p>Toroslar Belediyesi ekipleri, \u00f6\u011frenciler i\u00e7in Toroslar&#8217;\u0131n yaylalar\u0131ndan 4 kamyon kar getirerek okul bah\u00e7esine d\u00f6kt\u00fc. Karne g\u00fcn\u00fcnde kar s\u00fcrpriziyle kar\u015f\u0131la\u015fan \u00f6\u011frenciler, kartopu oynad\u0131, kardan adam yapman\u0131n keyfini ya\u015fad\u0131.<\/p>\n<p>&#8220;\u0130lk Kez Kar Heyecan\u0131 Ya\u015fad\u0131lar&#8221;<\/p>\n<p>Aralar\u0131nda ilk kez karla tan\u0131\u015fan \u00f6\u011frenciler de bu s\u00fcrpriz kar\u015f\u0131s\u0131nda \u015fa\u015fk\u0131nl\u0131\u011f\u0131n\u0131 gizleyemedi.<\/p>\n<p>Daha \u00f6nce hi\u00e7 kar g\u00f6rmediklerini belirten \u00f6\u011frenciler, kendilerine b\u00f6yle bir imkan\u0131 sa\u011flad\u0131\u011f\u0131 i\u00e7in Toroslar Belediye Ba\u015fkan\u0131 Ats\u0131z Af\u015f\u0131n Y\u0131lmaz&#8217;a te\u015fekk\u00fcr etti.<\/p>\n<p>Duygular\u0131n\u0131 payla\u015fan \u00e7ocuklar; &#8220;Arkada\u015flar\u0131m\u0131zla kartopu oynad\u0131k, kardan adam yapt\u0131k. Karne g\u00fcn\u00fcm\u00fcz\u00fcn en g\u00fczel an\u0131n\u0131 ya\u015fad\u0131k. \u00c7ok e\u011flenceliydi. Ba\u015fkan\u0131m\u0131z Ats\u0131z Af\u015f\u0131n Y\u0131lmaz&#8217;a bizi karla bulu\u015fturdu\u011fu i\u00e7in te\u015fekk\u00fcr ederiz&#8221; dediler.<\/p>\n<p>Okul bah\u00e7esinde yap\u0131lan kar etkinli\u011finde, m\u00fczik \u015f\u00f6leni e\u015fli\u011finde halat \u00e7ekme yar\u0131\u015fmas\u0131 da yap\u0131ld\u0131. Etkinli\u011fe, en g\u00fczel kardan adam yar\u0131\u015fmas\u0131 damga vurdu. Yar\u0131\u015fmada dereceye girenlere \u00f6d\u00fclleri Toroslar Milli E\u011fitim M\u00fcd\u00fcr\u00fc Nazmi Kendigelen ve Toroslar Belediyesi yetkilileri taraf\u0131ndan takdim edildi.<\/p>\n<p>Ba\u015fkan Y\u0131lmaz; &#8220;\u00c7ocuklar\u0131m\u0131z\u0131n Y\u00fczlerindeki Mutluluk Her \u015eeye De\u011fer&#8221;<\/p>\n<p>Toroslar Belediye Ba\u015fkan\u0131 Ats\u0131z Af\u015f\u0131n Y\u0131lmaz da e\u011fitim \u00f6\u011fretim y\u0131l\u0131n\u0131n ilk d\u00f6nemini tamamlayan t\u00fcm \u00f6\u011frencileri tebrik ederek; &#8220;Kar \u00f6zlemi ya\u015fayan \u00f6\u011frencilerimizi karne g\u00fcn\u00fcnde karla bulu\u015fturduk. Onlar\u0131n heyecan\u0131n\u0131 ve mutlulu\u011funu g\u00f6rmek bizleri de \u00e7ok sevindirdi&#8221; ifadelerini kulland\u0131.<\/p>\n<p>Ba\u015fkan Y\u0131lmaz; &#8220;Gelece\u011fimizin teminat\u0131 \u00e7ocuklar\u0131m\u0131z ve gen\u00e7lerimiz, salg\u0131na ra\u011fmen b\u00fcy\u00fck bir \u00f6zveriyle y\u00fcz y\u00fcze e\u011fitimlerine devam ederek e\u011fitim ve \u00f6\u011fretim y\u0131l\u0131n\u0131n ilk d\u00f6nemini tamamlad\u0131lar. Ba\u015far\u0131lar diliyor, g\u00f6sterdikleri emek ve gayretten dolay\u0131 t\u00fcm \u00f6\u011frencilerimizi, \u00f6\u011fretmenlerimizi kutluyoruz&#8221; diye konu\u015ftu.<\/p>\n<p>Ba\u015fkan Y\u0131lmaz&#8217;dan Toroslar Kar Festivali&#8217;ne Davet<\/p>\n<p>Ba\u015fkan Y\u0131lmaz, 29-30 Ocak tarihinde Arslank\u00f6y&#8217;de bu y\u0131l ikincisini ger\u00e7ekle\u015ftirecekleri Toroslar Kar Festivali&#8217;ne de t\u00fcm vatanda\u015flar\u0131 davet etti.<\/p>\n<p>Ba\u015fkan Y\u0131lmaz; &#8220;29 Ocak Cumartesi ve 30 Ocak Pazar g\u00fcn\u00fc olmak \u00fczere 2 g\u00fcn s\u00fcrecek festivalimizi bu y\u0131l da dolu dolu etkinliklerimizle ta\u00e7land\u0131raca\u011f\u0131z. Herkesi, festivalin co\u015fkusuna kat\u0131lmaya davet ediyorum&#8221; \u015feklinde konu\u015ftu.<\/p>\n","protected":false},"excerpt":{"rendered":"<p>Yar\u0131y\u0131l tatilleri ba\u015flayan \u00f6\u011frenciler, Toroslar&#8217;\u0131n zirvesinden okul bah\u00e7esine getirilen karla doyas\u0131ya e\u011flendi. Toroslar Belediye Ba\u015fkan\u0131 Ats\u0131z Af\u015f\u0131n Y\u0131lmaz, karne heyecan\u0131 ya\u015fayan \u00f6\u011frencileri &#8220;kar&#8221; s\u00fcrpriziyle sevindirdi. Ba\u015fkan Y\u0131lmaz, il\u00e7enin e\u011fitim kurumlar\u0131ndan &hellip; <a href=\"https:\/\/akdenizolaygazetesi.com\/?p=16244\" class=\"more-link\">Devam\u0131n\u0131 Oku&#8230;<\/a><\/p>\n","protected":false},"author":2,"featured_media":16245,"comment_status":"open","ping_status":"open","sticky":false,"template":"","format":"standard","meta":[],"categories":[3,5],"tags":[],"_links":{"self":[{"href":"https:\/\/akdenizolaygazetesi.com\/index.php?rest_route=\/wp\/v2\/posts\/16244"}],"collection":[{"href":"https:\/\/akdenizolaygazetesi.com\/index.php?rest_route=\/wp\/v2\/posts"}],"about":[{"href":"https:\/\/akdenizolaygazetesi.com\/index.php?rest_route=\/wp\/v2\/types\/post"}],"author":[{"embeddable":true,"href":"https:\/\/akdenizolaygazetesi.com\/index.php?rest_route=\/wp\/v2\/users\/2"}],"replies":[{"embeddable":true,"href":"https:\/\/akdenizolaygazetesi.com\/index.php?rest_route=%2Fwp%2Fv2%2Fcomments&post=16244"}],"version-history":[{"count":1,"href":"https:\/\/akdenizolaygazetesi.com\/index.php?rest_route=\/wp\/v2\/posts\/16244\/revisions"}],"predecessor-version":[{"id":16246,"href":"https:\/\/akdenizolaygazetesi.com\/index.php?rest_route=\/wp\/v2\/posts\/16244\/revisions\/16246"}],"wp:featuredmedia":[{"embeddable":true,"href":"https:\/\/akdenizolaygazetesi.com\/index.php?rest_route=\/wp\/v2\/media\/16245"}],"wp:attachment":[{"href":"https:\/\/akdenizolaygazetesi.com\/index.php?rest_route=%2Fwp%2Fv2%2Fmedia&parent=16244"}],"wp:term":[{"taxonomy":"category","embeddable":true,"href":"https:\/\/akdenizolaygazetesi.com\/index.php?rest_route=%2Fwp%2Fv2%2Fcategories&post=16244"},{"taxonomy":"post_tag","embeddable":true,"href":"https:\/\/akdenizolaygazetesi.com\/index.php?rest_route=%2Fwp%2Fv2%2Ftags&post=16244"}],"curies":[{"name":"wp","href":"https:\/\/api.w.org\/{rel}","templated":true}]}}