{"id":16260,"date":"2022-01-23T15:41:58","date_gmt":"2022-01-23T12:41:58","guid":{"rendered":"http:\/\/akdenizolaygazetesi.com\/?p=16260"},"modified":"2022-01-23T15:41:58","modified_gmt":"2022-01-23T12:41:58","slug":"vatandaslar-baskan-yilmaza-tesekkur-etti","status":"publish","type":"post","link":"https:\/\/akdenizolaygazetesi.com\/?p=16260","title":{"rendered":"Vatanda\u015flar, Ba\u015fkan Y\u0131lmaz&#8217;a Te\u015fekk\u00fcr Etti"},"content":{"rendered":"<p>Toroslar Belediyesi, il\u00e7enin y\u00fcksek kesimlerinde devam eden yo\u011fun kar ya\u011f\u0131\u015f\u0131ndan etkilenen vatanda\u015flar\u0131n ve hastalar\u0131n imdad\u0131na ko\u015ftu.<\/p>\n<p>Belediye, yaylalarda bir metreyi bulan kar kal\u0131nl\u0131\u011f\u0131 nedeniyle yollar\u0131n kapanmamas\u0131 i\u00e7in 7\/24 teyakkuz halinde \u00e7al\u0131\u015f\u0131yor.<\/p>\n<p>Karla M\u00fccadele Ekipleri bir yandan i\u015f makineleriyle yol a\u00e7ma \u00e7al\u0131\u015fmalar\u0131n\u0131 s\u00fcrd\u00fcr\u00fcrken, Acil Durum Afet Ekipleri de gece saatlerinde yolda mahsur kalan vatanda\u015flara an\u0131nda ula\u015ft\u0131.<\/p>\n<p>Gelen yard\u0131m \u00e7a\u011fr\u0131s\u0131 \u00fczerine harekete ge\u00e7en ekipler; Arslank\u00f6y, Kurudere, G\u00fczelyayla, Kepirli, So\u011fucak ve Ayvagedi\u011fi Mahalleleri&#8217;nde kara g\u00f6m\u00fclen ara\u00e7 sahiplerini kurtard\u0131.<\/p>\n<p>Vatanda\u015flar, Ba\u015fkan Y\u0131lmaz&#8217;a Te\u015fekk\u00fcr Etti<\/p>\n<p>Zor anlar ya\u015fayan vatanda\u015flar ise yap\u0131lan h\u0131zl\u0131 m\u00fcdahaleden dolay\u0131 memnuniyetlerini dile getirerek, Toroslar Belediye Ba\u015fkan\u0131 Ats\u0131z Af\u015f\u0131n Y\u0131lmaz&#8217;a ve ekibine te\u015fekk\u00fcr etti.<\/p>\n<p>Ba\u015fkan Y\u0131lmaz; &#8220;\u0130\u015f Makinelerimiz ve Ekipmanlar\u0131m\u0131zla Teyakkuzday\u0131z&#8221;<\/p>\n<p>Toroslar Belediye Ba\u015fkan\u0131 Ats\u0131z Af\u015f\u0131n Y\u0131lmaz da Karla M\u00fccadele ve Acil Durum Afet Ekiplerinin 7\/24 esas\u0131na g\u00f6re teyakkuz halinde \u00e7al\u0131\u015ft\u0131\u011f\u0131n\u0131 s\u00f6yledi.<\/p>\n<p>Ba\u015fkan Y\u0131lmaz; &#8220;Yaylalar\u0131m\u0131zda kar ya\u011f\u0131\u015f\u0131 devam ediyor. Kar ya\u011f\u0131\u015f\u0131n\u0131n yo\u011fun oldu\u011fu y\u00fcksek kesimlerde ya\u015fayan hem\u015fehrilerimizin sorunsuz bir k\u0131\u015f mevsimi ya\u015famalar\u0131 i\u00e7in i\u015f makinelerimizi ve ekipmanlar\u0131m\u0131z\u0131 bu b\u00f6lgelere seferber etmi\u015f durumday\u0131z. Hem\u015fehrilerimiz, herhangi bir olumsuzluk durumunda belediyemizin 0324 322 72 00 numaral\u0131 telefonunu arayarak ekiplerimize ula\u015fabilirler. Ara\u00e7 sahiplerinden de iste\u011fimiz yola tedbirli \u00e7\u0131kmalar\u0131 ve dikkatli olmalar\u0131d\u0131r&#8221; dedi.<\/p>\n","protected":false},"excerpt":{"rendered":"<p>Toroslar Belediyesi, il\u00e7enin y\u00fcksek kesimlerinde devam eden yo\u011fun kar ya\u011f\u0131\u015f\u0131ndan etkilenen vatanda\u015flar\u0131n ve hastalar\u0131n imdad\u0131na ko\u015ftu. Belediye, yaylalarda bir metreyi bulan kar kal\u0131nl\u0131\u011f\u0131 nedeniyle yollar\u0131n kapanmamas\u0131 i\u00e7in 7\/24 teyakkuz halinde &hellip; <a href=\"https:\/\/akdenizolaygazetesi.com\/?p=16260\" class=\"more-link\">Devam\u0131n\u0131 Oku&#8230;<\/a><\/p>\n","protected":false},"author":2,"featured_media":16261,"comment_status":"open","ping_status":"open","sticky":false,"template":"","format":"standard","meta":[],"categories":[2,3,5],"tags":[],"_links":{"self":[{"href":"https:\/\/akdenizolaygazetesi.com\/index.php?rest_route=\/wp\/v2\/posts\/16260"}],"collection":[{"href":"https:\/\/akdenizolaygazetesi.com\/index.php?rest_route=\/wp\/v2\/posts"}],"about":[{"href":"https:\/\/akdenizolaygazetesi.com\/index.php?rest_route=\/wp\/v2\/types\/post"}],"author":[{"embeddable":true,"href":"https:\/\/akdenizolaygazetesi.com\/index.php?rest_route=\/wp\/v2\/users\/2"}],"replies":[{"embeddable":true,"href":"https:\/\/akdenizolaygazetesi.com\/index.php?rest_route=%2Fwp%2Fv2%2Fcomments&post=16260"}],"version-history":[{"count":1,"href":"https:\/\/akdenizolaygazetesi.com\/index.php?rest_route=\/wp\/v2\/posts\/16260\/revisions"}],"predecessor-version":[{"id":16262,"href":"https:\/\/akdenizolaygazetesi.com\/index.php?rest_route=\/wp\/v2\/posts\/16260\/revisions\/16262"}],"wp:featuredmedia":[{"embeddable":true,"href":"https:\/\/akdenizolaygazetesi.com\/index.php?rest_route=\/wp\/v2\/media\/16261"}],"wp:attachment":[{"href":"https:\/\/akdenizolaygazetesi.com\/index.php?rest_route=%2Fwp%2Fv2%2Fmedia&parent=16260"}],"wp:term":[{"taxonomy":"category","embeddable":true,"href":"https:\/\/akdenizolaygazetesi.com\/index.php?rest_route=%2Fwp%2Fv2%2Fcategories&post=16260"},{"taxonomy":"post_tag","embeddable":true,"href":"https:\/\/akdenizolaygazetesi.com\/index.php?rest_route=%2Fwp%2Fv2%2Ftags&post=16260"}],"curies":[{"name":"wp","href":"https:\/\/api.w.org\/{rel}","templated":true}]}}