{"id":16268,"date":"2022-01-24T13:22:59","date_gmt":"2022-01-24T10:22:59","guid":{"rendered":"http:\/\/akdenizolaygazetesi.com\/?p=16268"},"modified":"2022-01-24T13:22:59","modified_gmt":"2022-01-24T10:22:59","slug":"kariyer-merkezinin-is-gucu-piyasasi-koordinasyon-kurulu-temsilcileri-cevrim-ici-toplantida-bulustu","status":"publish","type":"post","link":"https:\/\/akdenizolaygazetesi.com\/?p=16268","title":{"rendered":"KAR\u0130YER MERKEZ\u0130&#8217;N\u0130N &#8220;\u0130\u015e G\u00dcC\u00dc P\u0130YASASI KOORD\u0130NASYON KURULU&#8221; TEMS\u0130LC\u0130LER\u0130 \u00c7EVR\u0130M \u0130\u00c7\u0130 TOPLANTIDA BULU\u015eTU"},"content":{"rendered":"<p>Mersin B\u00fcy\u00fck\u015fehir Belediye Ba\u015fkan\u0131 Vahap Se\u00e7er&#8217;in b\u00fcy\u00fck \u00f6nem verdi\u011fi projelerden olan Kariyer Merkezi, iki y\u0131ll\u0131k \u00e7al\u0131\u015fma s\u00fcresinde &#8220;M\u00fclakat Sim\u00fclasyonlar\u0131, Dijital Liderler Mersin&#8217;de, Kariyer Mersin, Yetenek D\u00f6n\u00fc\u015f\u00fcm Program\u0131&#8221; gibi bir\u00e7ok ba\u015far\u0131l\u0131 projeyi hayata ge\u00e7irirken, Mersin \u0130\u015eKUR ve \u0130l Milli E\u011fitim M\u00fcd\u00fcrl\u00fc\u011f\u00fc ile yapt\u0131\u011f\u0131 i\u015f birli\u011fi protokolleriyle de hizmet alanlar\u0131n\u0131 \u00e7e\u015fitlendiriyor.<br \/>\nKariyer Merkezi&#8217;nin \u00e7al\u0131\u015fmalar\u0131na destek sunmak, \u00fcniversite-sanayi-kent i\u015f birli\u011fine katk\u0131 sa\u011flayarak, s\u00fcrd\u00fcr\u00fclebilir i\u015f birli\u011fi k\u00fclt\u00fcr\u00fc olu\u015fturmak ve ortak projeler geli\u015ftirmek \u00fczere kurulan   &#8220;\u0130\u015f g\u00fcc\u00fc Piyasas\u0131 Koordinasyon Kurulu&#8221; temsilcileri, d\u00fczenlenen \u00e7evrim i\u00e7i toplant\u0131da bulu\u015ftu. 37 kurum ve kurulu\u015fun yer ald\u0131\u011f\u0131 kurul, \u00f6nemli projeleri bir arada de\u011ferlendirdi.<br \/>\nToplant\u0131ya; B\u00fcy\u00fck\u015fehir Belediyesi Bas\u0131n Yay\u0131n ve Halkla \u0130li\u015fkiler Dairesi Ba\u015fkan\u0131 Bedrettin G\u00fcnde\u015f, Kariyer Merkezi M\u00fcd\u00fcr\u00fc Serkan \u00d6zada, \u0130l Milli E\u011fitim \u015eube M\u00fcd\u00fcr\u00fc Y\u0131lmaz G\u00fcndo\u011fan, Mersin TEKNOPARK Genel M\u00fcd\u00fcr\u00fc \u0130hsan G\u00fcltekin ile \u00fcniversiteler, kamu kurulu\u015flar\u0131, oda ve sivil toplum kurulu\u015flar\u0131n\u0131n \u00fcst d\u00fczey temsilcilerinden olmak \u00fczere 50 yetkili kat\u0131l\u0131m sa\u011flad\u0131.<br \/>\nKariyer Merkezi&#8217;nin \u00f6nemli projeleri anlat\u0131ld\u0131<br \/>\nKariyer Merkezi M\u00fcd\u00fcr\u00fc Serkan \u00d6zada yapt\u0131\u011f\u0131 sunumda, i\u015f arayanlara, \u00f6\u011frencilere ve i\u015fverenlere rehberlik hizmeti sunulmas\u0131 amac\u0131yla kurulan merkezde genel olarak &#8220;Bilgilendirme ve Rehberlik, \u00d6zge\u00e7mi\u015f Olu\u015fturma, E\u011fitim ve Seminerler, Kariyer Etkinlikleri&#8221; gibi bir\u00e7ok ba\u015fl\u0131kta \u00e7al\u0131\u015fmalar yap\u0131ld\u0131\u011f\u0131n\u0131 belirtti. \u0130\u015f g\u00fcc\u00fc piyasas\u0131n\u0131n ihtiya\u00e7lar\u0131na hizmet verecek projeleri hayata ge\u00e7irmek \u00fczere 37 kurum ve kurulu\u015fun i\u015f birli\u011fi ile \u0130\u015f g\u00fcc\u00fc Piyasas\u0131 Koordinasyon Kurulu&#8217;nu kurduklar\u0131n\u0131 ve i\u015f birli\u011fine dayal\u0131 bir\u00e7ok projeyi hayata ge\u00e7irdiklerini s\u00f6zlerine ekleyen \u00d6zada, &#8220;Dijital Liderler Mersin&#8221;de projesi ile 16 programda 1200 ki\u015fiye eri\u015ftiklerini, &#8220;Online Kariyer G\u00fcnleri&#8221; ile 2 bin 500 \u00f6\u011frencinin kariyer yolculu\u011funa destek sunduklar\u0131n\u0131 s\u00f6yledi. \u00d6zada, ayr\u0131ca, B\u00fcy\u00fck\u015fehir b\u00fcnyesinde yer alan kafelerde \u00f6\u011frencilere part time \u00e7al\u0131\u015fma f\u0131rsat\u0131n\u0131n sunulmas\u0131n\u0131n \u00e7ok \u00f6nemli \u00e7al\u0131\u015fmalar aras\u0131nda oldu\u011funun alt\u0131n\u0131 \u00e7izdi.<br \/>\nKurumlar kariyerde birle\u015fiyor<br \/>\n2022 y\u0131l\u0131nda ger\u00e7ekle\u015ftirecekleri projeleri de aktaran \u00d6zada, kariyerde \u00e7ok tarafl\u0131 i\u015f birli\u011fi protokolleri, i\u015fe al\u0131mlarda ki\u015filik envanteri uygulamalar\u0131, \u00f6nemli konularda alt kurullar\u0131n olu\u015fturulmas\u0131, \u00f6\u011frenciler ve i\u015f arayanlarla toplum liderlerinin bulu\u015fturulmas\u0131, yetenek d\u00f6n\u00fc\u015f\u00fcm program\u0131 ile i\u015f arayanlar\u0131n ve \u00f6\u011frencilerin istihdam edilebilirliklerine katk\u0131 sunulmas\u0131 ve yeni nesil te\u015fvik uygulamalar\u0131 konusunda fark yaratacak projeleri kurumlarla i\u015f birli\u011fine dayal\u0131 olarak ger\u00e7ekle\u015ftireceklerini belirtti.<\/p>\n","protected":false},"excerpt":{"rendered":"<p>Mersin B\u00fcy\u00fck\u015fehir Belediye Ba\u015fkan\u0131 Vahap Se\u00e7er&#8217;in b\u00fcy\u00fck \u00f6nem verdi\u011fi projelerden olan Kariyer Merkezi, iki y\u0131ll\u0131k \u00e7al\u0131\u015fma s\u00fcresinde &#8220;M\u00fclakat Sim\u00fclasyonlar\u0131, Dijital Liderler Mersin&#8217;de, Kariyer Mersin, Yetenek D\u00f6n\u00fc\u015f\u00fcm Program\u0131&#8221; gibi bir\u00e7ok ba\u015far\u0131l\u0131 &hellip; <a href=\"https:\/\/akdenizolaygazetesi.com\/?p=16268\" class=\"more-link\">Devam\u0131n\u0131 Oku&#8230;<\/a><\/p>\n","protected":false},"author":2,"featured_media":16269,"comment_status":"open","ping_status":"open","sticky":false,"template":"","format":"standard","meta":[],"categories":[2,3,5],"tags":[],"_links":{"self":[{"href":"https:\/\/akdenizolaygazetesi.com\/index.php?rest_route=\/wp\/v2\/posts\/16268"}],"collection":[{"href":"https:\/\/akdenizolaygazetesi.com\/index.php?rest_route=\/wp\/v2\/posts"}],"about":[{"href":"https:\/\/akdenizolaygazetesi.com\/index.php?rest_route=\/wp\/v2\/types\/post"}],"author":[{"embeddable":true,"href":"https:\/\/akdenizolaygazetesi.com\/index.php?rest_route=\/wp\/v2\/users\/2"}],"replies":[{"embeddable":true,"href":"https:\/\/akdenizolaygazetesi.com\/index.php?rest_route=%2Fwp%2Fv2%2Fcomments&post=16268"}],"version-history":[{"count":1,"href":"https:\/\/akdenizolaygazetesi.com\/index.php?rest_route=\/wp\/v2\/posts\/16268\/revisions"}],"predecessor-version":[{"id":16270,"href":"https:\/\/akdenizolaygazetesi.com\/index.php?rest_route=\/wp\/v2\/posts\/16268\/revisions\/16270"}],"wp:featuredmedia":[{"embeddable":true,"href":"https:\/\/akdenizolaygazetesi.com\/index.php?rest_route=\/wp\/v2\/media\/16269"}],"wp:attachment":[{"href":"https:\/\/akdenizolaygazetesi.com\/index.php?rest_route=%2Fwp%2Fv2%2Fmedia&parent=16268"}],"wp:term":[{"taxonomy":"category","embeddable":true,"href":"https:\/\/akdenizolaygazetesi.com\/index.php?rest_route=%2Fwp%2Fv2%2Fcategories&post=16268"},{"taxonomy":"post_tag","embeddable":true,"href":"https:\/\/akdenizolaygazetesi.com\/index.php?rest_route=%2Fwp%2Fv2%2Ftags&post=16268"}],"curies":[{"name":"wp","href":"https:\/\/api.w.org\/{rel}","templated":true}]}}