{"id":1627,"date":"2020-11-04T18:22:11","date_gmt":"2020-11-04T15:22:11","guid":{"rendered":"http:\/\/mersinekonomipolitikagazetesi.com\/?p=1627"},"modified":"2020-11-04T18:22:11","modified_gmt":"2020-11-04T15:22:11","slug":"mersin-icin-saganak-yagmur-uyarisi","status":"publish","type":"post","link":"https:\/\/akdenizolaygazetesi.com\/?p=1627","title":{"rendered":"Mersin i\u00e7in sa\u011fanak ya\u011fmur uyar\u0131s\u0131"},"content":{"rendered":"<p>Mersin ve \u00e7evrelerinin bu geceden itibaren sa\u011fanak ya\u011f\u0131\u015flar\u0131n etkisi alt\u0131na girece\u011fi bildirildi.<\/p>\n<p><span style=\"font-size:16px;\"><span style=\"font-family: sans-serif; line-height: 20px; text-align: justify; background-color: rgb(242, 244, 245);\">Mersin Meteoroloji M\u00fcd\u00fcrl\u00fc\u011f\u00fc&#8217;nden yap\u0131lan yaz\u0131l\u0131 a\u00e7\u0131klamaya g\u00f6re, bug\u00fcn ak\u015fam saatlerinde Do\u011fu Akdeniz&#8217;de ba\u015flayacak olan sa\u011fanak ve g\u00f6k g\u00fcr\u00fclt\u00fcy\u00fc ya\u011f\u0131\u015flar, gece ve yar\u0131n Mersin il merkezinde kuvvetli olaca\u011f\u0131 belirtildi.\u00a0<\/span><br style=\"box-sizing: border-box; font-family: sans-serif; font-size: 14px; line-height: 20px; text-align: justify; background-color: rgb(242, 244, 245);\" \/><br \/>\n<span style=\"font-family: sans-serif; line-height: 20px; text-align: justify; background-color: rgb(242, 244, 245);\">A\u00e7\u0131klamada, vatanda\u015flar\u0131n ani sel, su bask\u0131n\u0131, y\u0131ld\u0131r\u0131m ve hortum riski gibi olumsuzluklara kar\u015f\u0131 dikkatli ve tedbirli olmas\u0131 istenildi.\u00a0<\/span><\/span><\/p>\n","protected":false},"excerpt":{"rendered":"<p>Mersin ve \u00e7evrelerinin bu geceden itibaren sa\u011fanak ya\u011f\u0131\u015flar\u0131n etkisi alt\u0131na girece\u011fi bildirildi. Mersin Meteoroloji M\u00fcd\u00fcrl\u00fc\u011f\u00fc&#8217;nden yap\u0131lan yaz\u0131l\u0131 a\u00e7\u0131klamaya g\u00f6re, bug\u00fcn ak\u015fam saatlerinde Do\u011fu Akdeniz&#8217;de ba\u015flayacak olan sa\u011fanak ve g\u00f6k g\u00fcr\u00fclt\u00fcy\u00fc &hellip; <a href=\"https:\/\/akdenizolaygazetesi.com\/?p=1627\" class=\"more-link\">Devam\u0131n\u0131 Oku&#8230;<\/a><\/p>\n","protected":false},"author":1,"featured_media":0,"comment_status":"open","ping_status":"open","sticky":false,"template":"","format":"standard","meta":[],"categories":[],"tags":[],"_links":{"self":[{"href":"https:\/\/akdenizolaygazetesi.com\/index.php?rest_route=\/wp\/v2\/posts\/1627"}],"collection":[{"href":"https:\/\/akdenizolaygazetesi.com\/index.php?rest_route=\/wp\/v2\/posts"}],"about":[{"href":"https:\/\/akdenizolaygazetesi.com\/index.php?rest_route=\/wp\/v2\/types\/post"}],"author":[{"embeddable":true,"href":"https:\/\/akdenizolaygazetesi.com\/index.php?rest_route=\/wp\/v2\/users\/1"}],"replies":[{"embeddable":true,"href":"https:\/\/akdenizolaygazetesi.com\/index.php?rest_route=%2Fwp%2Fv2%2Fcomments&post=1627"}],"version-history":[{"count":0,"href":"https:\/\/akdenizolaygazetesi.com\/index.php?rest_route=\/wp\/v2\/posts\/1627\/revisions"}],"wp:attachment":[{"href":"https:\/\/akdenizolaygazetesi.com\/index.php?rest_route=%2Fwp%2Fv2%2Fmedia&parent=1627"}],"wp:term":[{"taxonomy":"category","embeddable":true,"href":"https:\/\/akdenizolaygazetesi.com\/index.php?rest_route=%2Fwp%2Fv2%2Fcategories&post=1627"},{"taxonomy":"post_tag","embeddable":true,"href":"https:\/\/akdenizolaygazetesi.com\/index.php?rest_route=%2Fwp%2Fv2%2Ftags&post=1627"}],"curies":[{"name":"wp","href":"https:\/\/api.w.org\/{rel}","templated":true}]}}