{"id":16276,"date":"2022-01-24T13:39:42","date_gmt":"2022-01-24T10:39:42","guid":{"rendered":"http:\/\/akdenizolaygazetesi.com\/?p=16276"},"modified":"2022-01-24T13:39:42","modified_gmt":"2022-01-24T10:39:42","slug":"toroslar-belediyesi-sanati-sokaga-tasidi","status":"publish","type":"post","link":"https:\/\/akdenizolaygazetesi.com\/?p=16276","title":{"rendered":"&#8220;Toroslar Belediyesi, Sanat\u0131 Soka\u011fa Ta\u015f\u0131d\u0131&#8221;"},"content":{"rendered":"<p>Toroslar Belediyesi, parklarda bulunan trafo binalar\u0131n\u0131 ve sosyal tesisleri sanat eserine d\u00f6n\u00fc\u015ft\u00fcr\u00fcyor.<\/p>\n<p>\u00c7evre g\u00fczelle\u015ftirme \u00e7al\u0131\u015fmalar\u0131 kapsam\u0131nda trafolara, k\u00fclt\u00fcrel mirasa ait simgeler ve hayvan fig\u00fcrleri i\u015flenirken, Alada\u011f Mahallesi&#8217;nde bulunan \u00c7ok Ama\u00e7l\u0131 K\u00fclt\u00fcr Sanat ve Taziye Evi&#8217;nin i\u00e7 ve d\u0131\u015f duvarlar\u0131 da il\u00e7enin tarihi de\u011ferleriyle renklendirildi.<\/p>\n<p>Belediyenin Park ve Bah\u00e7eler M\u00fcd\u00fcrl\u00fc\u011f\u00fc ressam\u0131 taraf\u0131ndan yap\u0131lan \u00e7al\u0131\u015fmalar ile binalar kent esteti\u011finin bir par\u00e7as\u0131 oluyor.<\/p>\n<p>D\u0131\u015f cepheleri y\u0131pranm\u0131\u015f olan trafolar\u0131n de\u011fi\u015fimi, vatanda\u015flar\u0131n da takdirini topluyor. Vatanda\u015flar, kent esteti\u011fine katk\u0131 sundu\u011fu bu \u00e7al\u0131\u015fmalar\u0131ndan dolay\u0131 Toroslar Belediye Ba\u015fkan\u0131 Ats\u0131z Af\u015f\u0131n Y\u0131lmaz&#8217;a ve ekibine te\u015fekk\u00fcr etti.<\/p>\n<p>Ba\u015fkan Y\u0131lmaz; &#8220;\u0130l\u00e7emize De\u011fer Kat\u0131yoruz&#8221;<\/p>\n<p>Ba\u015fkan Y\u0131lmaz ise il\u00e7eye sanatsal anlamda de\u011fer katmaya devam edeceklerini belirterek; &#8220;Trafolar\u0131n eskiyen ve y\u0131pranm\u0131\u015f g\u00f6r\u00fcnt\u00fcs\u00fcn\u00fc renklendirerek hem\u015fehrilerimize huzur ve mutluluk sa\u011flayan ortamlar olu\u015fturmaya \u00e7al\u0131\u015f\u0131yoruz&#8221; dedi.<\/p>\n<p>Ba\u015fkan Y\u0131lmaz; &#8220;Hizmet \u00e7al\u0131\u015fmalar\u0131m\u0131z\u0131n yan\u0131nda il\u00e7emizin \u00e7ehresini de\u011fi\u015ftirecek sanatsal faaliyetlere de \u00f6nem veriyoruz. Bu \u00e7al\u0131\u015fmam\u0131zla, at\u0131l g\u00f6r\u00fcnen elektrik trafolar\u0131 adeta bir tabloya d\u00f6n\u00fc\u015f\u00fcyor. \u0130l\u00e7emizdeki sosyal tesislerimizin i\u00e7 ve d\u0131\u015f duvarlar\u0131na da tarihi ve k\u00fclt\u00fcrel de\u011ferlerimizi yans\u0131t\u0131yoruz. Temiz ve g\u00fczel bir \u00e7evre i\u00e7in \u00e7al\u0131\u015fmalar\u0131m\u0131z\u0131 aral\u0131ks\u0131z s\u00fcrd\u00fcrece\u011fiz&#8221; ifadelerini kulland\u0131.<\/p>\n","protected":false},"excerpt":{"rendered":"<p>Toroslar Belediyesi, parklarda bulunan trafo binalar\u0131n\u0131 ve sosyal tesisleri sanat eserine d\u00f6n\u00fc\u015ft\u00fcr\u00fcyor. \u00c7evre g\u00fczelle\u015ftirme \u00e7al\u0131\u015fmalar\u0131 kapsam\u0131nda trafolara, k\u00fclt\u00fcrel mirasa ait simgeler ve hayvan fig\u00fcrleri i\u015flenirken, Alada\u011f Mahallesi&#8217;nde bulunan \u00c7ok Ama\u00e7l\u0131 &hellip; <a href=\"https:\/\/akdenizolaygazetesi.com\/?p=16276\" class=\"more-link\">Devam\u0131n\u0131 Oku&#8230;<\/a><\/p>\n","protected":false},"author":2,"featured_media":16277,"comment_status":"open","ping_status":"open","sticky":false,"template":"","format":"standard","meta":[],"categories":[1,2,3],"tags":[],"_links":{"self":[{"href":"https:\/\/akdenizolaygazetesi.com\/index.php?rest_route=\/wp\/v2\/posts\/16276"}],"collection":[{"href":"https:\/\/akdenizolaygazetesi.com\/index.php?rest_route=\/wp\/v2\/posts"}],"about":[{"href":"https:\/\/akdenizolaygazetesi.com\/index.php?rest_route=\/wp\/v2\/types\/post"}],"author":[{"embeddable":true,"href":"https:\/\/akdenizolaygazetesi.com\/index.php?rest_route=\/wp\/v2\/users\/2"}],"replies":[{"embeddable":true,"href":"https:\/\/akdenizolaygazetesi.com\/index.php?rest_route=%2Fwp%2Fv2%2Fcomments&post=16276"}],"version-history":[{"count":1,"href":"https:\/\/akdenizolaygazetesi.com\/index.php?rest_route=\/wp\/v2\/posts\/16276\/revisions"}],"predecessor-version":[{"id":16278,"href":"https:\/\/akdenizolaygazetesi.com\/index.php?rest_route=\/wp\/v2\/posts\/16276\/revisions\/16278"}],"wp:featuredmedia":[{"embeddable":true,"href":"https:\/\/akdenizolaygazetesi.com\/index.php?rest_route=\/wp\/v2\/media\/16277"}],"wp:attachment":[{"href":"https:\/\/akdenizolaygazetesi.com\/index.php?rest_route=%2Fwp%2Fv2%2Fmedia&parent=16276"}],"wp:term":[{"taxonomy":"category","embeddable":true,"href":"https:\/\/akdenizolaygazetesi.com\/index.php?rest_route=%2Fwp%2Fv2%2Fcategories&post=16276"},{"taxonomy":"post_tag","embeddable":true,"href":"https:\/\/akdenizolaygazetesi.com\/index.php?rest_route=%2Fwp%2Fv2%2Ftags&post=16276"}],"curies":[{"name":"wp","href":"https:\/\/api.w.org\/{rel}","templated":true}]}}