{"id":1628,"date":"2020-11-04T18:22:11","date_gmt":"2020-11-04T15:22:11","guid":{"rendered":"http:\/\/mersinekonomipolitikagazetesi.com\/?p=1628"},"modified":"2020-11-04T18:22:11","modified_gmt":"2020-11-04T15:22:11","slug":"toroslarda-kisa-film-yarismasi-basvurulari-devam-ediyor","status":"publish","type":"post","link":"https:\/\/akdenizolaygazetesi.com\/?p=1628","title":{"rendered":"Toroslar&#8217;da k\u0131sa film yar\u0131\u015fmas\u0131 ba\u015fvurular\u0131 devam ediyor"},"content":{"rendered":"<p>Mersin&#8217;in merkez il\u00e7e Toroslar Belediyesi\u2019nin bu y\u0131l ilk kez d\u00fczenleyece\u011fi &#8220;\u00e7ocuk haklar\u0131&#8221; temal\u0131 \u20181. Ulusal K\u0131sa Film Yar\u0131\u015fmas\u0131\u2019n\u0131n\u2019 ba\u015fvurular\u0131 devam ediyor.<\/p>\n<p><span style=\"font-size:16px;\"><span style=\"font-family: sans-serif; line-height: 20px; text-align: justify; background-color: rgb(242, 244, 245);\">Toroslar Belediyesince geleneksel hale getirilmesi planlanan ve bu y\u0131l 23 Nisan Ulusal Egemenlik \u00c7ocuk Bayram\u0131 kapsam\u0131nda ger\u00e7ekle\u015ftirilecek etkinlik i\u00e7in il ve il d\u0131\u015f\u0131ndan 32 tane k\u0131sa film g\u00f6nderildi. Birinciye 5 bin, ikinciye 3 bin, \u00fc\u00e7\u00fcnc\u00fcye bin lira para \u00f6d\u00fcl\u00fc ve ayr\u0131ca 500 liral\u0131k 2 adet de mansiyon \u00f6d\u00fcl\u00fcn\u00fcn verilece\u011fi yar\u0131\u015fmaya kat\u0131lmak isteyenler i\u00e7in son ba\u015fvuru tarihi 13 Nisan 2018 olarak belirlenirken, istenilen t\u00fcm evraklar Yunus Emre K\u00fclt\u00fcr Merkezi\u2019nde bulunan K\u00fclt\u00fcr ve Sosyal \u0130\u015fler M\u00fcd\u00fcrl\u00fc\u011f\u00fc\u2019ne elden, posta veya kargo ile ula\u015ft\u0131r\u0131lacak. Yar\u0131\u015fmaya dahil edilen t\u00fcm filmler, y\u00f6netmen, akademisyen ve oyunculardan olu\u015fan j\u00fcri \u00fcyeleri taraf\u0131ndan de\u011ferlendirilecek ve de\u011ferlendirme sonu\u00e7lar\u0131 neticesinde finale kalan eserler, 16 Nisan 2018 tarihinde Toroslar Belediyesi\u2019nin toroslar-bld.gov.tr web sitesinden ilan edilecek, telefon ve e-posta yoluyla da dereceye girenler bilgilendirilecek. Akademisyen Prof. Dr. Mutlu Parkan, y\u00f6netmen Feride Kaytan, dizi ve sinema oyuncular\u0131 A\u00e7elya Topalo\u011flu ile Yonca Cevher \u015eahinba\u015f\u2019\u0131n yan\u0131 s\u0131ra Mersin Barosu \u00c7ocuk Haklar\u0131 Merkezi Ba\u015fkan\u0131 Av. Ru\u015fen Ay\u015fen Bay\u0131lgan\u2019\u0131n bu y\u0131lki j\u00fcri \u00fcyeli\u011fini yapaca\u011f\u0131 yar\u0131\u015fmada \u00f6d\u00fcller, 23 Nisan 2018 tarihinde d\u00fczenlenecek bir t\u00f6renle Yunus Emre K\u00fclt\u00fcr Merkezi\u2019nde sahiplerine teslim edilecek. Konuyla ilgili a\u00e7\u0131klama yapan Toroslar Belediye Ba\u015fkan\u0131 Hamit Tuna, bu y\u0131l ilk kez d\u00fczenleyecekleri 1.Ulusal K\u0131sa Film Yar\u0131\u015fmas\u0131\u2019n\u0131 her y\u0131l farkl\u0131 bir tema i\u015fleyerek geleneksel hale getireceklerini belirterek, \u201cBu yar\u0131\u015fma ile \u00f6zellikle gen\u00e7 sinemac\u0131lar\u0131m\u0131za ve yeni yeteneklere kendini kan\u0131tlama f\u0131rsat\u0131 sunaca\u011f\u0131z\u201d dedi.\u00a0<\/span><br style=\"box-sizing: border-box; font-family: sans-serif; font-size: 14px; line-height: 20px; text-align: justify; background-color: rgb(242, 244, 245);\" \/><br \/>\n<span style=\"font-family: sans-serif; line-height: 20px; text-align: justify; background-color: rgb(242, 244, 245);\">Hayata ge\u00e7irdikleri yat\u0131r\u0131m ve projelerin yan\u0131 s\u0131ra ulusal ve uluslararas\u0131 festivallere de sunduklar\u0131 katk\u0131larla Toroslar\u2019\u0131 k\u00fclt\u00fcr ve sanat\u0131n merkezi yapt\u0131klar\u0131na dikkat \u00e7eken Tuna, bu projeyle de Mersin\u2019in sanata olan katk\u0131s\u0131n\u0131n artarak s\u00fcrmesini ama\u00e7lad\u0131klar\u0131n\u0131 vurgulad\u0131. Tuna, &#8220;Bu projeyle ba\u015fta il\u00e7emiz olmak \u00fczere, kentimiz ve \u00fclkemizin \u00e7\u0131karlar\u0131 do\u011frultusunda modern bir sanat olan sinema ile fark\u0131ndal\u0131k olu\u015fturmay\u0131 ama\u00e7l\u0131yoruz. Her y\u0131l farkl\u0131 bir tema belirleyerek geleneksel hale getirmeyi planlad\u0131\u011f\u0131m\u0131z 1.Ulusal K\u0131sa Film Yar\u0131\u015fmas\u0131\u2019n\u0131n ilk konusunu \u00f6zellikle son d\u00f6nemde maalesef g\u00fcndemimizde olan \u00e7ocuk istismarlar\u0131na fark\u0131ndal\u0131k olu\u015fturmak amac\u0131yla \u201c\u00e7ocuk haklar\u0131\u201d olarak belirledik. \u2018\u00c7ocuk haklar\u0131\u2019 konulu k\u0131sa film yar\u0131\u015fmas\u0131na kat\u0131lacak eserler, t\u00fcm d\u00fcnyada oldu\u011fu gibi \u00fclkemizde de kar\u015f\u0131m\u0131za \u00e7\u0131kmakta olan \u00e7ocuklar\u0131m\u0131z\u0131n \u00e7al\u0131nan haklar\u0131n\u0131 \u00f6nleme y\u00f6n\u00fcnde in\u015fallah bir fark\u0131ndal\u0131k olu\u015fturacakt\u0131r. Bunun yan\u0131nda sinemac\u0131lar\u0131 desteklemeyi ve cesaretlendirmeyi de hedef al\u0131yoruz\u201d diye konu\u015ftu.\u00a0<\/span><br style=\"box-sizing: border-box; font-family: sans-serif; font-size: 14px; line-height: 20px; text-align: justify; background-color: rgb(242, 244, 245);\" \/><br \/>\n<span style=\"font-family: sans-serif; line-height: 20px; text-align: justify; background-color: rgb(242, 244, 245);\">Tuna, yar\u0131\u015fmaya kat\u0131lmak isteyenlerin detayl\u0131 bilgiye, kat\u0131l\u0131m ko\u015fullar\u0131na ve ba\u015fvuru formuna belediyenin internet adresinden ula\u015fabilece\u011fini dile getirdi. \u00c7ocuklar\u0131n haklar\u0131n\u0131 \u00f6\u011frenmesi konusunda Mersin\u2019de, ilk olarak kent \u00e7ocuk ve gen\u00e7lik meclisini kuran belediye olduklar\u0131n\u0131 da belirten Tuna, &#8220;\u00c7ocuklar\u0131m\u0131z\u0131n haklar\u0131 konusunda bilin\u00e7lendirilmesi, sosyal hayata ve kent y\u00f6netimine kat\u0131l\u0131mlar\u0131n\u0131n sa\u011flanmas\u0131 ve demokrasi anlay\u0131\u015flar\u0131n\u0131n geli\u015ftirilmesi amac\u0131yla kent \u00e7ocuk ve gen\u00e7lik meclisini kuran kentimizde ilk belediyeyiz&#8221; ifadelerin kulland\u0131.\u00a0<\/span><\/span><\/p>\n","protected":false},"excerpt":{"rendered":"<p>Mersin&#8217;in merkez il\u00e7e Toroslar Belediyesi\u2019nin bu y\u0131l ilk kez d\u00fczenleyece\u011fi &#8220;\u00e7ocuk haklar\u0131&#8221; temal\u0131 \u20181. Ulusal K\u0131sa Film Yar\u0131\u015fmas\u0131\u2019n\u0131n\u2019 ba\u015fvurular\u0131 devam ediyor. Toroslar Belediyesince geleneksel hale getirilmesi planlanan ve bu y\u0131l &hellip; <a href=\"https:\/\/akdenizolaygazetesi.com\/?p=1628\" class=\"more-link\">Devam\u0131n\u0131 Oku&#8230;<\/a><\/p>\n","protected":false},"author":1,"featured_media":0,"comment_status":"open","ping_status":"open","sticky":false,"template":"","format":"standard","meta":[],"categories":[],"tags":[],"_links":{"self":[{"href":"https:\/\/akdenizolaygazetesi.com\/index.php?rest_route=\/wp\/v2\/posts\/1628"}],"collection":[{"href":"https:\/\/akdenizolaygazetesi.com\/index.php?rest_route=\/wp\/v2\/posts"}],"about":[{"href":"https:\/\/akdenizolaygazetesi.com\/index.php?rest_route=\/wp\/v2\/types\/post"}],"author":[{"embeddable":true,"href":"https:\/\/akdenizolaygazetesi.com\/index.php?rest_route=\/wp\/v2\/users\/1"}],"replies":[{"embeddable":true,"href":"https:\/\/akdenizolaygazetesi.com\/index.php?rest_route=%2Fwp%2Fv2%2Fcomments&post=1628"}],"version-history":[{"count":0,"href":"https:\/\/akdenizolaygazetesi.com\/index.php?rest_route=\/wp\/v2\/posts\/1628\/revisions"}],"wp:attachment":[{"href":"https:\/\/akdenizolaygazetesi.com\/index.php?rest_route=%2Fwp%2Fv2%2Fmedia&parent=1628"}],"wp:term":[{"taxonomy":"category","embeddable":true,"href":"https:\/\/akdenizolaygazetesi.com\/index.php?rest_route=%2Fwp%2Fv2%2Fcategories&post=1628"},{"taxonomy":"post_tag","embeddable":true,"href":"https:\/\/akdenizolaygazetesi.com\/index.php?rest_route=%2Fwp%2Fv2%2Ftags&post=1628"}],"curies":[{"name":"wp","href":"https:\/\/api.w.org\/{rel}","templated":true}]}}