{"id":16282,"date":"2022-01-25T13:03:39","date_gmt":"2022-01-25T10:03:39","guid":{"rendered":"http:\/\/akdenizolaygazetesi.com\/?p=16282"},"modified":"2022-01-25T13:03:39","modified_gmt":"2022-01-25T10:03:39","slug":"ogrenci-calisma-merkezinde-cay-kahve-ve-internet-ucretsiz","status":"publish","type":"post","link":"https:\/\/akdenizolaygazetesi.com\/?p=16282","title":{"rendered":"\u00d6\u011eRENC\u0130 \u00c7ALI\u015eMA MERKEZ\u0130&#8217;NDE \u00c7AY, KAHVE VE \u0130NTERNET \u00dcCRETS\u0130Z"},"content":{"rendered":"<p>Mersin B\u00fcy\u00fck\u015fehir Belediyesi Kad\u0131n ve Aile Hizmetleri Dairesi b\u00fcnyesinde hizmet veren \u00d6\u011frenci \u00c7al\u0131\u015fma Merkezi&#8217;nde \u00f6\u011frencilere sessiz ve konforlu bir \u00e7al\u0131\u015fma ortam\u0131 sunuluyor. G\u00fcnl\u00fck ortalama 60 \u00f6\u011frencinin faydaland\u0131\u011f\u0131 \u00d6\u011frenci \u00c7al\u0131\u015fma Merkezi&#8217;nde \u00fccretsiz \u00e7ay, kahve ve internet hizmetleri de yer al\u0131yor.<br \/>\nHaftan\u0131n 6 g\u00fcn\u00fc 08.00-19.00 saatleri aras\u0131nda a\u00e7\u0131k<br \/>\nAdnan Menderes Bulvar\u0131 \u00fczerinde Kas\u0131m Ekenler Sitesi arkas\u0131ndaki \u00d6\u011frenci \u00c7al\u0131\u015fma Merkezi, Pazar g\u00fcn\u00fc hari\u00e7, haftan\u0131n 6 g\u00fcn\u00fc 08.00-19.00 saatleri aras\u0131nda hizmet veriyor. \u00d6\u011frencilerin t\u00fcm hizmetlerinden \u00fccretsiz yararland\u0131\u011f\u0131 Merkez&#8217;de zengin bir k\u00fct\u00fcphane, konforlu \u00e7al\u0131\u015fma alanlar\u0131 ve mini mutfak yer al\u0131yor. \u00d6\u011frencilerin HES koduyla al\u0131nd\u0131\u011f\u0131 \u00d6\u011frenci \u00c7al\u0131\u015fma Merkezi, d\u00fczenli olarak temizlenip dezenfekte ediliyor. Bu sayede \u00f6\u011frencilere sa\u011fl\u0131kl\u0131 bir \u00e7al\u0131\u015fma ortam\u0131 da sunuluyor.<br \/>\nNaz\u0131m Hikmet&#8217;ten O\u011fuz Atay&#8217;a zengin bir k\u00fct\u00fcphane<br \/>\n\u00d6\u011frenci \u00c7al\u0131\u015fma Merkezi&#8217;ni kimi \u00f6\u011frenci ders \u00e7al\u0131\u015fmak i\u00e7in kimi ise kitap okumak i\u00e7in de\u011ferlendiriyor. Okuma k\u00f6\u015felerinde kitap okuyan \u00f6\u011frenciler, Merkez&#8217;deki zengin k\u00fct\u00fcphaneden Naz\u0131m Hikmet, O\u011fuz Atay ve Z\u00fclf\u00fc Livaneli gibi usta yazarlar\u0131n kitaplar\u0131na ula\u015fabiliyor. \u00c7al\u0131\u015fma masalar\u0131nda ise \u00f6\u011frenciler \u00fccretsiz internetle s\u0131navlara rahat bir \u015fekilde haz\u0131rlanma olana\u011f\u0131 buluyor.<br \/>\n\u00c7aylar ve kahveler B\u00fcy\u00fck\u015fehir&#8217;den<br \/>\n\u00d6\u011frenci \u00c7al\u0131\u015fma Merkezi&#8217;nin \u00f6n\u00fcndeki \u00e7im alanlarda ise konsepte uygun heykeller yer al\u0131yor. \u00d6\u011frenciler yaz aylar\u0131nda heykellerin bulundu\u011fu \u00e7im alana yerle\u015ftirilen armut koltuklarda ders \u00e7al\u0131\u015f\u0131p kitap okuyabiliyor. Merkez&#8217;deki mutfakta yer alan \u00fccretsiz \u00e7ay-kahve, buzdolab\u0131 ve mikrodalga olanaklar\u0131 ise \u00f6\u011frencilere ev ortam\u0131 tad\u0131nda bir \u00e7al\u0131\u015fma alan\u0131 sa\u011fl\u0131yor.<br \/>\n&#8220;\u00d6zellikle evinde ders \u00e7al\u0131\u015fma ortam\u0131 olmayan \u00f6\u011frenciler i\u00e7in \u00e7ok faydal\u0131 bir yer&#8221;<br \/>\n\u00d6\u011frencilere elveri\u015fli bir \u00e7al\u0131\u015fma ortam\u0131 sunduklar\u0131n\u0131 vurgulayan B\u00fcy\u00fck\u015fehir Belediyesi \u00d6\u011frenci \u00c7al\u0131\u015fma Merkezi&#8217;nin Sorumlusu Cansu Baytek, &#8220;\u00d6\u011frencilerimiz gelip burada ders \u00e7al\u0131\u015f\u0131yorlar. Buras\u0131 temiz, nezih, sessiz, sakin bir ortam. \u00d6\u011frencilerin tamamen ders \u00e7al\u0131\u015fmas\u0131na odakl\u0131 bir yer ve bunun i\u00e7in elimizden gelen her \u015feyi yap\u0131yoruz. Sessizlik i\u00e7erisinde, \u00f6zellikle evinde ders \u00e7al\u0131\u015fma ortam\u0131 olmayan \u00f6\u011frenciler i\u00e7in \u00e7ok faydal\u0131 bir yer. Aile ortam\u0131 gibi. Zaman i\u00e7erisinde \u00f6\u011frenciler kendi aralar\u0131nda da kayna\u015ft\u0131ktan sonra tamamen ev ortam\u0131na d\u00f6n\u00fc\u015f\u00fcyor. B\u00fct\u00fcn \u00f6\u011frencilere her zaman kap\u0131m\u0131z a\u00e7\u0131k. Bekliyoruz&#8221; dedi.<br \/>\n&#8220;Hemen hemen her kademeden \u00f6\u011frenci var&#8221;<br \/>\nDoktora \u00f6\u011frencisi Mehmet Zeki F\u0131rat, 1 y\u0131l \u00f6nce \u00d6\u011frenci \u00c7al\u0131\u015fma Merkezi&#8217;ni ke\u015ffetti\u011fini ve m\u00fcdavimi oldu\u011funu belirterek, &#8220;Hemen hemen her kademeden \u00f6\u011frenci var. Lise talebesi var. Liseyi bitirmi\u015f, s\u0131nava haz\u0131rlanan \u00f6\u011frenciler var. Lisanstan gelen arkada\u015flar\u0131m\u0131z var, y\u00fcksek lisansta olan arkada\u015flar\u0131m\u0131z var. Ayn\u0131 zamanda doktoradan arkada\u015flar\u0131m\u0131z var. Zaman zaman buraya gelip tan\u0131\u015ft\u0131\u011f\u0131m akademisyenler de var. Buraya makale veya tez yapmaya gelen akademisyenler de var. K\u00fct\u00fcphaneler zaten toplumda en nadide yerlerden bir tanesidir&#8221; diye konu\u015ftu.<br \/>\n&#8220;Her \u015fey tamamen \u00fccretsiz ve merkezi bir yerde&#8221;<br \/>\nY\u00fcksek lisans \u00f6\u011frencisi Sebile Aktekin ise 7-8 ayd\u0131r \u00d6\u011frenci \u00c7al\u0131\u015fma Merkezi&#8217;nden faydaland\u0131\u011f\u0131n\u0131 vurgulayarak, &#8220;Her \u015fey tamamen \u00fccretsiz ve merkezi bir yerde. Benim evim biraz uzakta, Akbelen&#8217;de olmas\u0131na ra\u011fmen oradan buraya her g\u00fcn gidip geliyorum. Geldi\u011fimizde her zaman etraf temiz. Herhangi bir \u00fccret yok, hatta bize sunulan ekstralar var. \u00c7ay-kahve s\u0131n\u0131rs\u0131z, \u00fccretsiz. \u0130nternetimiz var, yeme\u011fimizi evden getirip dolab\u0131m\u0131za kat\u0131yoruz. Is\u0131tabiliyoruz. Her imkan\u0131m\u0131z var&#8221; ifadelerine yer verdi.<br \/>\n\u00dcniversite haz\u0131rl\u0131k \u00f6\u011frencisi Melek Oktay da derslerine 5 ayd\u0131r \u00d6\u011frenci \u00c7al\u0131\u015fma Merkezi&#8217;nde \u00e7al\u0131\u015ft\u0131\u011f\u0131n\u0131 belirterek, &#8220;Bir ad\u0131m \u00f6tede zaten deniz var. Bir ad\u0131m \u00f6tede ye\u015fil alan. Daha ne istenebilir ki. Gayet g\u00fczel. \u00d6\u011frencilerin kendilerini rahat hissedebildikleri ikinci bir ev. B\u00f6yle yerlerin art\u0131r\u0131lmas\u0131n\u0131 ger\u00e7ekten \u00e7ok istiyorum&#8221; dedi.<\/p>\n","protected":false},"excerpt":{"rendered":"<p>Mersin B\u00fcy\u00fck\u015fehir Belediyesi Kad\u0131n ve Aile Hizmetleri Dairesi b\u00fcnyesinde hizmet veren \u00d6\u011frenci \u00c7al\u0131\u015fma Merkezi&#8217;nde \u00f6\u011frencilere sessiz ve konforlu bir \u00e7al\u0131\u015fma ortam\u0131 sunuluyor. G\u00fcnl\u00fck ortalama 60 \u00f6\u011frencinin faydaland\u0131\u011f\u0131 \u00d6\u011frenci \u00c7al\u0131\u015fma Merkezi&#8217;nde &hellip; <a href=\"https:\/\/akdenizolaygazetesi.com\/?p=16282\" class=\"more-link\">Devam\u0131n\u0131 Oku&#8230;<\/a><\/p>\n","protected":false},"author":2,"featured_media":16283,"comment_status":"open","ping_status":"open","sticky":false,"template":"","format":"standard","meta":[],"categories":[2,3,5],"tags":[],"_links":{"self":[{"href":"https:\/\/akdenizolaygazetesi.com\/index.php?rest_route=\/wp\/v2\/posts\/16282"}],"collection":[{"href":"https:\/\/akdenizolaygazetesi.com\/index.php?rest_route=\/wp\/v2\/posts"}],"about":[{"href":"https:\/\/akdenizolaygazetesi.com\/index.php?rest_route=\/wp\/v2\/types\/post"}],"author":[{"embeddable":true,"href":"https:\/\/akdenizolaygazetesi.com\/index.php?rest_route=\/wp\/v2\/users\/2"}],"replies":[{"embeddable":true,"href":"https:\/\/akdenizolaygazetesi.com\/index.php?rest_route=%2Fwp%2Fv2%2Fcomments&post=16282"}],"version-history":[{"count":1,"href":"https:\/\/akdenizolaygazetesi.com\/index.php?rest_route=\/wp\/v2\/posts\/16282\/revisions"}],"predecessor-version":[{"id":16284,"href":"https:\/\/akdenizolaygazetesi.com\/index.php?rest_route=\/wp\/v2\/posts\/16282\/revisions\/16284"}],"wp:featuredmedia":[{"embeddable":true,"href":"https:\/\/akdenizolaygazetesi.com\/index.php?rest_route=\/wp\/v2\/media\/16283"}],"wp:attachment":[{"href":"https:\/\/akdenizolaygazetesi.com\/index.php?rest_route=%2Fwp%2Fv2%2Fmedia&parent=16282"}],"wp:term":[{"taxonomy":"category","embeddable":true,"href":"https:\/\/akdenizolaygazetesi.com\/index.php?rest_route=%2Fwp%2Fv2%2Fcategories&post=16282"},{"taxonomy":"post_tag","embeddable":true,"href":"https:\/\/akdenizolaygazetesi.com\/index.php?rest_route=%2Fwp%2Fv2%2Ftags&post=16282"}],"curies":[{"name":"wp","href":"https:\/\/api.w.org\/{rel}","templated":true}]}}