{"id":1629,"date":"2020-11-04T18:22:11","date_gmt":"2020-11-04T15:22:11","guid":{"rendered":"http:\/\/mersinekonomipolitikagazetesi.com\/?p=1629"},"modified":"2020-11-04T18:22:11","modified_gmt":"2020-11-04T15:22:11","slug":"akdeniz-belediyesinin-alt-yapi-calismalari-suruyor","status":"publish","type":"post","link":"https:\/\/akdenizolaygazetesi.com\/?p=1629","title":{"rendered":"Akdeniz Belediyesi&#8217;nin alt yap\u0131 \u00e7al\u0131\u015fmalar\u0131 s\u00fcr\u00fcyor"},"content":{"rendered":"<p>Akdeniz Belediyesi Fen \u0130\u015fleri M\u00fcd\u00fcrl\u00fc\u011f\u00fc ekiplerinin, k\u0131rsal-merkez ay\u0131r\u0131m\u0131 yapmadan mahallelere sundu\u011fu asfalt ve kilit ta\u015f\u0131 kaplama, yeni yol a\u00e7ma, kald\u0131r\u0131m d\u00fczenleme hizmetleri, il\u00e7enin d\u00f6rt bir yan\u0131nda aral\u0131ks\u0131z devam ediyor.<\/p>\n<p><span style=\"font-size:16px;\"><span style=\"font-family: sans-serif; line-height: 20px; text-align: justify; background-color: rgb(242, 244, 245);\">Belediye Fen \u0130\u015flerine ba\u011fl\u0131 ekiplerce, Hal Mahallesi\u2019nde belirlenen sokaklarda asfalt kaplama \u00e7al\u0131\u015fmas\u0131 yaparken, Ye\u015filova, I\u011fd\u0131r ve Yanpar\u2019da yeni arazi yollar\u0131 a\u00e7ma, Hebilli, Camili, Yanpar, Ye\u015filova ve Yukar\u0131 Burhan mahallelerinde kilitli parke ta\u015flar\u0131 kaplama hizmeti sunuldu. Sokak ve kald\u0131r\u0131mlar\u0131 yenileyen ekipler, zarar g\u00f6ren kilit ta\u015flar\u0131n\u0131 da de\u011fi\u015ftirdi.\u00a0<\/span><br style=\"box-sizing: border-box; font-family: sans-serif; font-size: 14px; line-height: 20px; text-align: justify; background-color: rgb(242, 244, 245);\" \/><br \/>\n<span style=\"font-family: sans-serif; line-height: 20px; text-align: justify; background-color: rgb(242, 244, 245);\">\u201cS\u00f6z verdik, hizmet eksi\u011fi olan tek mahallemiz kalmayacak\u201d\u00a0<\/span><br style=\"box-sizing: border-box; font-family: sans-serif; font-size: 14px; line-height: 20px; text-align: justify; background-color: rgb(242, 244, 245);\" \/><br \/>\n<span style=\"font-family: sans-serif; line-height: 20px; text-align: justify; background-color: rgb(242, 244, 245);\">Akdeniz Belediye Ba\u015fkan\u0131 Muhittin Pamuk, \u00e7al\u0131\u015fmalar hakk\u0131nda yapt\u0131\u011f\u0131 de\u011ferlendirmede, insan odakl\u0131 hizmet ve y\u00f6netim anlay\u0131\u015f\u0131 ile belediyenin b\u00fct\u00e7esini e\u015fit ve adil kullanarak vatanda\u015f ve kent yarar\u0131na hizmetler sunduklar\u0131n\u0131n alt\u0131n\u0131 \u00e7izdi. \u201cAkdeniz\u2019i bir cazibe merkezine d\u00f6n\u00fc\u015ft\u00fcren, il\u00e7emiz s\u0131n\u0131rlar\u0131nda ya\u015fayan vatanda\u015flar\u0131m\u0131z\u0131n g\u00fcndelik ya\u015famlar\u0131n\u0131 kolayla\u015ft\u0131ran hizmet ve \u00e7al\u0131\u015fmalar\u0131m\u0131za aral\u0131ks\u0131z devam ediyoruz\u201d diyen Pamuk, program kapsam\u0131nda belirlenen ve ihtiya\u00e7 duyan t\u00fcm mahallelerde gereken hizmetlerin en k\u0131sa zaman i\u00e7inde vatanda\u015flara ula\u015ft\u0131r\u0131laca\u011f\u0131n\u0131 vurgulad\u0131.\u00a0<\/span><br style=\"box-sizing: border-box; font-family: sans-serif; font-size: 14px; line-height: 20px; text-align: justify; background-color: rgb(242, 244, 245);\" \/><br \/>\n<span style=\"font-family: sans-serif; line-height: 20px; text-align: justify; background-color: rgb(242, 244, 245);\">Pamuk, \u201cAkdeniz Belediyesi olarak, hizmet almayan mahalle ve sokak b\u0131rakmayacak, \u00f6zellikle k\u0131rsal b\u00f6lgelerde ya\u015fayan vatanda\u015flar\u0131m\u0131z\u0131 tozlu, toprakl\u0131, \u00e7amurlu yollar\u0131n olu\u015fturdu\u011fu sorun ve s\u0131k\u0131nt\u0131lardan kurtaraca\u011f\u0131z. Fen \u0130\u015fleri M\u00fcd\u00fcrl\u00fc\u011f\u00fcm\u00fcz b\u00fcnyesinde olu\u015fturulan ve say\u0131s\u0131 artt\u0131r\u0131lan asfalt kaplama, yol a\u00e7ma ve kilit ta\u015f\u0131 yenileme ekiplerimiz, ayn\u0131 anda il\u00e7emizin farkl\u0131 noktalar\u0131nda kesintisiz hizmet vermektedir. Halk\u0131m\u0131za bir s\u00f6z verdik. Hi\u00e7bir bahane \u00fcretmeden bu s\u00f6z\u00fcm\u00fcz\u00fcn gere\u011fini yerine getirece\u011fiz. Hi\u00e7 kimsenin endi\u015fesi olmas\u0131n. \u0130nsan odakl\u0131 y\u00f6netim anlay\u0131\u015f\u0131yla, Mersin\u2019i de\u011fi\u015ftiren, Akdeniz\u2019i cazibe merkezine d\u00f6n\u00fc\u015ft\u00fcren \u00e7al\u0131\u015fmalar\u0131m\u0131z ve hizmet ata\u011f\u0131m\u0131z 2018 y\u0131l\u0131 i\u00e7inde artarak s\u00fcrecek\u201d dedi.\u00a0<\/span><\/span><\/p>\n","protected":false},"excerpt":{"rendered":"<p>Akdeniz Belediyesi Fen \u0130\u015fleri M\u00fcd\u00fcrl\u00fc\u011f\u00fc ekiplerinin, k\u0131rsal-merkez ay\u0131r\u0131m\u0131 yapmadan mahallelere sundu\u011fu asfalt ve kilit ta\u015f\u0131 kaplama, yeni yol a\u00e7ma, kald\u0131r\u0131m d\u00fczenleme hizmetleri, il\u00e7enin d\u00f6rt bir yan\u0131nda aral\u0131ks\u0131z devam ediyor. Belediye &hellip; <a href=\"https:\/\/akdenizolaygazetesi.com\/?p=1629\" class=\"more-link\">Devam\u0131n\u0131 Oku&#8230;<\/a><\/p>\n","protected":false},"author":1,"featured_media":0,"comment_status":"open","ping_status":"open","sticky":false,"template":"","format":"standard","meta":[],"categories":[],"tags":[],"_links":{"self":[{"href":"https:\/\/akdenizolaygazetesi.com\/index.php?rest_route=\/wp\/v2\/posts\/1629"}],"collection":[{"href":"https:\/\/akdenizolaygazetesi.com\/index.php?rest_route=\/wp\/v2\/posts"}],"about":[{"href":"https:\/\/akdenizolaygazetesi.com\/index.php?rest_route=\/wp\/v2\/types\/post"}],"author":[{"embeddable":true,"href":"https:\/\/akdenizolaygazetesi.com\/index.php?rest_route=\/wp\/v2\/users\/1"}],"replies":[{"embeddable":true,"href":"https:\/\/akdenizolaygazetesi.com\/index.php?rest_route=%2Fwp%2Fv2%2Fcomments&post=1629"}],"version-history":[{"count":0,"href":"https:\/\/akdenizolaygazetesi.com\/index.php?rest_route=\/wp\/v2\/posts\/1629\/revisions"}],"wp:attachment":[{"href":"https:\/\/akdenizolaygazetesi.com\/index.php?rest_route=%2Fwp%2Fv2%2Fmedia&parent=1629"}],"wp:term":[{"taxonomy":"category","embeddable":true,"href":"https:\/\/akdenizolaygazetesi.com\/index.php?rest_route=%2Fwp%2Fv2%2Fcategories&post=1629"},{"taxonomy":"post_tag","embeddable":true,"href":"https:\/\/akdenizolaygazetesi.com\/index.php?rest_route=%2Fwp%2Fv2%2Ftags&post=1629"}],"curies":[{"name":"wp","href":"https:\/\/api.w.org\/{rel}","templated":true}]}}