{"id":16291,"date":"2022-01-25T13:17:35","date_gmt":"2022-01-25T10:17:35","guid":{"rendered":"http:\/\/akdenizolaygazetesi.com\/?p=16291"},"modified":"2022-01-25T13:17:35","modified_gmt":"2022-01-25T10:17:35","slug":"chpli-antmen-karayollarinin-kar-kureme-araclari-nerede","status":"publish","type":"post","link":"https:\/\/akdenizolaygazetesi.com\/?p=16291","title":{"rendered":"CHP\u2019L\u0130 ANTMEN \u2018KARAYOLLARININ KAR K\u00dcREME ARA\u00c7LARI NEREDE?\u2019"},"content":{"rendered":"<p>Kar ya\u011f\u0131\u015f\u0131 sonras\u0131 \u0130stanbul-Ankara otoyolu ba\u015fta olmak \u00fczere Mersin-Ankara ve Adana-Gaziantep otoyollar\u0131nda yollar kapand\u0131 ve vatanda\u015f mahsur kald\u0131. Belediyelerin kendi yetki ve sorumluluk alanlar\u0131ndaki yollar\u0131 temizledikleri izlenirken Ula\u015ft\u0131rma Bakanl\u0131\u011f\u0131 ve ilgili kurumlar\u0131n ara\u00e7lar\u0131n\u0131n yeterli say\u0131da olmad\u0131\u011f\u0131 ve \u015fehirleraras\u0131 yollara zaman\u0131nda m\u00fcdahale etmedi\u011fi kamuoyunda tart\u0131\u015f\u0131lmaya ba\u015fland\u0131. CHP Mersin Milletvekili Alpay Antmen konuyu Meclise ta\u015f\u0131d\u0131.<\/p>\n<p>Antmen, Ula\u015ft\u0131rma ve Altyap\u0131 Bakan\u0131 Adil Karaismailo\u011flu&#8217;nun yan\u0131tlamas\u0131 i\u00e7in verdi\u011fi soru \u00f6nergesinde 19 Ocak 2022&#8217;de Adana-Gaziantep Karayolunda kar ya\u011f\u0131\u015f\u0131 nedeniyle binlerce vatanda\u015f\u0131n yolda mahsur kald\u0131\u011f\u0131n\u0131 belirterek &#8220;Bir\u00e7ok ara\u00e7ta da akaryak\u0131t bitmesi nedeniyle baz\u0131 vatanda\u015flar donma tehlikesi ile kar\u015f\u0131 kar\u015f\u0131ya kalm\u0131\u015ft\u0131r. Yine ayn\u0131 g\u00fcn vatanda\u015flar g\u0131da ve ila\u00e7lara ula\u015famam\u0131\u015ft\u0131r. Bakanl\u0131\u011f\u0131n\u0131za ait ka\u00e7 tane kar k\u00fcreme, yol a\u00e7ma ve tuzlama arac\u0131 bulunmaktad\u0131r? Bunlar nerededir? Bunlardan ka\u00e7\u0131 bahsi ge\u00e7en tarihler aras\u0131ndaki kar ya\u011f\u0131\u015f\u0131na m\u00fcdahalede bulunmu\u015ftur?&#8221; diye sordu.<\/p>\n<p>Bu ya\u015fananlardan 5 g\u00fcn sonra 24 Ocak 2022 gecesi yine ayn\u0131 \u015fekilde Mersin-Adana-Ankara; \u0130stanbul-Ankara otoyolunun kar ya\u011f\u0131\u015f\u0131 nedeniyle ula\u015f\u0131ma kapand\u0131\u011f\u0131n\u0131n alt\u0131n\u0131 \u00e7izen CHP&#8217;li Vekil &#8220;Vatanda\u015flar yolda mahsur kald\u0131. Ayn\u0131 g\u00fcn karayollar\u0131 Genel M\u00fcd\u00fcrl\u00fc\u011f\u00fc&#8217;nden yap\u0131lan a\u00e7\u0131klamada &#8216;\u0130stanbul Ankara TEM ve Devlet Yolu, Gerede D\u00fczce aras\u0131 kesim yo\u011fun kar ya\u011f\u0131\u015f\u0131 nedeniyle, g\u00fcvenli trafik ak\u0131\u015f\u0131 sa\u011flanana kadar, t\u00fcm ara\u00e7 ge\u00e7i\u015flerine kapat\u0131lm\u0131\u015ft\u0131r&#8217; denildi. Ayr\u0131ca, \u00fclke genelinde bir\u00e7ok yol kar ya\u011f\u0131\u015f\u0131 nedeniyle ula\u015f\u0131ma kapand\u0131, \u00e7ok say\u0131da insan ve ara\u00e7 mahsur kald\u0131&#8221; ifadelerini kulland\u0131.<\/p>\n<p>CHP&#8217;li Antmen&#8217;in \u00f6nergesinde yer alan sorular \u015funlar;<\/p>\n<p>\u2013 1 Ocak 2022 tarihinden; \u00f6nergenin yan\u0131tland\u0131\u011f\u0131 g\u00fcne kadar ge\u00e7en s\u00fcrede ya\u011f\u0131\u015f, bozuk yol, \u00e7\u00f6kme, afet ve teknik aksakl\u0131klar nedeniyle kapanan karayollar\u0131 neresidir? Bu karayollar\u0131n\u0131n bulunduklar\u0131 iller hangileridir? Bahsi ge\u00e7en tarihler aras\u0131nda ka\u00e7 ara\u00e7 ve insan\u0131m\u0131z yolda mahsur kalm\u0131\u015ft\u0131r? Yolda kalan ara\u00e7lar\u0131n ka\u00e7\u0131 ticari ara\u00e7t\u0131r?<\/p>\n<p>\u2013 \u00d6nergede belirtilen tarih aral\u0131\u011f\u0131nda yolda kalan ara\u00e7lar ne zaman ve ne \u015fekillerde kurtar\u0131lm\u0131\u015ft\u0131r? Bakanl\u0131\u011f\u0131n\u0131za, valiliklere, AFAD&#8217;a ve ilgili kurumlara gelen yard\u0131m ve kurtar\u0131lma talebi ka\u00e7t\u0131r?<\/p>\n<p>\u2013 Bakanl\u0131\u011f\u0131n\u0131za ait ka\u00e7 tane kar k\u00fcreme, yol a\u00e7ma ve tuzlama arac\u0131 bulunmaktad\u0131r? Bunlar nerededir? Bunlardan ka\u00e7\u0131 bahsi ge\u00e7en tarihler aras\u0131ndaki kar ya\u011f\u0131\u015f\u0131na m\u00fcdahalede bulunmu\u015ftur? M\u00fcdahalede bulunan ara\u00e7lar hangi ilde ne zaman harekete ge\u00e7mi\u015ftir?<\/p>\n<p>\u2013 Bakanl\u0131\u011f\u0131n\u0131z b\u00fcnyesinde \u00e7al\u0131\u015fan kar k\u00fcreme, yol a\u00e7ma ve tuzlama arac\u0131 operat\u00f6r\u00fc say\u0131s\u0131 ka\u00e7t\u0131r? Bunlar hangi illerdedir?<\/p>\n<p>\u2013 Ocak 2020 ila \u00f6nergenin yan\u0131tland\u0131\u011f\u0131 tarihe kadar ge\u00e7en s\u00fcrede bakanl\u0131k olarak karayollar\u0131 ve otoyollarda ya\u015fanabilecek afet, ya\u011f\u0131\u015f ve engelleyici olaylara kar\u015f\u0131 \u00e7al\u0131\u015facak ka\u00e7 firma ile anla\u015f\u0131lm\u0131\u015ft\u0131r? Bunlara ne kadar \u00f6denmi\u015ftir? Bunlar\u0131n ka\u00e7\u0131 ya\u015fanan kar ya\u011f\u0131\u015flar\u0131 ve afetlere m\u00fcdahale etmi\u015ftir? Bahsi ge\u00e7en \u015firketlerle ihale ne \u015fekilde yap\u0131lm\u0131\u015ft\u0131r ve bu firmalar hangileridir?<\/p>\n","protected":false},"excerpt":{"rendered":"<p>Kar ya\u011f\u0131\u015f\u0131 sonras\u0131 \u0130stanbul-Ankara otoyolu ba\u015fta olmak \u00fczere Mersin-Ankara ve Adana-Gaziantep otoyollar\u0131nda yollar kapand\u0131 ve vatanda\u015f mahsur kald\u0131. Belediyelerin kendi yetki ve sorumluluk alanlar\u0131ndaki yollar\u0131 temizledikleri izlenirken Ula\u015ft\u0131rma Bakanl\u0131\u011f\u0131 ve &hellip; <a href=\"https:\/\/akdenizolaygazetesi.com\/?p=16291\" class=\"more-link\">Devam\u0131n\u0131 Oku&#8230;<\/a><\/p>\n","protected":false},"author":2,"featured_media":16292,"comment_status":"open","ping_status":"open","sticky":false,"template":"","format":"standard","meta":[],"categories":[2,3,6],"tags":[],"_links":{"self":[{"href":"https:\/\/akdenizolaygazetesi.com\/index.php?rest_route=\/wp\/v2\/posts\/16291"}],"collection":[{"href":"https:\/\/akdenizolaygazetesi.com\/index.php?rest_route=\/wp\/v2\/posts"}],"about":[{"href":"https:\/\/akdenizolaygazetesi.com\/index.php?rest_route=\/wp\/v2\/types\/post"}],"author":[{"embeddable":true,"href":"https:\/\/akdenizolaygazetesi.com\/index.php?rest_route=\/wp\/v2\/users\/2"}],"replies":[{"embeddable":true,"href":"https:\/\/akdenizolaygazetesi.com\/index.php?rest_route=%2Fwp%2Fv2%2Fcomments&post=16291"}],"version-history":[{"count":1,"href":"https:\/\/akdenizolaygazetesi.com\/index.php?rest_route=\/wp\/v2\/posts\/16291\/revisions"}],"predecessor-version":[{"id":16293,"href":"https:\/\/akdenizolaygazetesi.com\/index.php?rest_route=\/wp\/v2\/posts\/16291\/revisions\/16293"}],"wp:featuredmedia":[{"embeddable":true,"href":"https:\/\/akdenizolaygazetesi.com\/index.php?rest_route=\/wp\/v2\/media\/16292"}],"wp:attachment":[{"href":"https:\/\/akdenizolaygazetesi.com\/index.php?rest_route=%2Fwp%2Fv2%2Fmedia&parent=16291"}],"wp:term":[{"taxonomy":"category","embeddable":true,"href":"https:\/\/akdenizolaygazetesi.com\/index.php?rest_route=%2Fwp%2Fv2%2Fcategories&post=16291"},{"taxonomy":"post_tag","embeddable":true,"href":"https:\/\/akdenizolaygazetesi.com\/index.php?rest_route=%2Fwp%2Fv2%2Ftags&post=16291"}],"curies":[{"name":"wp","href":"https:\/\/api.w.org\/{rel}","templated":true}]}}