{"id":16300,"date":"2022-01-26T14:05:40","date_gmt":"2022-01-26T11:05:40","guid":{"rendered":"http:\/\/akdenizolaygazetesi.com\/?p=16300"},"modified":"2022-01-26T14:05:40","modified_gmt":"2022-01-26T11:05:40","slug":"hafta-sonlari-da-uretim-yapacagiz","status":"publish","type":"post","link":"https:\/\/akdenizolaygazetesi.com\/?p=16300","title":{"rendered":"HAFTA SONLARI DA \u00dcRET\u0130M YAPACA\u011eIZ"},"content":{"rendered":"<p>T\u00fcrkiye genelindeki t\u00fcm OSB&#8217;lerde ya\u015fanan enerji k\u0131s\u0131tlamas\u0131n\u0131n \u00fcretime darbe vurmamas\u0131 i\u00e7in \u00e7al\u0131\u015ft\u0131klar\u0131n\u0131 belirten Mersin Tarsus Organize Sanayi B\u00f6lgesi Ba\u015fkan\u0131 Sabri Tekli, &#8216;Sanayicilerimiz hafta sonlar\u0131 da \u00fcretim yaparak bu s\u0131k\u0131nt\u0131n\u0131n \u00fcstesinden gelecekler&#8217; dedi.<\/p>\n<p>T\u00fcrkiye&#8217;deki t\u00fcm OSB&#8217;lerde TE\u0130A\u015e taraf\u0131ndan 3 g\u00fcn boyunca yap\u0131lan elektrik k\u0131s\u0131tlamas\u0131 ile ilgili yaz\u0131l\u0131 bir a\u00e7\u0131klama yapan Ba\u015fkan Tekli, &#8216;MTOSB olarak 3 b\u00f6lgede faaliyet g\u00f6steriyoruz. B\u00f6lgelerimizde bu hafta 3 g\u00fcn boyunca enerji k\u0131s\u0131tlamas\u0131na gidiliyor. Bu konu ile ilgili ge\u00e7ti\u011fimiz haftadan bu yana sanayicilerimize gerekli bilgilendirmeleri yapt\u0131k. Pazar g\u00fcn\u00fc Sanayi ve Teknoloji Bakan\u0131m\u0131z Mustafa Varank ile Enerji ve Tabii Kaynaklar Bakan\u0131m\u0131z Fatih D\u00f6nmez, enerji k\u0131s\u0131nt\u0131lar\u0131 konusunda d\u00fczenlenen isti\u015fare toplant\u0131s\u0131nda, sanayicilerin taleplerini dinledi. Biz de online yap\u0131lan bu toplant\u0131da taleplerimizi dile getirdik. OSB y\u00f6netimleri kritik prosesi olan firmalar\u0131 belirlediler ve bu kritik firmalara enerji tedariki devam edecek \u015fekilde bir planlama yap\u0131ld\u0131&#8217; dedi.<\/p>\n<p>Mersin Tarsus Organize Sanayi B\u00f6lgesi olarak ciddi bir \u00fcretim hacmi yakalad\u0131klar\u0131n\u0131n alt\u0131n\u0131 \u00e7izen Ba\u015fkan Tekli, &#8216;\u00dcretim rakamlar\u0131m\u0131zdaki art\u0131\u015f ile birlikte enerji t\u00fcketim rakamlar\u0131m\u0131z da art\u0131yor. Ge\u00e7ti\u011fimiz ay 130 Milyon TL do\u011falgaz, 40 milyon TL elektrik faturas\u0131 \u00f6dedik. Yap\u0131lan elektrik k\u0131s\u0131tlamas\u0131 s\u00fcrecinde OSB&#8217;lere y\u00fczde 10 ila 20 aras\u0131nda kullan\u0131m hakk\u0131 verildi. Biz ise yapt\u0131\u011f\u0131m\u0131z \u00e7al\u0131\u015fmalar sonras\u0131nda \u00f6zellikle so\u011fuk hava depolar\u0131m\u0131zdaki \u00fcr\u00fcnlerin zarar g\u00f6rmemesi ad\u0131na y\u00fczde 10&#8217;luk bir kullan\u0131m hakk\u0131 daha ald\u0131k. Ayr\u0131ca f\u0131r\u0131nlar\u0131 olan, ekmek \u00fcretimi yapan, cam sekt\u00f6r\u00fcne ait f\u0131r\u0131nlar,  so\u011fuk hava depolar\u0131 ve b\u00f6lgemizde depolama yap\u0131lan \u00fcr\u00fcnlerin bozulmamas\u0131 i\u00e7in \u00e7\u00f6z\u00fcmler \u00fcrettik. Bu 3 g\u00fcnl\u00fck s\u00fcreci en az hasar ile atlataca\u011f\u0131m\u0131zdan eminim. Sanayicilerimizin bir\u00e7o\u011fu \u00f6n\u00fcm\u00fczdeki g\u00fcnlerde hafta sonlar\u0131 \u00e7al\u0131\u015farak, ek mesailer ile bu s\u00fcreci zarars\u0131z bir \u015fekilde atlatacaklard\u0131r. \u00dcretim \u00fclke ekonomisi i\u00e7in olmazsa olmaz bir unsur. Devletimiz de bunun bilincinde ve bunun i\u00e7in \u00e7\u00f6z\u00fcm \u00f6nerilerini ivedilikle harekete ge\u00e7iriyorlar. Bu 3 g\u00fcnl\u00fck a\u00e7\u0131\u011f\u0131 sanayicimizin bilgi becerisi ve tecr\u00fcbesi ile atlataca\u011f\u0131ndan eminim. 3 G\u00fcn boyunca \u00fcretimimizi tamamen durdurmayaca\u011f\u0131z. Enerjimiz var ama bunu k\u0131s\u0131tl\u0131 kullanmam\u0131z gerekiyor. Mersinli sanayicilerimizin birlik ve beraberlik i\u00e7erisinde bu s\u00fcreci atlataca\u011f\u0131ndan ku\u015fkumuz yok&#8217; dedi.<\/p>\n","protected":false},"excerpt":{"rendered":"<p>T\u00fcrkiye genelindeki t\u00fcm OSB&#8217;lerde ya\u015fanan enerji k\u0131s\u0131tlamas\u0131n\u0131n \u00fcretime darbe vurmamas\u0131 i\u00e7in \u00e7al\u0131\u015ft\u0131klar\u0131n\u0131 belirten Mersin Tarsus Organize Sanayi B\u00f6lgesi Ba\u015fkan\u0131 Sabri Tekli, &#8216;Sanayicilerimiz hafta sonlar\u0131 da \u00fcretim yaparak bu s\u0131k\u0131nt\u0131n\u0131n \u00fcstesinden &hellip; <a href=\"https:\/\/akdenizolaygazetesi.com\/?p=16300\" class=\"more-link\">Devam\u0131n\u0131 Oku&#8230;<\/a><\/p>\n","protected":false},"author":2,"featured_media":16301,"comment_status":"open","ping_status":"open","sticky":false,"template":"","format":"standard","meta":[],"categories":[8,2,3,6],"tags":[],"_links":{"self":[{"href":"https:\/\/akdenizolaygazetesi.com\/index.php?rest_route=\/wp\/v2\/posts\/16300"}],"collection":[{"href":"https:\/\/akdenizolaygazetesi.com\/index.php?rest_route=\/wp\/v2\/posts"}],"about":[{"href":"https:\/\/akdenizolaygazetesi.com\/index.php?rest_route=\/wp\/v2\/types\/post"}],"author":[{"embeddable":true,"href":"https:\/\/akdenizolaygazetesi.com\/index.php?rest_route=\/wp\/v2\/users\/2"}],"replies":[{"embeddable":true,"href":"https:\/\/akdenizolaygazetesi.com\/index.php?rest_route=%2Fwp%2Fv2%2Fcomments&post=16300"}],"version-history":[{"count":1,"href":"https:\/\/akdenizolaygazetesi.com\/index.php?rest_route=\/wp\/v2\/posts\/16300\/revisions"}],"predecessor-version":[{"id":16302,"href":"https:\/\/akdenizolaygazetesi.com\/index.php?rest_route=\/wp\/v2\/posts\/16300\/revisions\/16302"}],"wp:featuredmedia":[{"embeddable":true,"href":"https:\/\/akdenizolaygazetesi.com\/index.php?rest_route=\/wp\/v2\/media\/16301"}],"wp:attachment":[{"href":"https:\/\/akdenizolaygazetesi.com\/index.php?rest_route=%2Fwp%2Fv2%2Fmedia&parent=16300"}],"wp:term":[{"taxonomy":"category","embeddable":true,"href":"https:\/\/akdenizolaygazetesi.com\/index.php?rest_route=%2Fwp%2Fv2%2Fcategories&post=16300"},{"taxonomy":"post_tag","embeddable":true,"href":"https:\/\/akdenizolaygazetesi.com\/index.php?rest_route=%2Fwp%2Fv2%2Ftags&post=16300"}],"curies":[{"name":"wp","href":"https:\/\/api.w.org\/{rel}","templated":true}]}}