{"id":16315,"date":"2022-01-27T13:12:59","date_gmt":"2022-01-27T10:12:59","guid":{"rendered":"http:\/\/akdenizolaygazetesi.com\/?p=16315"},"modified":"2022-01-27T13:12:59","modified_gmt":"2022-01-27T10:12:59","slug":"karla-mucadele-calismasi-her-noktada-suruyor","status":"publish","type":"post","link":"https:\/\/akdenizolaygazetesi.com\/?p=16315","title":{"rendered":"KARLA M\u00dcCADELE \u00c7ALI\u015eMASI HER NOKTADA S\u00dcR\u00dcYOR"},"content":{"rendered":"<p>Mersin B\u00fcy\u00fck\u015fehir Belediyesi, g\u00fcnlerdir t\u00fcm T\u00fcrkiye&#8217;yi ve Mersin&#8217;i etkisi alt\u0131na alan yo\u011fun kar ya\u011f\u0131\u015f\u0131na kar\u015f\u0131 etkin bir \u015fekilde m\u00fccadele \u00e7al\u0131\u015fmas\u0131 y\u00fcr\u00fct\u00fcyor. K\u0131rsal b\u00f6lgelerde \u00f6nemli noktalara konu\u015fland\u0131r\u0131lan i\u015f makineleri ve personel, d\u00f6n\u00fc\u015f\u00fcml\u00fc bir \u015fekilde y\u00fcr\u00fctt\u00fc\u011f\u00fc m\u00fccadele \u00e7al\u0131\u015fmas\u0131nda bir yandan yollar\u0131 temizleyip g\u00fcvenli ula\u015f\u0131m\u0131 sa\u011flarken, di\u011fer yandan mahsur kalan vatanda\u015flar\u0131 kurtar\u0131yor.<br \/>\nVatanda\u015flar mahsur kal\u0131yor, B\u00fcy\u00fck\u015fehir kurtar\u0131yor<br \/>\nToroslar, Erdemli, Tarsus, \u00c7aml\u0131yayla gibi bir\u00e7ok il\u00e7ede \u00f6zellikle y\u00fcksek kesimlerde kar ya\u011f\u0131\u015f\u0131n\u0131n artmas\u0131 ile ara\u00e7lar yolda kal\u0131rken, baz\u0131 b\u00f6lgelerde vatanda\u015flar evlerinde, hayvanlar ise ah\u0131rlarda mahsur kal\u0131yor. \u0130hbar gelen t\u00fcm noktalara an\u0131nda m\u00fcdahalede bulunan B\u00fcy\u00fck\u015fehir Belediyesi Yol Yap\u0131m Bak\u0131m ve Onar\u0131m Dairesi ekipleri, hem yollar\u0131 a\u00e7arak g\u00fcvenli ula\u015f\u0131m sa\u011fl\u0131yor hem de vatanda\u015flar\u0131 esaretten kurtar\u0131yor.<br \/>\nT\u00fcm il\u00e7elerde oldu\u011fu gibi Toroslar&#8217;da da gece-g\u00fcnd\u00fcz \u00e7al\u0131\u015fan ekipler, So\u011fucak, Bekiralan\u0131, Ayvagedi\u011fi, G\u00f6zne, T\u0131rtar, G\u00fczelyayla, De\u011firmendere, K\u0131z\u0131lkaya, Alanyal\u0131, De\u011fnek, Atl\u0131lar, Yenik\u00f6y ve Arslank\u00f6y&#8217;de s\u00fcrd\u00fcrd\u00fc\u011f\u00fc \u00e7al\u0131\u015fmalarla kara ge\u00e7it vermiyor. B\u00fcy\u00fck\u015fehir&#8217;in \u00e7al\u0131\u015fmalar\u0131ndan ve t\u00fcm ihbarlara titizlikle yan\u0131t vermesinden memnun olan b\u00f6lge halk\u0131 ekiplere te\u015fekk\u00fcr ediyor.<br \/>\n&#8220;Bu y\u0131lki gibi bir kar g\u00f6rmedim&#8221;<br \/>\nSo\u011fucak Mahallesi sakinlerinden Ali \u00c7\u00f6k\u00fc\u015f, kendi imkanlar\u0131 ile evinin \u00f6n\u00fcne biriken karlar\u0131 temizlerken B\u00fcy\u00fck\u015fehir ekiplerinin geldi\u011fini belirterek, &#8220;35 senedir buraday\u0131m. Bu y\u0131lki gibi bir kar g\u00f6rmedim. K\u00fcrekle yollar\u0131 a\u00e7maya ba\u015flad\u0131m, sa\u011f olsun kep\u00e7eyle yard\u0131ma geldiler. Garaj\u0131n \u00f6n\u00fcn\u00fc a\u00e7t\u0131k. Kurtard\u0131lar bizi. Allah raz\u0131 olsun&#8221; dedi.<\/p>\n","protected":false},"excerpt":{"rendered":"<p>Mersin B\u00fcy\u00fck\u015fehir Belediyesi, g\u00fcnlerdir t\u00fcm T\u00fcrkiye&#8217;yi ve Mersin&#8217;i etkisi alt\u0131na alan yo\u011fun kar ya\u011f\u0131\u015f\u0131na kar\u015f\u0131 etkin bir \u015fekilde m\u00fccadele \u00e7al\u0131\u015fmas\u0131 y\u00fcr\u00fct\u00fcyor. K\u0131rsal b\u00f6lgelerde \u00f6nemli noktalara konu\u015fland\u0131r\u0131lan i\u015f makineleri ve personel, &hellip; <a href=\"https:\/\/akdenizolaygazetesi.com\/?p=16315\" class=\"more-link\">Devam\u0131n\u0131 Oku&#8230;<\/a><\/p>\n","protected":false},"author":2,"featured_media":16316,"comment_status":"open","ping_status":"open","sticky":false,"template":"","format":"standard","meta":[],"categories":[1,2,3],"tags":[],"_links":{"self":[{"href":"https:\/\/akdenizolaygazetesi.com\/index.php?rest_route=\/wp\/v2\/posts\/16315"}],"collection":[{"href":"https:\/\/akdenizolaygazetesi.com\/index.php?rest_route=\/wp\/v2\/posts"}],"about":[{"href":"https:\/\/akdenizolaygazetesi.com\/index.php?rest_route=\/wp\/v2\/types\/post"}],"author":[{"embeddable":true,"href":"https:\/\/akdenizolaygazetesi.com\/index.php?rest_route=\/wp\/v2\/users\/2"}],"replies":[{"embeddable":true,"href":"https:\/\/akdenizolaygazetesi.com\/index.php?rest_route=%2Fwp%2Fv2%2Fcomments&post=16315"}],"version-history":[{"count":1,"href":"https:\/\/akdenizolaygazetesi.com\/index.php?rest_route=\/wp\/v2\/posts\/16315\/revisions"}],"predecessor-version":[{"id":16317,"href":"https:\/\/akdenizolaygazetesi.com\/index.php?rest_route=\/wp\/v2\/posts\/16315\/revisions\/16317"}],"wp:featuredmedia":[{"embeddable":true,"href":"https:\/\/akdenizolaygazetesi.com\/index.php?rest_route=\/wp\/v2\/media\/16316"}],"wp:attachment":[{"href":"https:\/\/akdenizolaygazetesi.com\/index.php?rest_route=%2Fwp%2Fv2%2Fmedia&parent=16315"}],"wp:term":[{"taxonomy":"category","embeddable":true,"href":"https:\/\/akdenizolaygazetesi.com\/index.php?rest_route=%2Fwp%2Fv2%2Fcategories&post=16315"},{"taxonomy":"post_tag","embeddable":true,"href":"https:\/\/akdenizolaygazetesi.com\/index.php?rest_route=%2Fwp%2Fv2%2Ftags&post=16315"}],"curies":[{"name":"wp","href":"https:\/\/api.w.org\/{rel}","templated":true}]}}