{"id":16318,"date":"2022-01-27T13:30:02","date_gmt":"2022-01-27T10:30:02","guid":{"rendered":"http:\/\/akdenizolaygazetesi.com\/?p=16318"},"modified":"2022-01-27T13:30:02","modified_gmt":"2022-01-27T10:30:02","slug":"son-karar-geldi-ilk-mac-seyircisiz","status":"publish","type":"post","link":"https:\/\/akdenizolaygazetesi.com\/?p=16318","title":{"rendered":"SON KARAR GELD\u0130, \u0130LK MA\u00c7 SEY\u0130RC\u0130S\u0130Z"},"content":{"rendered":"<p>Covid-19 vakalar\u0131 nedeniyle \u00c7ukurova Basketbol Kul\u00fcb\u00fc (\u00c7BK) Mersin Yeni\u015fehir Belediyesi ma\u00e7 fikst\u00fcr\u00fcnde ya\u015fanan belirsizlik \u00e7\u00f6z\u00fcld\u00fc. \u00c7BK&#8217;n\u0131n Avrupa Kupas\u0131 ve ligdeki m\u00fcsabaka program\u0131 netle\u015firken, Flammes Carolo e\u015fle\u015fmesinin 2 ma\u00e7\u0131n\u0131n da Mersin&#8217;de oynanaca\u011f\u0131 a\u00e7\u0131kland\u0131.<\/p>\n<p>Avrupa Kupas\u0131&#8217;nda 13 Ocak&#8217;ta oynanmas\u0131 gereken Carolo-\u00c7BK e\u015fle\u015fmesinin ilk ma\u00e7\u0131, Mersin temsilcisindeki Covid-19 vakalar\u0131 nedeniyle 19 Ocak&#8217;a ertelendi. Turuncu-lacivertliler yeniden yap\u0131lan planlama do\u011frultusunda m\u00fcsabakadan 2 g\u00fcn \u00f6nce Fransa&#8217;ya gitti ancak bu kez de Flammesli basketbolcularda ma\u00e7 g\u00fcn\u00fc 5 pozitif vaka g\u00f6r\u00fclmesi \u00fczerine kar\u015f\u0131la\u015fma iptal edildi.<\/p>\n<p>Birka\u00e7 g\u00fcn \u00f6nce yeni ma\u00e7 takvimini duyuran FIBA, kar\u015f\u0131la\u015fmalar\u0131n ilkinin 29 Ocak Cumartesi g\u00fcn\u00fc Fransa&#8217;n\u0131n Charleville-Mezieres kentinde, ikincisinin ise 2 \u015eubat \u00c7ar\u015famba g\u00fcn\u00fc Mersin&#8217;de oynanaca\u011f\u0131 a\u00e7\u0131klad\u0131 ancak koronavir\u00fcsle sava\u015fan Frans\u0131z ekibinde yeni vakalar\u0131n g\u00f6r\u00fcl\u00fcnce, m\u00fcsabakalar bir kez daha ertelendi. <\/p>\n<p>SON KARAR GELD\u0130, \u0130LK MA\u00c7 SEY\u0130RC\u0130S\u0130Z<br \/>\nFIBA&#8217;n\u0131n son ald\u0131\u011f\u0131 karara g\u00f6re e\u015fle\u015fmenin 2 ma\u00e7\u0131 da Mersin&#8217;de Edip Buran Spor Salonu&#8217;nda oynanacak ancak 16 \u015eubat&#8217;taki ilk ma\u00e7a Flammes Carolo&#8217;nun i\u00e7 saha avantaj\u0131n\u0131 ya\u015famas\u0131 i\u00e7in seyirci al\u0131nmayacak. Taraflar ikinci ma\u00e7 i\u00e7in 17 \u015eubat&#8217;ta bir kez daha Edip Buran&#8217;da parkeye \u00e7\u0131kacak. Bu m\u00fcsabaka ise Mersinli taraftarlara a\u00e7\u0131k olacak. \u0130ki kar\u015f\u0131la\u015fma da YouTube\/FIBA linkinden takip edilebilecek. <\/p>\n<p>Ayr\u0131ca turuncu-lacivertliler Herbalife Nutrition Kad\u0131nlar Basketbol S\u00fcper Ligi&#8217;nin 16&#8217;nc\u0131 haftas\u0131nda 29 Ocak Cumartesi g\u00fcn\u00fc \u00c7ankaya \u00dcniversitesi&#8217;ni konuk edecek. Saat 14.00&#8217;te Edip Buran Spor Salonu&#8217;nda ba\u015flayacak olan kar\u015f\u0131la\u015fma, YouTube\/TBF \u00fczerinden naklen yay\u0131nlanacak. <\/p>\n","protected":false},"excerpt":{"rendered":"<p>Covid-19 vakalar\u0131 nedeniyle \u00c7ukurova Basketbol Kul\u00fcb\u00fc (\u00c7BK) Mersin Yeni\u015fehir Belediyesi ma\u00e7 fikst\u00fcr\u00fcnde ya\u015fanan belirsizlik \u00e7\u00f6z\u00fcld\u00fc. \u00c7BK&#8217;n\u0131n Avrupa Kupas\u0131 ve ligdeki m\u00fcsabaka program\u0131 netle\u015firken, Flammes Carolo e\u015fle\u015fmesinin 2 ma\u00e7\u0131n\u0131n da Mersin&#8217;de &hellip; <a href=\"https:\/\/akdenizolaygazetesi.com\/?p=16318\" class=\"more-link\">Devam\u0131n\u0131 Oku&#8230;<\/a><\/p>\n","protected":false},"author":2,"featured_media":16319,"comment_status":"open","ping_status":"open","sticky":false,"template":"","format":"standard","meta":[],"categories":[2,3,5,10],"tags":[],"_links":{"self":[{"href":"https:\/\/akdenizolaygazetesi.com\/index.php?rest_route=\/wp\/v2\/posts\/16318"}],"collection":[{"href":"https:\/\/akdenizolaygazetesi.com\/index.php?rest_route=\/wp\/v2\/posts"}],"about":[{"href":"https:\/\/akdenizolaygazetesi.com\/index.php?rest_route=\/wp\/v2\/types\/post"}],"author":[{"embeddable":true,"href":"https:\/\/akdenizolaygazetesi.com\/index.php?rest_route=\/wp\/v2\/users\/2"}],"replies":[{"embeddable":true,"href":"https:\/\/akdenizolaygazetesi.com\/index.php?rest_route=%2Fwp%2Fv2%2Fcomments&post=16318"}],"version-history":[{"count":1,"href":"https:\/\/akdenizolaygazetesi.com\/index.php?rest_route=\/wp\/v2\/posts\/16318\/revisions"}],"predecessor-version":[{"id":16320,"href":"https:\/\/akdenizolaygazetesi.com\/index.php?rest_route=\/wp\/v2\/posts\/16318\/revisions\/16320"}],"wp:featuredmedia":[{"embeddable":true,"href":"https:\/\/akdenizolaygazetesi.com\/index.php?rest_route=\/wp\/v2\/media\/16319"}],"wp:attachment":[{"href":"https:\/\/akdenizolaygazetesi.com\/index.php?rest_route=%2Fwp%2Fv2%2Fmedia&parent=16318"}],"wp:term":[{"taxonomy":"category","embeddable":true,"href":"https:\/\/akdenizolaygazetesi.com\/index.php?rest_route=%2Fwp%2Fv2%2Fcategories&post=16318"},{"taxonomy":"post_tag","embeddable":true,"href":"https:\/\/akdenizolaygazetesi.com\/index.php?rest_route=%2Fwp%2Fv2%2Ftags&post=16318"}],"curies":[{"name":"wp","href":"https:\/\/api.w.org\/{rel}","templated":true}]}}