{"id":16328,"date":"2022-01-28T12:35:10","date_gmt":"2022-01-28T09:35:10","guid":{"rendered":"http:\/\/akdenizolaygazetesi.com\/?p=16328"},"modified":"2022-01-28T12:35:10","modified_gmt":"2022-01-28T09:35:10","slug":"yapilan-bu-baski-mobbing-degil-midir","status":"publish","type":"post","link":"https:\/\/akdenizolaygazetesi.com\/?p=16328","title":{"rendered":"&#8216;Yap\u0131lan bu bask\u0131 mobbing de\u011fil midir?&#8217;"},"content":{"rendered":"<p>PTT Genel M\u00fcd\u00fcrl\u00fc\u011f\u00fc; PTT \u00e7al\u0131\u015fanlar\u0131n\u0131 yo\u011fun kar ya\u011f\u0131\u015f\u0131 nedeniyle kargo da\u011f\u0131t\u0131mlar\u0131n\u0131n aksamas\u0131 \u00fczerine &#8216;i\u015ften atmakla&#8217; tehdit etti.<\/p>\n<p>Yo\u011fun kar ya\u011f\u0131\u015f\u0131 \u00fclkenin bir\u00e7ok yerinde ciddi aksamalar ve ula\u015f\u0131m sorunlar\u0131 ya\u015fat\u0131rken PTT Genel M\u00fcd\u00fcr\u00fc Hakan G\u00fclten kargo da\u011f\u0131t\u0131mlar\u0131n\u0131n aksad\u0131\u011f\u0131n\u0131 belirterek, kargo da\u011f\u0131t\u0131mlar\u0131nda ya\u015fanan gecikmelerden sorumlu \u00e7al\u0131\u015fanlar\u0131n i\u015f akdinin feshedilebilece\u011fini bildirdi. CHP Konuyu Meclise ta\u015f\u0131d\u0131.<\/p>\n<p>CHP Mersin Milletvekili Alpay Antmen, Ula\u015ft\u0131rma ve Altyap\u0131 Bakan\u0131 Adil Karaismailo\u011flu taraf\u0131ndan yan\u0131tlanmas\u0131 istemiyle verdi\u011fi soru \u00f6nergesinde, PTT Genel M\u00fcd\u00fcr\u00fc Hakan G\u00fclten\u2019in PTT Ba\u015fm\u00fcd\u00fcrl\u00fcklerine g\u00f6nderdi\u011fi yaz\u0131da, hava \u015fartlar\u0131 ve ya\u015fanan b\u00fcy\u00fck zorluklar\u0131 g\u00f6z ard\u0131 ederek PTT \u00e7al\u0131\u015fanlar\u0131n\u0131 i\u015ften atmakla tehdit etti\u011fini belirtti. Antmen, PTT Genel M\u00fcd\u00fcr\u00fc Hakan G\u00fclten&#8217;in bu talimat\u0131n\u0131n insanl\u0131k d\u0131\u015f\u0131 oldu\u011funu belirterek \u201cBu talimat hem kanunlara hem de \u00e7al\u0131\u015fma bar\u0131\u015f\u0131na ayk\u0131r\u0131d\u0131r. Bu insanl\u0131k d\u0131\u015f\u0131 talimat\u0131n biran \u00f6nce geri \u00e7ekilmesi gerekiyor. Yeterli kadro istihdam\u0131 yap\u0131lm\u0131yor. Yo\u011fun kar f\u0131rt\u0131nas\u0131 ve ula\u015f\u0131m sorunlar\u0131 yokmu\u015f gibi PTT emek\u00e7ilerinden insan haklar\u0131na ayk\u0131r\u0131 i\u015fler talep ediliyor. Kendi beceriksizliklerinin y\u00fck\u00fcn\u00fc emek\u00e7ilere ihale etmek istiyorlar\u201d dedi.<\/p>\n<p>CHP\u2019li Vekil, \u00f6nergesinde Ula\u015ft\u0131rma Bakan\u0131 Karaismailo\u011flu\u2019na bu talimat\u0131n geri \u00e7ekilmesi i\u00e7in harekete ge\u00e7ip ge\u00e7meyece\u011fini sordu.<\/p>\n<p>PTT Genel M\u00fcd\u00fcr\u00fc Hakan G\u00fclten taraf\u0131ndan bildirim alan PTT Ba\u015fm\u00fcd\u00fcrl\u00fckleri ise PTT m\u00fcd\u00fcrl\u00fcklerine g\u00f6nderdi\u011fi yaz\u0131da \u015fu ifadelere yer vermi\u015fti; \u201cGenel M\u00fcd\u00fcr\u00fcm\u00fcz Hakan G\u00fclten\u2019den bizzat g\u00f6nderilen 21.01.2022 tarihli e-mail gere\u011fince; ba\u015fta PTT M\u00fcd\u00fcrl\u00fcklerimiz olmak \u00fczere \u0130dari Hizmet S\u00f6zle\u015fmeli (\u0130HS) ve firma personellerinin cihet ve cihet depolar\u0131nda bekletilen ve da\u011f\u0131t\u0131lmayan t\u00fcm g\u00f6nderilerin 25.01.2022 tarihine kadar ivedilikle da\u011f\u0131t\u0131lmas\u0131n\u0131, cihet depolar\u0131n\u0131 da\u011f\u0131tmayan personellerin isimleri Genel M\u00fcd\u00fcrl\u00fc\u011f\u00fcm\u00fcze bildirilecek olup ilgili personel hakk\u0131nda mevzuat\u0131m\u0131z gere\u011fince i\u015f feshi dahil olmak \u00fczere gere\u011fi sa\u011flanacakt\u0131r.\u201d<\/p>\n<p>Haber-Sen Merkez Y\u00fcr\u00fctme Kurulu taraf\u0131ndan yap\u0131lan a\u00e7\u0131klamada ise k\u00f6t\u00fc hava ko\u015fullar\u0131 hat\u0131rlat\u0131larak \u201cBu bask\u0131, sindirme ve tehditlere \u015fimdi de en son olarak \u0130dari Hizmet S\u00f6zle\u015fmeli (\u0130HS) ve firma personeli emek\u00e7iler eklenmi\u015f olup, i\u015f feshi de olmak \u00fczere her t\u00fcrl\u00fc cezai uygulama yap\u0131laca\u011f\u0131 ve eksik da\u011f\u0131t\u0131m yapanlar\u0131n isimlerinin Genel M\u00fcd\u00fcrl\u00fc\u011fe bildirilece\u011fini belirtilerek, tehdit edip, keyfi ve hukuksuz uygulamalar yap\u0131lmaya ba\u015flanm\u0131\u015ft\u0131r\u201d denildi.<\/p>\n<p>Alpay Antmen\u2019in \u00f6nergesinde yer alan sorular \u015funlar:<\/p>\n<p>\u2013\u00dclkedeki yo\u011fun kar ya\u011f\u0131\u015f\u0131 sonras\u0131 b\u00fct\u00fcn olanaklar\u0131n kullan\u0131lmas\u0131na ra\u011fmen ula\u015f\u0131mda sorunlar\u0131n ya\u015fand\u0131\u011f\u0131 ortadayken ve yap\u0131lan bu bask\u0131n\u0131n i\u015f bar\u0131\u015f\u0131na ve \u00e7al\u0131\u015fma haklar\u0131na ayk\u0131r\u0131 oldu\u011fu belliyken Bakanl\u0131k olarak neden bu hukuk d\u0131\u015f\u0131 uygulamay\u0131 durdurmuyorsunuz?<\/p>\n<p>&#8211; PTT Genel M\u00fcd\u00fcr\u00fc Hakan G\u00fclten taraf\u0131ndan PTT emek\u00e7ilerinin insan olduklar\u0131n\u0131 unutarak haz\u0131rlanm\u0131\u015f bu talimat\u0131n geri \u00e7ekilmesini sa\u011flayacak m\u0131s\u0131n\u0131z? Yap\u0131lan bu bask\u0131 mobbing de\u011fil midir?<\/p>\n<p>\u2013 Bahsi ge\u00e7en talimat\u0131 gerek\u00e7e g\u00f6stererek i\u015ften \u00e7\u0131kart\u0131lan PTT \u00e7al\u0131\u015fan\u0131 say\u0131s\u0131 ka\u00e7t\u0131r? Bunlar hangi illerdedir? Konuyla ilgili olarak bu \u00e7al\u0131\u015fanlar\u0131n i\u015fe iade edilmesiyle ilgili bir a\u00e7\u0131klama yapmay\u0131 d\u00fc\u015f\u00fcn\u00fcyor musunuz?<\/p>\n","protected":false},"excerpt":{"rendered":"<p>PTT Genel M\u00fcd\u00fcrl\u00fc\u011f\u00fc; PTT \u00e7al\u0131\u015fanlar\u0131n\u0131 yo\u011fun kar ya\u011f\u0131\u015f\u0131 nedeniyle kargo da\u011f\u0131t\u0131mlar\u0131n\u0131n aksamas\u0131 \u00fczerine &#8216;i\u015ften atmakla&#8217; tehdit etti. Yo\u011fun kar ya\u011f\u0131\u015f\u0131 \u00fclkenin bir\u00e7ok yerinde ciddi aksamalar ve ula\u015f\u0131m sorunlar\u0131 ya\u015fat\u0131rken PTT &hellip; <a href=\"https:\/\/akdenizolaygazetesi.com\/?p=16328\" class=\"more-link\">Devam\u0131n\u0131 Oku&#8230;<\/a><\/p>\n","protected":false},"author":2,"featured_media":16329,"comment_status":"open","ping_status":"open","sticky":false,"template":"","format":"standard","meta":[],"categories":[8,1,3,5],"tags":[],"_links":{"self":[{"href":"https:\/\/akdenizolaygazetesi.com\/index.php?rest_route=\/wp\/v2\/posts\/16328"}],"collection":[{"href":"https:\/\/akdenizolaygazetesi.com\/index.php?rest_route=\/wp\/v2\/posts"}],"about":[{"href":"https:\/\/akdenizolaygazetesi.com\/index.php?rest_route=\/wp\/v2\/types\/post"}],"author":[{"embeddable":true,"href":"https:\/\/akdenizolaygazetesi.com\/index.php?rest_route=\/wp\/v2\/users\/2"}],"replies":[{"embeddable":true,"href":"https:\/\/akdenizolaygazetesi.com\/index.php?rest_route=%2Fwp%2Fv2%2Fcomments&post=16328"}],"version-history":[{"count":1,"href":"https:\/\/akdenizolaygazetesi.com\/index.php?rest_route=\/wp\/v2\/posts\/16328\/revisions"}],"predecessor-version":[{"id":16330,"href":"https:\/\/akdenizolaygazetesi.com\/index.php?rest_route=\/wp\/v2\/posts\/16328\/revisions\/16330"}],"wp:featuredmedia":[{"embeddable":true,"href":"https:\/\/akdenizolaygazetesi.com\/index.php?rest_route=\/wp\/v2\/media\/16329"}],"wp:attachment":[{"href":"https:\/\/akdenizolaygazetesi.com\/index.php?rest_route=%2Fwp%2Fv2%2Fmedia&parent=16328"}],"wp:term":[{"taxonomy":"category","embeddable":true,"href":"https:\/\/akdenizolaygazetesi.com\/index.php?rest_route=%2Fwp%2Fv2%2Fcategories&post=16328"},{"taxonomy":"post_tag","embeddable":true,"href":"https:\/\/akdenizolaygazetesi.com\/index.php?rest_route=%2Fwp%2Fv2%2Ftags&post=16328"}],"curies":[{"name":"wp","href":"https:\/\/api.w.org\/{rel}","templated":true}]}}