{"id":1633,"date":"2020-11-04T18:22:11","date_gmt":"2020-11-04T15:22:11","guid":{"rendered":"http:\/\/mersinekonomipolitikagazetesi.com\/?p=1633"},"modified":"2020-11-04T18:22:11","modified_gmt":"2020-11-04T15:22:11","slug":"toruna-tacize-40-yil-hapis","status":"publish","type":"post","link":"https:\/\/akdenizolaygazetesi.com\/?p=1633","title":{"rendered":"Toruna tacize 40 y\u0131l hapis"},"content":{"rendered":"<p>Mersin&#8217;de 5 ya\u015f\u0131ndaki torununa cinsel tacizde bulundu\u011fu iddias\u0131yla yarg\u0131lanan \u015fah\u0131s 40 y\u0131l 6 ay hapis cezas\u0131 verildi.<\/p>\n<p><span style=\"font-size:16px;\"><span style=\"font-family: sans-serif; line-height: 20px; text-align: justify; background-color: rgb(242, 244, 245);\">Mersin&#8217;in Mut il\u00e7esinde dedenin, 5 ya\u015f\u0131ndaki torunu A.S.&#8217;ye cinsel istismarda bulundu\u011fu iddias\u0131yla a\u00e7\u0131lan dava sona erdi. Silifke 2. A\u011f\u0131r Ceza Mahkemesinde g\u00f6r\u00fclen davan\u0131n d\u00fcnk\u00fc karar duru\u015fmas\u0131nda mahkeme heyeti, &#8216;nitelikli cinsel istismar&#8217; ile su\u00e7lanan dede M.S.&#8217;yi 40 y\u0131l 6 ay hapis cezas\u0131na mahkum etti. Ancak TCK&#8217;n\u0131n ilgili maddesi gere\u011fi su\u00e7un cezas\u0131 30 y\u0131l\u0131 ge\u00e7emeyece\u011finden, bu su\u00e7tan 30 y\u0131l hapis cezas\u0131n\u0131n yan\u0131nda san\u0131\u011fa, m\u00fcstehcenlik ve sa\u011fl\u0131\u011fa zararl\u0131 madde temini su\u00e7undan 2.5 y\u0131l hapis cezas\u0131 ve bin 800 TL para cezas\u0131 verildi.\u00a0<\/span><br style=\"box-sizing: border-box; font-family: sans-serif; font-size: 14px; line-height: 20px; text-align: justify; background-color: rgb(242, 244, 245);\" \/><br \/>\n<span style=\"font-family: sans-serif; line-height: 20px; text-align: justify; background-color: rgb(242, 244, 245);\">Dava s\u00fcresince san\u0131k su\u00e7lamalar\u0131 kabul etmezken, ma\u011fdur k\u0131z\u0131n avukat\u0131 \u015eerife Ar\u0131c\u0131 Y\u0131ld\u0131z kararla ilgili yapt\u0131\u011f\u0131 de\u011ferlendirmede, &#8220;Karar\u0131n eyleme uygun \u015fekilde en \u00fcst hadden ceza \u015feklinde verilmesi bizi ve kamu vicdan\u0131n\u0131 bir nebze olsun teselli etmi\u015ftir. Davay\u0131 Aile Sosyal Politikalar Bakanl\u0131\u011f\u0131 ile birlikte takip ettik. Mersin Barosu ise kat\u0131lma talebi kabul edilmedi\u011finden g\u00f6zlemci olarak yer ald\u0131. Toplumda yayg\u0131n hale gelen cinsel istismar su\u00e7u ile m\u00fccadele i\u00e7in davalar\u0131n kamusal takibi \u00f6nemlidir. \u00c7ocuk istismar\u0131 ile ilgili m\u00fccadelemiz devam edecek&#8221; dedi.\u00a0<\/span><br style=\"box-sizing: border-box; font-family: sans-serif; font-size: 14px; line-height: 20px; text-align: justify; background-color: rgb(242, 244, 245);\" \/><br \/>\n<span style=\"font-family: sans-serif; line-height: 20px; text-align: justify; background-color: rgb(242, 244, 245);\">\u0130stismara u\u011frad\u0131\u011f\u0131 ileri s\u00fcr\u00fclen A.S.&#8217;nin annesi \u015eenay S. ise ba\u015f\u0131ndan bu yana adalete g\u00fcvendi\u011fini belirterek, &#8220;Adalet tecelli etti. Verilen ceza hem bizlerin hem de kamunun vicdan\u0131n\u0131 bir nebze de olsa rahatlatt\u0131&#8221; diye konu\u015ftu.\u00a0<\/span><\/span><\/p>\n","protected":false},"excerpt":{"rendered":"<p>Mersin&#8217;de 5 ya\u015f\u0131ndaki torununa cinsel tacizde bulundu\u011fu iddias\u0131yla yarg\u0131lanan \u015fah\u0131s 40 y\u0131l 6 ay hapis cezas\u0131 verildi. Mersin&#8217;in Mut il\u00e7esinde dedenin, 5 ya\u015f\u0131ndaki torunu A.S.&#8217;ye cinsel istismarda bulundu\u011fu iddias\u0131yla a\u00e7\u0131lan &hellip; <a href=\"https:\/\/akdenizolaygazetesi.com\/?p=1633\" class=\"more-link\">Devam\u0131n\u0131 Oku&#8230;<\/a><\/p>\n","protected":false},"author":1,"featured_media":0,"comment_status":"open","ping_status":"open","sticky":false,"template":"","format":"standard","meta":[],"categories":[],"tags":[],"_links":{"self":[{"href":"https:\/\/akdenizolaygazetesi.com\/index.php?rest_route=\/wp\/v2\/posts\/1633"}],"collection":[{"href":"https:\/\/akdenizolaygazetesi.com\/index.php?rest_route=\/wp\/v2\/posts"}],"about":[{"href":"https:\/\/akdenizolaygazetesi.com\/index.php?rest_route=\/wp\/v2\/types\/post"}],"author":[{"embeddable":true,"href":"https:\/\/akdenizolaygazetesi.com\/index.php?rest_route=\/wp\/v2\/users\/1"}],"replies":[{"embeddable":true,"href":"https:\/\/akdenizolaygazetesi.com\/index.php?rest_route=%2Fwp%2Fv2%2Fcomments&post=1633"}],"version-history":[{"count":0,"href":"https:\/\/akdenizolaygazetesi.com\/index.php?rest_route=\/wp\/v2\/posts\/1633\/revisions"}],"wp:attachment":[{"href":"https:\/\/akdenizolaygazetesi.com\/index.php?rest_route=%2Fwp%2Fv2%2Fmedia&parent=1633"}],"wp:term":[{"taxonomy":"category","embeddable":true,"href":"https:\/\/akdenizolaygazetesi.com\/index.php?rest_route=%2Fwp%2Fv2%2Fcategories&post=1633"},{"taxonomy":"post_tag","embeddable":true,"href":"https:\/\/akdenizolaygazetesi.com\/index.php?rest_route=%2Fwp%2Fv2%2Ftags&post=1633"}],"curies":[{"name":"wp","href":"https:\/\/api.w.org\/{rel}","templated":true}]}}